{"id":21695,"date":"2023-11-24T00:11:25","date_gmt":"2023-11-24T00:11:25","guid":{"rendered":"https:\/\/blogs.hoy.es\/cumpleanoshoy\/?p=21695"},"modified":"2023-11-23T18:00:54","modified_gmt":"2023-11-23T18:00:54","slug":"tal-dia-como-hoy-24-de-noviembre-11","status":"publish","type":"post","link":"https:\/\/blogs.hoy.es\/cumpleanoshoy\/2023\/11\/24\/tal-dia-como-hoy-24-de-noviembre-11\/","title":{"rendered":"Tal d\u00eda como HOY, 24 de noviembre"},"content":{"rendered":"<p><strong>Hoy cumple a\u00f1os:<\/strong><\/p>\n<p><strong>Alejandro Talavante<\/strong>, torero, 24 de noviembre de 1987: 36 a\u00f1os<\/p>\n<p>&nbsp;<\/p>\n<p><strong>Fue noticia (hace 25, 50 y 75 a\u00f1os)<\/strong>:<\/p>\n<p><img loading=\"lazy\" class=\"aligncenter size-medium wp-image-21698\" src=\"https:\/\/static-blogs.hoy.es\/wp-content\/uploads\/sites\/19\/2023\/11\/01199811245BAD_page-0001-205x300.jpg\" alt=\"\" width=\"205\" height=\"300\" srcset=\"https:\/\/static-blogs.hoy.es\/wp-content\/uploads\/sites\/19\/2023\/11\/01199811245BAD_page-0001-205x300.jpg 205w, https:\/\/static-blogs.hoy.es\/wp-content\/uploads\/sites\/19\/2023\/11\/01199811245BAD_page-0001-768x1121.jpg 768w, https:\/\/static-blogs.hoy.es\/wp-content\/uploads\/sites\/19\/2023\/11\/01199811245BAD_page-0001-701x1024.jpg 701w, https:\/\/static-blogs.hoy.es\/wp-content\/uploads\/sites\/19\/2023\/11\/01199811245BAD_page-0001.jpg 941w\" sizes=\"(max-width: 205px) 100vw, 205px\" \/><img loading=\"lazy\" class=\"aligncenter size-medium wp-image-21697\" src=\"https:\/\/static-blogs.hoy.es\/wp-content\/uploads\/sites\/19\/2023\/11\/01197311245BAD-1_page-0001-194x300.jpg\" alt=\"\" width=\"194\" height=\"300\" srcset=\"https:\/\/static-blogs.hoy.es\/wp-content\/uploads\/sites\/19\/2023\/11\/01197311245BAD-1_page-0001-194x300.jpg 194w, https:\/\/static-blogs.hoy.es\/wp-content\/uploads\/sites\/19\/2023\/11\/01197311245BAD-1_page-0001-768x1188.jpg 768w, https:\/\/static-blogs.hoy.es\/wp-content\/uploads\/sites\/19\/2023\/11\/01197311245BAD-1_page-0001-662x1024.jpg 662w, https:\/\/static-blogs.hoy.es\/wp-content\/uploads\/sites\/19\/2023\/11\/01197311245BAD-1_page-0001.jpg 888w\" sizes=\"(max-width: 194px) 100vw, 194px\" \/><img loading=\"lazy\" class=\"aligncenter size-medium wp-image-21696\" src=\"https:\/\/static-blogs.hoy.es\/wp-content\/uploads\/sites\/19\/2023\/11\/01194811245BAD_page-0001-207x300.jpg\" alt=\"\" width=\"207\" height=\"300\" srcset=\"https:\/\/static-blogs.hoy.es\/wp-content\/uploads\/sites\/19\/2023\/11\/01194811245BAD_page-0001-207x300.jpg 207w, https:\/\/static-blogs.hoy.es\/wp-content\/uploads\/sites\/19\/2023\/11\/01194811245BAD_page-0001-768x1112.jpg 768w, https:\/\/static-blogs.hoy.es\/wp-content\/uploads\/sites\/19\/2023\/11\/01194811245BAD_page-0001-707x1024.jpg 707w, https:\/\/static-blogs.hoy.es\/wp-content\/uploads\/sites\/19\/2023\/11\/01194811245BAD_page-0001.jpg 949w\" sizes=\"(max-width: 207px) 100vw, 207px\" \/><\/p>\n<p>&nbsp;<\/p>\n<p><strong>Las efem\u00e9rides del d\u00eda:<\/strong><\/p>\n<p>1700.- Proclamaci\u00f3n de Felipe V de Anjou como rey de Espa\u00f1a, con quien comienza a reinar los Borbones.<\/p>\n<p>1852.- Llega a Jap\u00f3n una escuadra estadounidense, con lo que se inicia la apertura nipona al mundo occidental, tres siglos despu\u00e9s de los primeros contactos con exploradores y misioneros espa\u00f1oles y portugueses.<\/p>\n<p>1870.- La Real Academia Espa\u00f1ola autoriza el establecimiento de otras academias correspondientes en pa\u00edses de habla espa\u00f1ola.<\/p>\n<p>1939.- Fundaci\u00f3n del Consejo Superior de Investigaciones Cient\u00edficas, en Madrid.<\/p>\n<p>1949.- Se promulga en Gran Breta\u00f1a el \u201cActa del hierro y el acero\u201d, por la que se nacionaliza la industria sider\u00fargica.<\/p>\n<p>1960.- El l\u00edder congole\u00f1o Patrice Lumumba se evade de prisi\u00f3n.<\/p>\n<p>1963.- Lee Harvey Oswald, asesino del presidente estadounidense John F. Kennedy, es asesinado a tiros por Jack Ruby cuando iba custodiado por la polic\u00eda.<\/p>\n<p>1969.- Regresa a la Tierra el Apolo XII, tripulado por los comandantes Conrad, Bean y Gordon, tras haber pisado los dos primeros la superficie lunar. Es la segunda vez que astronautas de EEUU llegan a la Luna.<\/p>\n<p>\u2013 EE.UU. y la URSS firman el Tratado de No Proliferaci\u00f3n de Armas Nucleares.<\/p>\n<p>1985.- Mueren 60 personas y 26 resultan heridas en el asalto de un comando egipcio al Boeing 737 secuestrado el d\u00eda anterior y desviado al aeropuerto de La Valetta (Malta).<\/p>\n<p>1989.- El Comit\u00e9 Central del Partido Comunista Italiano aprueba el plan de Achille Occhetto para la refundaci\u00f3n del partido.<\/p>\n<p>1994.- Isaac Rabin y Yaser Arafat reciben el Premio Pr\u00edncipe de Asturias de Cooperaci\u00f3n Internacional.<\/p>\n<p>1998.- El cineasta Montxo Armend\u00e1riz, director de \u201cSecretos del coraz\u00f3n\u201d, es galardonado con el Premio Nacional de Cinematograf\u00eda.<\/p>\n<p>2003.- Muere en Barcelona Copito de Nieve, \u00fanico gorila blanco en el mundo.<\/p>\n<p>2005.- Caballero Bonald gana el Premio Nacional de las Letras Espa\u00f1olas.<\/p>\n<p>2006.- El socialista Jos\u00e9 Montilla es investido presidente de la Generalitat de Catalunya.<\/p>\n<p>2008.- El escritor Juan Goytisolo es galardonado con el Premio Nacional de las Letras.<\/p>\n<p>2010.- El primer ministro irland\u00e9s, Brian Cowen, presenta un plan de ajuste cuatrienal, con recortes de 3.000 millones de euros en prestaciones sociales, el despido de 24.750 funcionarios y subida generalizada de impuestos.<\/p>\n<p>\u2013 La escritora espa\u00f1ola Ana Mar\u00eda Matute es galardonada con el Premio Cervantes.<\/p>\n<p>2012.- Unas 20.000 personas protestan en Dubl\u00edn contra la pol\u00edtica de austeridad del Gobierno irland\u00e9s.<\/p>\n<p>2016.- I\u00f1igo Urkullu, reelegido presidente del Gobierno Vasco, con los votos del PNV y del PSE-EE.<\/p>\n<p>&nbsp;<\/p>\n<p><strong>El\u00a024 de noviembre\u00a0nacieron:<\/strong><\/p>\n<p>1713.- Jun\u00edpero Serra, misionero franciscano espa\u00f1ol.<\/p>\n<p>1794.- Juan Cruz Varela, poeta y pol\u00edtico argentino.<\/p>\n<p>1893.- Marcos Redondo, bar\u00edtono espa\u00f1ol.<\/p>\n<p>1906.- Libertad Lamarque, actriz y cantante argentina.<\/p>\n<p>1927.- Alfredo Kraus, tenor espa\u00f1ol.<\/p>\n<p>1928.- Joaqu\u00edn Abril Martorell, pol\u00edtico espa\u00f1ol.<\/p>\n<p>1932.- Jos\u00e9 Lu\u00eds Mart\u00edn Berrocal, empresario taurino y promotor de boxeo espa\u00f1ol.<\/p>\n<p>1934.- Claudio Prieto, compositor espa\u00f1ol.<\/p>\n<p>1936.- Gerardo Malla, actor y director espa\u00f1ol de teatro.<\/p>\n<p>1938.- Fernando Fern\u00e1ndez-Tapias empresario espa\u00f1ol.<\/p>\n<p>1943.- Juan Alsina Torrente, ingeniero y pol\u00edtico espa\u00f1ol.<\/p>\n<p>1951.- Arturo P\u00e9rez-Reverte, escritor y periodista espa\u00f1ol.<\/p>\n<p>1954.- Emir Kusturica, director de cine bosnio.<\/p>\n<p>1970.- Julieta Venegas, cantante y compositora mexicana.<\/p>\n<p>1987.- Alejandro Talavante, matador de toros.<\/p>\n<p>&nbsp;<\/p>\n<p><strong>El 24 de noviembre murieron:<\/strong><\/p>\n<p>1929.- Georges Benjamin Clemenceau, estadista franc\u00e9s.<\/p>\n<p>1957.- Diego Rivera, pintor muralista mexicano.<\/p>\n<p>2006.- Robert McFerrin, bar\u00edtono norteamericano.<\/p>\n<p>1991.- Freddie Mercury, cantante y compositor brit\u00e1nico.<\/p>\n<p>2012.- Ignacio Fern\u00e1ndez, \u201cTony Leblanc\u201d, actor espa\u00f1ol.<\/p>\n<p>2016.- Fernando Macarro, Marcos Ana, poeta espa\u00f1ol.<\/p>\n<!-- AddThis Advanced Settings generic via filter on the_content --><!-- AddThis Share Buttons generic via filter on the_content -->","protected":false},"excerpt":{"rendered":"<p>Hoy cumple a\u00f1os: Alejandro Talavante, torero, 24 de noviembre de 1987: 36 a\u00f1os &nbsp; Fue noticia (hace 25, 50 y 75 a\u00f1os): &nbsp; Las efem\u00e9rides del d\u00eda: 1700.- Proclamaci\u00f3n de Felipe V de Anjou como rey de Espa\u00f1a, con quien comienza a reinar los Borbones. 1852.- Llega a Jap\u00f3n una escuadra estadounidense, con lo que [&hellip;]<!-- AddThis Advanced Settings generic via filter on get_the_excerpt --><!-- AddThis Share Buttons generic via filter on get_the_excerpt --><\/p>\n","protected":false},"author":24883,"featured_media":0,"comment_status":"open","ping_status":"closed","sticky":false,"template":"","format":"standard","meta":[],"categories":[1],"tags":[],"_links":{"self":[{"href":"https:\/\/blogs.hoy.es\/cumpleanoshoy\/wp-json\/wp\/v2\/posts\/21695"}],"collection":[{"href":"https:\/\/blogs.hoy.es\/cumpleanoshoy\/wp-json\/wp\/v2\/posts"}],"about":[{"href":"https:\/\/blogs.hoy.es\/cumpleanoshoy\/wp-json\/wp\/v2\/types\/post"}],"author":[{"embeddable":true,"href":"https:\/\/blogs.hoy.es\/cumpleanoshoy\/wp-json\/wp\/v2\/users\/24883"}],"replies":[{"embeddable":true,"href":"https:\/\/blogs.hoy.es\/cumpleanoshoy\/wp-json\/wp\/v2\/comments?post=21695"}],"version-history":[{"count":1,"href":"https:\/\/blogs.hoy.es\/cumpleanoshoy\/wp-json\/wp\/v2\/posts\/21695\/revisions"}],"predecessor-version":[{"id":21699,"href":"https:\/\/blogs.hoy.es\/cumpleanoshoy\/wp-json\/wp\/v2\/posts\/21695\/revisions\/21699"}],"wp:attachment":[{"href":"https:\/\/blogs.hoy.es\/cumpleanoshoy\/wp-json\/wp\/v2\/media?parent=21695"}],"wp:term":[{"taxonomy":"category","embeddable":true,"href":"https:\/\/blogs.hoy.es\/cumpleanoshoy\/wp-json\/wp\/v2\/categories?post=21695"},{"taxonomy":"post_tag","embeddable":true,"href":"https:\/\/blogs.hoy.es\/cumpleanoshoy\/wp-json\/wp\/v2\/tags?post=21695"}],"curies":[{"name":"wp","href":"https:\/\/api.w.org\/{rel}","templated":true}]}}