{"id":21700,"date":"2023-11-24T17:05:59","date_gmt":"2023-11-24T17:05:59","guid":{"rendered":"https:\/\/blogs.hoy.es\/cumpleanoshoy\/?p=21700"},"modified":"2023-11-24T17:05:59","modified_gmt":"2023-11-24T17:05:59","slug":"tal-dia-como-hoy-25-de-noviembre-12","status":"publish","type":"post","link":"https:\/\/blogs.hoy.es\/cumpleanoshoy\/2023\/11\/24\/tal-dia-como-hoy-25-de-noviembre-12\/","title":{"rendered":"Tal d\u00eda como HOY 25 de noviembre"},"content":{"rendered":"<p><strong>Hoy cumple a\u00f1os:<\/strong><\/p>\n<p><strong>Arturo P\u00e9rez-Reverte<\/strong>, escritor y periodista, 25 de noviembre de 1951: 72 a\u00f1os.<\/p>\n<p><strong>Fue noticia:\u00a0<\/strong><\/p>\n<p style=\"text-align: center;\">Hace 25 a\u00f1os:<\/p>\n<p><img loading=\"lazy\" class=\"aligncenter size-medium wp-image-21701\" src=\"https:\/\/static-blogs.hoy.es\/wp-content\/uploads\/sites\/19\/2023\/11\/25_page-0001-4-203x300.jpg\" alt=\"\" width=\"203\" height=\"300\" srcset=\"https:\/\/static-blogs.hoy.es\/wp-content\/uploads\/sites\/19\/2023\/11\/25_page-0001-4-203x300.jpg 203w, https:\/\/static-blogs.hoy.es\/wp-content\/uploads\/sites\/19\/2023\/11\/25_page-0001-4-768x1132.jpg 768w, https:\/\/static-blogs.hoy.es\/wp-content\/uploads\/sites\/19\/2023\/11\/25_page-0001-4-695x1024.jpg 695w, https:\/\/static-blogs.hoy.es\/wp-content\/uploads\/sites\/19\/2023\/11\/25_page-0001-4.jpg 932w\" sizes=\"(max-width: 203px) 100vw, 203px\" \/><\/p>\n<p style=\"text-align: center;\">Hace 50 a\u00f1os:<img loading=\"lazy\" class=\"aligncenter size-medium wp-image-21702\" src=\"https:\/\/static-blogs.hoy.es\/wp-content\/uploads\/sites\/19\/2023\/11\/50_page-0001-5-194x300.jpg\" alt=\"\" width=\"194\" height=\"300\" srcset=\"https:\/\/static-blogs.hoy.es\/wp-content\/uploads\/sites\/19\/2023\/11\/50_page-0001-5-194x300.jpg 194w, https:\/\/static-blogs.hoy.es\/wp-content\/uploads\/sites\/19\/2023\/11\/50_page-0001-5-768x1190.jpg 768w, https:\/\/static-blogs.hoy.es\/wp-content\/uploads\/sites\/19\/2023\/11\/50_page-0001-5-661x1024.jpg 661w, https:\/\/static-blogs.hoy.es\/wp-content\/uploads\/sites\/19\/2023\/11\/50_page-0001-5.jpg 887w\" sizes=\"(max-width: 194px) 100vw, 194px\" \/><\/p>\n<p style=\"text-align: center;\">Hace 75 a\u00f1os:<img loading=\"lazy\" class=\"aligncenter size-medium wp-image-21703\" src=\"https:\/\/static-blogs.hoy.es\/wp-content\/uploads\/sites\/19\/2023\/11\/75_page-0001-6-207x300.jpg\" alt=\"\" width=\"207\" height=\"300\" srcset=\"https:\/\/static-blogs.hoy.es\/wp-content\/uploads\/sites\/19\/2023\/11\/75_page-0001-6-207x300.jpg 207w, https:\/\/static-blogs.hoy.es\/wp-content\/uploads\/sites\/19\/2023\/11\/75_page-0001-6-768x1112.jpg 768w, https:\/\/static-blogs.hoy.es\/wp-content\/uploads\/sites\/19\/2023\/11\/75_page-0001-6-707x1024.jpg 707w, https:\/\/static-blogs.hoy.es\/wp-content\/uploads\/sites\/19\/2023\/11\/75_page-0001-6.jpg 949w\" sizes=\"(max-width: 207px) 100vw, 207px\" \/><\/p>\n<p><strong>Las efem\u00e9rides del d\u00eda:<\/strong><\/p>\n<p>1491.- Acuerdo por el que Boabdil entrega Granada a los Reyes Cat\u00f3licos, \u00faltimo episodio de la Reconquista. La rendici\u00f3n se hizo efectiva el 6 de enero de 1492.<\/p>\n<p>1915.- Albert Einstein presenta la teor\u00eda de la relatividad ante la Academia Prusiana de las Ciencias.<\/p>\n<p>1935.- El rey Jorge II de Grecia, exiliado en 1923, regresa a su pa\u00eds.<\/p>\n<p>1960.- Las hermanas Mirabal mueren asesinadas por el r\u00e9gimen del dictador Rafael Le\u00f3nicas Trujillo en Rep\u00fablica Dominicana. La fecha fue elegida para conmemorar el D\u00eda Internacional de la Eliminaci\u00f3n de la Violencia contra la Mujer.<\/p>\n<p>1965.- El jefe de las Fuerzas Armadas congole\u00f1as, Joseph Mobutu, da un golpe de Estado y se hace cargo del poder pol\u00edtico.<\/p>\n<p>1970.- Yukio Mishima, uno de los grandes escritores de Jap\u00f3n, se suicida haci\u00e9ndose el \u201charakiri\u201d.<\/p>\n<p>1973.- Oficiales del Ej\u00e9rcito griego, mandados por el jefe de la Polic\u00eda Militar, Dimitrios Ioannidis, derrocan el r\u00e9gimen de los coroneles.<\/p>\n<p>1982.- Apertura de las primeras Cortes espa\u00f1olas de mayor\u00eda socialista.<\/p>\n<p>1986.- La UNESCO declara Patrimonio de la Humanidad las ciudades de Toledo y C\u00e1ceres, el conjunto monumental mud\u00e9jar de Teruel y el Parque Natural de Garajonay.<\/p>\n<p>1987.- El presidente de la URSS, Mijail Gorbachov es galardonado con el premio Indira Gandhi de la Paz, en reconocimiento a sus propuestas para el desarme.<\/p>\n<p>1988.- Mar\u00eda Zambrano es galardonada con el premio Cervantes de Literatura y primera mujer que recibe este galard\u00f3n.<\/p>\n<p>1991.- Jap\u00f3n se adelanta al resto del mundo y comienza a emitir la programaci\u00f3n regular de TV en alta definici\u00f3n (HDTV).<\/p>\n<p>1996.- El dramaturgo Antonio Buero Vallejo es galardonado con el Premio Nacional de las Letras Espa\u00f1olas.<\/p>\n<p>1998.- La C\u00e1mara de los Lores rechaza la inmunidad al general chileno Augusto Pinochet por lo que puede ser procesado y extraditado.<\/p>\n<p>1999.- El ni\u00f1o cubano Eli\u00e1n Gonz\u00e1lez es rescatado flotando sobre un neum\u00e1tico, tras naufragar la lancha en que hu\u00edan hacia el estado de Florida, hecho que origin\u00f3 una crisis diplom\u00e1tica EEUU-Cuba.<\/p>\n<p>2002.- EEUU crea el Departamento de Seguridad nacional, un \u201csuperministerio\u201d con la misi\u00f3n de combatir el terrorismo.<\/p>\n<p>2009.- La Infanta Elena y Jaime de Marichalar acuerdan el divorcio de su matrimonio con la firma del correspondiente convenio regulador.<\/p>\n<p>2012.- CiU, formaci\u00f3n nacionalista catalana, gana las elecciones auton\u00f3micas en Catalu\u00f1a, aunque lejos de la mayor\u00eda absoluta.<\/p>\n<p>2017.- Miles de personas marchan en Espa\u00f1a en la mayor manifestaci\u00f3n contra la violencia machista y para reivindicar la protecci\u00f3n judicial de la mujer.<\/p>\n<p>.- Leo Messi firma su nuevo contrato con el Bar\u00e7a hasta junio de 2021, con una cl\u00e1usula de rescisi\u00f3n de 700 millones de euros.<\/p>\n<p>2019.- Aplastante triunfo del bloque prodem\u00f3crata en las elecciones locales de Hong Kong, tras las protestas de los \u00faltimos meses en esta ciudad china bajo administraci\u00f3n especial.<\/p>\n<p><strong>El\u00a025 de noviembre\u00a0nacieron:<\/strong><\/p>\n<p>1562.- F\u00e9lix Lope de Vega, dramaturgo y poeta espa\u00f1ol.<\/p>\n<p>1845.- Jos\u00e9 Mar\u00eda d\u2019Eca de Queiroz, novelista portugu\u00e9s.<\/p>\n<p>1881.- Angelo Giuseppe Roncalli, Papa Juan XXIII.<\/p>\n<p>1914.- Joe Dimaggio, jugador de Beisbol norteamericano, se cas\u00f3 con Marilyn Monroe.<\/p>\n<p>1915.- Augusto Pinochet, expresidente de Chile.<\/p>\n<p>1925.- Mar\u00eda Asquerino, actriz espa\u00f1ola.<\/p>\n<p>1951.- Arturo P\u00e9rez-Reverte, escritor y periodista espa\u00f1ol.<\/p>\n<p>1952.- Ignacio Fern\u00e1ndez Toxo, sindicalista espa\u00f1ol.<\/p>\n<p>1953.- Manuel Hidalgo, periodista y escritor espa\u00f1ol.<\/p>\n<p>1955.- \u201cRamonc\u00edn\u201d (Jos\u00e9 Ram\u00f3n Martinez), cantante espa\u00f1ol.<\/p>\n<p>1960.- John F. Kennedy jr, abogado, hijo del asesinado presidente de EEUU.<\/p>\n<p>1981.- Xabi Alonso, futbolista espa\u00f1ol.<\/p>\n<p><strong>El 25 de noviembre murieron:<\/strong><\/p>\n<p>1560.- Andrea Doria, almirante y estadista genov\u00e9s.<\/p>\n<p>1885.- Alfonso XII, rey de Espa\u00f1a.<\/p>\n<p>1894.- Francisco Serrano, militar y estadista espa\u00f1ol.<\/p>\n<p>1903.- Sabino Arana, fundador el Partido Nacionalista Vasco.<\/p>\n<p>1958.- Victor de la Serna y Espina, escritor y periodista espa\u00f1ol.<\/p>\n<p>2005.- George Best, ex futbolista norirland\u00e9s.<\/p>\n<p>2016.- Fidel Castro, l\u00edder de la Revoluci\u00f3n y ex presidente de Cuba.<\/p>\n<p>2017.- Julio Cabrales, poeta nicarag\u00fcense.<\/p>\n<!-- AddThis Advanced Settings generic via filter on the_content --><!-- AddThis Share Buttons generic via filter on the_content -->","protected":false},"excerpt":{"rendered":"<p>Hoy cumple a\u00f1os: Arturo P\u00e9rez-Reverte, escritor y periodista, 25 de noviembre de 1951: 72 a\u00f1os. Fue noticia:\u00a0 Hace 25 a\u00f1os: Hace 50 a\u00f1os: Hace 75 a\u00f1os: Las efem\u00e9rides del d\u00eda: 1491.- Acuerdo por el que Boabdil entrega Granada a los Reyes Cat\u00f3licos, \u00faltimo episodio de la Reconquista. La rendici\u00f3n se hizo efectiva el 6 de [&hellip;]<!-- AddThis Advanced Settings generic via filter on get_the_excerpt --><!-- AddThis Share Buttons generic via filter on get_the_excerpt --><\/p>\n","protected":false},"author":24883,"featured_media":0,"comment_status":"open","ping_status":"closed","sticky":false,"template":"","format":"standard","meta":[],"categories":[1],"tags":[],"_links":{"self":[{"href":"https:\/\/blogs.hoy.es\/cumpleanoshoy\/wp-json\/wp\/v2\/posts\/21700"}],"collection":[{"href":"https:\/\/blogs.hoy.es\/cumpleanoshoy\/wp-json\/wp\/v2\/posts"}],"about":[{"href":"https:\/\/blogs.hoy.es\/cumpleanoshoy\/wp-json\/wp\/v2\/types\/post"}],"author":[{"embeddable":true,"href":"https:\/\/blogs.hoy.es\/cumpleanoshoy\/wp-json\/wp\/v2\/users\/24883"}],"replies":[{"embeddable":true,"href":"https:\/\/blogs.hoy.es\/cumpleanoshoy\/wp-json\/wp\/v2\/comments?post=21700"}],"version-history":[{"count":1,"href":"https:\/\/blogs.hoy.es\/cumpleanoshoy\/wp-json\/wp\/v2\/posts\/21700\/revisions"}],"predecessor-version":[{"id":21704,"href":"https:\/\/blogs.hoy.es\/cumpleanoshoy\/wp-json\/wp\/v2\/posts\/21700\/revisions\/21704"}],"wp:attachment":[{"href":"https:\/\/blogs.hoy.es\/cumpleanoshoy\/wp-json\/wp\/v2\/media?parent=21700"}],"wp:term":[{"taxonomy":"category","embeddable":true,"href":"https:\/\/blogs.hoy.es\/cumpleanoshoy\/wp-json\/wp\/v2\/categories?post=21700"},{"taxonomy":"post_tag","embeddable":true,"href":"https:\/\/blogs.hoy.es\/cumpleanoshoy\/wp-json\/wp\/v2\/tags?post=21700"}],"curies":[{"name":"wp","href":"https:\/\/api.w.org\/{rel}","templated":true}]}}