{"id":21709,"date":"2023-11-26T17:33:51","date_gmt":"2023-11-26T17:33:51","guid":{"rendered":"https:\/\/blogs.hoy.es\/cumpleanoshoy\/?p=21709"},"modified":"2023-11-26T17:33:51","modified_gmt":"2023-11-26T17:33:51","slug":"tal-dia-como-hoy-27-de-noviembre-12","status":"publish","type":"post","link":"https:\/\/blogs.hoy.es\/cumpleanoshoy\/2023\/11\/26\/tal-dia-como-hoy-27-de-noviembre-12\/","title":{"rendered":"Tal d\u00eda como HOY, 27 de noviembre"},"content":{"rendered":"<p><strong>Hoy cumple a\u00f1os:<\/strong><\/p>\n<p><strong>Miguel \u00c1ngel Perera<\/strong>, torero, 27 de noviembre de 1983: 40 a\u00f1os<\/p>\n<p>&nbsp;<\/p>\n<p><strong>Fue noticia<\/strong>:<\/p>\n<p style=\"text-align: center;\">Hace 25 a\u00f1os:<\/p>\n<p><img loading=\"lazy\" class=\"aligncenter size-medium wp-image-21710\" src=\"https:\/\/static-blogs.hoy.es\/wp-content\/uploads\/sites\/19\/2023\/11\/25_page-0001-5-205x300.jpg\" alt=\"\" width=\"205\" height=\"300\" srcset=\"https:\/\/static-blogs.hoy.es\/wp-content\/uploads\/sites\/19\/2023\/11\/25_page-0001-5-205x300.jpg 205w, https:\/\/static-blogs.hoy.es\/wp-content\/uploads\/sites\/19\/2023\/11\/25_page-0001-5-768x1125.jpg 768w, https:\/\/static-blogs.hoy.es\/wp-content\/uploads\/sites\/19\/2023\/11\/25_page-0001-5-699x1024.jpg 699w, https:\/\/static-blogs.hoy.es\/wp-content\/uploads\/sites\/19\/2023\/11\/25_page-0001-5.jpg 938w\" sizes=\"(max-width: 205px) 100vw, 205px\" \/><\/p>\n<p style=\"text-align: center;\">Hace 50 a\u00f1os:<img loading=\"lazy\" class=\"aligncenter size-medium wp-image-21711\" src=\"https:\/\/static-blogs.hoy.es\/wp-content\/uploads\/sites\/19\/2023\/11\/50_page-0001-6-194x300.jpg\" alt=\"\" width=\"194\" height=\"300\" srcset=\"https:\/\/static-blogs.hoy.es\/wp-content\/uploads\/sites\/19\/2023\/11\/50_page-0001-6-194x300.jpg 194w, https:\/\/static-blogs.hoy.es\/wp-content\/uploads\/sites\/19\/2023\/11\/50_page-0001-6-768x1188.jpg 768w, https:\/\/static-blogs.hoy.es\/wp-content\/uploads\/sites\/19\/2023\/11\/50_page-0001-6-662x1024.jpg 662w, https:\/\/static-blogs.hoy.es\/wp-content\/uploads\/sites\/19\/2023\/11\/50_page-0001-6.jpg 888w\" sizes=\"(max-width: 194px) 100vw, 194px\" \/><\/p>\n<p style=\"text-align: center;\">Hace 75 a\u00f1os:<img loading=\"lazy\" class=\"aligncenter size-medium wp-image-21712\" src=\"https:\/\/static-blogs.hoy.es\/wp-content\/uploads\/sites\/19\/2023\/11\/75_page-0001-7-207x300.jpg\" alt=\"\" width=\"207\" height=\"300\" srcset=\"https:\/\/static-blogs.hoy.es\/wp-content\/uploads\/sites\/19\/2023\/11\/75_page-0001-7-207x300.jpg 207w, https:\/\/static-blogs.hoy.es\/wp-content\/uploads\/sites\/19\/2023\/11\/75_page-0001-7-768x1112.jpg 768w, https:\/\/static-blogs.hoy.es\/wp-content\/uploads\/sites\/19\/2023\/11\/75_page-0001-7-707x1024.jpg 707w, https:\/\/static-blogs.hoy.es\/wp-content\/uploads\/sites\/19\/2023\/11\/75_page-0001-7.jpg 949w\" sizes=\"(max-width: 207px) 100vw, 207px\" \/><\/p>\n<p>&nbsp;<\/p>\n<p><strong>Las efem\u00e9rides del d\u00eda:<\/strong><\/p>\n<p>1806.- Decreto de Berl\u00edn por el que Napole\u00f3n ordena el bloqueo continental de Gran Breta\u00f1a.<\/p>\n<p>1868.- El emperador de Jap\u00f3n traslada su residencia de la ciudad de Kyoto a Yedo, que tomar\u00eda el nombre de Tokio.<\/p>\n<p>1895.- El cient\u00edfico y millonario sueco Alfredo Nobel instituye en su testamento cinco premios anuales que llevan su nombre.<\/p>\n<p>1912.- Tratado franco-espa\u00f1ol sobre Marruecos, que concede a Espa\u00f1a la zona norte del pa\u00eds.<\/p>\n<p>1931.- Niceto Alcal\u00e1 Zamora es elegido miembro de la Real Academia Espa\u00f1ola de la Lengua.<\/p>\n<p>1970.- Atentado frustrado en Manila contra el papa Pablo VI durante su viaje a Extremo Oriente.<\/p>\n<p>1971.- La nave sovi\u00e9tica Mars 2 se estrella contra la superficie de Marte al fallar la operativa de descenso.<\/p>\n<p>1983.- 181 muertos y once supervivientes al estrellarse en Mejorada del Campo (Madrid) un Boeing 747 de la compa\u00f1\u00eda colombiana Avianca cuando se dispon\u00eda a aterrizar en el aeropuerto de Madrid-Barajas.<\/p>\n<p>1984.- Acuerdo hispano-brit\u00e1nico sobre Gibraltar. Por la Declaraci\u00f3n de Bruselas, firmada por los ministros de Exteriores brit\u00e1nico y espa\u00f1ol, ambos gobiernos establecen un nuevo proceso negociador encaminado a solucionar las diferencias sobre Gibraltar, incluidos los asuntos de soberan\u00eda.<\/p>\n<p>1985.- El cometa Halley se acerca a la Tierra por segunda vez en el siglo XX. La primera fue en 1910.<\/p>\n<p>1990.- El Partido Conservador brit\u00e1nico elige a John Major l\u00edder del partido y primer ministro del Reino Unido en sustituci\u00f3n de Margaret Thatcher.<\/p>\n<p>1992.- Un incendio destruye parte del palacio imperial vien\u00e9s de Hofburg, antigua residencia de la emperatriz Isabel (Sissi).<\/p>\n<p>1994.- Francisco Valera, de 20 a\u00f1os, gana el Campeonato de Espa\u00f1a de Golf y se convierte en el campe\u00f3n m\u00e1s joven de la historia de este trofeo.<\/p>\n<p>1995.- Jefes de Estado y ministros de 27 pa\u00edses (15 de la UE y 12 del Mediterr\u00e1neo) asisten en Barcelona a la I Conferencia Euromediterr\u00e1nea.<\/p>\n<p>1996.- Concluye en Costa Rica la \u201cCumbre del Ozono\u201d, en la que los ministros de Medio Ambiente de los 164 pa\u00edses participantes aprueban medidas obligatorias para proteger la capa de ozono.<\/p>\n<p>1999.- La laborista Helen Clark se convierte en la primera jefa de Gobierno de Nueva Zelanda tras ganar el Partido Liberal las elecciones.<\/p>\n<p>2004.- Artur Mas es elegido presidente CiU y toma el relevo de Jordi Pujol.<\/p>\n<p>2008.- El escritor Juan Mars\u00e9 es galardonado con el Premio Cervantes.<\/p>\n<p>2009.- Mueren 28 personas en un atentado contra el tren Nevski Express que cubr\u00eda el trayecto entre Mosc\u00fa y San Petersburgo.<\/p>\n<p>.- El Organismo Internacional para la Energ\u00eda At\u00f3mica (OIEA) condena a Ir\u00e1n por la opacidad de su programa nuclear.<\/p>\n<p>2012.- Los restos del l\u00edder palestino Yaser Arafat, fallecido en 2004, son exhumados ante la posibilidad de que pudiera haber sido envenenado.<\/p>\n<p>2013.- El exprimer ministro italiano Silvio Berlusconi es expulsado del Senado tras su condena a cuatro a\u00f1os de prisi\u00f3n por fraude fiscal.<\/p>\n<p>&nbsp;<\/p>\n<p><strong>El\u00a027 de noviembre\u00a0nacieron:<\/strong><\/p>\n<p>1865.- Jos\u00e9 Asunci\u00f3n Silva, poeta colombiano.<\/p>\n<p>1898.- Jos\u00e9 Mar\u00eda Gil-Robles, pol\u00edtico conservador espa\u00f1ol.<\/p>\n<p>1900.- Paulino Vicente, pintor espa\u00f1ol.<\/p>\n<p>1921.- Alexander Dubceck, pol\u00edtico checoslovaco.<\/p>\n<p>1930.- Pedro Machado de Castro, m\u00fasico espa\u00f1ol de origen cubano.<\/p>\n<p>1932.- Benigno Aquino, pol\u00edtico filipino.<\/p>\n<p>1942.- Jimmy Hendrix, guitarrista estadounidense de rock.<\/p>\n<p>.- Manolo Blahnik, dise\u00f1ador de moda espa\u00f1ol famoso por su marca de zapatos.<\/p>\n<p>1945.- Felipe Campuzano, pianista y compositor espa\u00f1ol.<\/p>\n<p>1963.- Micky Molina, actor espa\u00f1ol.<\/p>\n<p>&nbsp;<\/p>\n<p><strong>El 27 de noviembre murieron:<\/strong><\/p>\n<p>1811.- Gaspar Melchor de Jovellanos, pol\u00edtico espa\u00f1ol.<\/p>\n<p>1945.- Jos\u00e9 Mar\u00eda Sert, pintor espa\u00f1ol.<\/p>\n<p>1953.- Eugene Gladstone O\u2019Neill, dramaturgo estadounidense, Premio Nobel de Literatura en 1936.<\/p>\n<p>1971.- Francisco Javier S\u00e1nchez Cant\u00f3n, historiador espa\u00f1ol de arte.<\/p>\n<p>1982.- Federico Carlos S\u00e1inz de Robles, escritor espa\u00f1ol.<\/p>\n<p>1983.- Manuel Escorza, escritor peruano.<\/p>\n<p>1989.- Carlos Arias Navarro, pol\u00edtico espa\u00f1ol.<\/p>\n<p>1990.- Teresa Aguado, Mayte, empresaria espa\u00f1ola de hosteler\u00eda.<\/p>\n<p>1998.- Gloria Fuertes, escritora espa\u00f1ola.<\/p>\n<p>2004.- Philippe de Broca, cineasta franc\u00e9s.<\/p>\n<p>2011.- Ken Rusell, cineasta brit\u00e1nico.<\/p>\n<!-- AddThis Advanced Settings generic via filter on the_content --><!-- AddThis Share Buttons generic via filter on the_content -->","protected":false},"excerpt":{"rendered":"<p>Hoy cumple a\u00f1os: Miguel \u00c1ngel Perera, torero, 27 de noviembre de 1983: 40 a\u00f1os &nbsp; Fue noticia: Hace 25 a\u00f1os: Hace 50 a\u00f1os: Hace 75 a\u00f1os: &nbsp; Las efem\u00e9rides del d\u00eda: 1806.- Decreto de Berl\u00edn por el que Napole\u00f3n ordena el bloqueo continental de Gran Breta\u00f1a. 1868.- El emperador de Jap\u00f3n traslada su residencia de [&hellip;]<!-- AddThis Advanced Settings generic via filter on get_the_excerpt --><!-- AddThis Share Buttons generic via filter on get_the_excerpt --><\/p>\n","protected":false},"author":24883,"featured_media":0,"comment_status":"open","ping_status":"closed","sticky":false,"template":"","format":"standard","meta":[],"categories":[1],"tags":[],"_links":{"self":[{"href":"https:\/\/blogs.hoy.es\/cumpleanoshoy\/wp-json\/wp\/v2\/posts\/21709"}],"collection":[{"href":"https:\/\/blogs.hoy.es\/cumpleanoshoy\/wp-json\/wp\/v2\/posts"}],"about":[{"href":"https:\/\/blogs.hoy.es\/cumpleanoshoy\/wp-json\/wp\/v2\/types\/post"}],"author":[{"embeddable":true,"href":"https:\/\/blogs.hoy.es\/cumpleanoshoy\/wp-json\/wp\/v2\/users\/24883"}],"replies":[{"embeddable":true,"href":"https:\/\/blogs.hoy.es\/cumpleanoshoy\/wp-json\/wp\/v2\/comments?post=21709"}],"version-history":[{"count":1,"href":"https:\/\/blogs.hoy.es\/cumpleanoshoy\/wp-json\/wp\/v2\/posts\/21709\/revisions"}],"predecessor-version":[{"id":21713,"href":"https:\/\/blogs.hoy.es\/cumpleanoshoy\/wp-json\/wp\/v2\/posts\/21709\/revisions\/21713"}],"wp:attachment":[{"href":"https:\/\/blogs.hoy.es\/cumpleanoshoy\/wp-json\/wp\/v2\/media?parent=21709"}],"wp:term":[{"taxonomy":"category","embeddable":true,"href":"https:\/\/blogs.hoy.es\/cumpleanoshoy\/wp-json\/wp\/v2\/categories?post=21709"},{"taxonomy":"post_tag","embeddable":true,"href":"https:\/\/blogs.hoy.es\/cumpleanoshoy\/wp-json\/wp\/v2\/tags?post=21709"}],"curies":[{"name":"wp","href":"https:\/\/api.w.org\/{rel}","templated":true}]}}