{"id":21714,"date":"2023-11-27T14:59:08","date_gmt":"2023-11-27T14:59:08","guid":{"rendered":"https:\/\/blogs.hoy.es\/cumpleanoshoy\/?p=21714"},"modified":"2023-11-27T14:59:08","modified_gmt":"2023-11-27T14:59:08","slug":"tal-dia-como-hoy-28-de-noviembre-12","status":"publish","type":"post","link":"https:\/\/blogs.hoy.es\/cumpleanoshoy\/2023\/11\/27\/tal-dia-como-hoy-28-de-noviembre-12\/","title":{"rendered":"Tal d\u00eda como HOY 28 de noviembre"},"content":{"rendered":"<p><strong>Hoy cumple a\u00f1os:<\/strong><\/p>\n<p><strong>Ram\u00f3n Garc\u00eda, \u2018Ramontxu\u2019<\/strong>, presentador de radio y televisi\u00f3n, 28 de noviembre de 1961<\/p>\n<p><strong>Fue noticia:\u00a0<\/strong><\/p>\n<div id=\"attachment_21715\" style=\"width: 215px\" class=\"wp-caption aligncenter\"><img aria-describedby=\"caption-attachment-21715\" loading=\"lazy\" class=\"size-medium wp-image-21715\" src=\"https:\/\/static-blogs.hoy.es\/wp-content\/uploads\/sites\/19\/2023\/11\/25-4-205x300.jpg\" alt=\"\" width=\"205\" height=\"300\" srcset=\"https:\/\/static-blogs.hoy.es\/wp-content\/uploads\/sites\/19\/2023\/11\/25-4-205x300.jpg 205w, https:\/\/static-blogs.hoy.es\/wp-content\/uploads\/sites\/19\/2023\/11\/25-4-768x1126.jpg 768w, https:\/\/static-blogs.hoy.es\/wp-content\/uploads\/sites\/19\/2023\/11\/25-4-698x1024.jpg 698w, https:\/\/static-blogs.hoy.es\/wp-content\/uploads\/sites\/19\/2023\/11\/25-4.jpg 787w\" sizes=\"(max-width: 205px) 100vw, 205px\" \/><p id=\"caption-attachment-21715\" class=\"wp-caption-text\">Hace 25 a\u00f1os<\/p><\/div>\n<div id=\"attachment_21716\" style=\"width: 205px\" class=\"wp-caption aligncenter\"><img aria-describedby=\"caption-attachment-21716\" loading=\"lazy\" class=\"size-medium wp-image-21716\" src=\"https:\/\/static-blogs.hoy.es\/wp-content\/uploads\/sites\/19\/2023\/11\/50-2-195x300.jpg\" alt=\"\" width=\"195\" height=\"300\" srcset=\"https:\/\/static-blogs.hoy.es\/wp-content\/uploads\/sites\/19\/2023\/11\/50-2-195x300.jpg 195w, https:\/\/static-blogs.hoy.es\/wp-content\/uploads\/sites\/19\/2023\/11\/50-2-768x1185.jpg 768w, https:\/\/static-blogs.hoy.es\/wp-content\/uploads\/sites\/19\/2023\/11\/50-2-664x1024.jpg 664w, https:\/\/static-blogs.hoy.es\/wp-content\/uploads\/sites\/19\/2023\/11\/50-2.jpg 778w\" sizes=\"(max-width: 195px) 100vw, 195px\" \/><p id=\"caption-attachment-21716\" class=\"wp-caption-text\">Hace 50 a\u00f1os<\/p><\/div>\n<div id=\"attachment_21717\" style=\"width: 218px\" class=\"wp-caption aligncenter\"><img aria-describedby=\"caption-attachment-21717\" loading=\"lazy\" class=\"size-medium wp-image-21717\" src=\"https:\/\/static-blogs.hoy.es\/wp-content\/uploads\/sites\/19\/2023\/11\/75-3-208x300.jpg\" alt=\"\" width=\"208\" height=\"300\" srcset=\"https:\/\/static-blogs.hoy.es\/wp-content\/uploads\/sites\/19\/2023\/11\/75-3-208x300.jpg 208w, https:\/\/static-blogs.hoy.es\/wp-content\/uploads\/sites\/19\/2023\/11\/75-3-768x1108.jpg 768w, https:\/\/static-blogs.hoy.es\/wp-content\/uploads\/sites\/19\/2023\/11\/75-3-710x1024.jpg 710w, https:\/\/static-blogs.hoy.es\/wp-content\/uploads\/sites\/19\/2023\/11\/75-3.jpg 834w\" sizes=\"(max-width: 208px) 100vw, 208px\" \/><p id=\"caption-attachment-21717\" class=\"wp-caption-text\">Hace 75 a\u00f1os<\/p><\/div>\n<p><strong>Las efem\u00e9rides del d\u00eda:<\/strong><\/p>\n<p>1095.- En el concilio de Clermont, Urbano II predica la Primera Cruzada.<br \/>\n1848.- La ciudad suiza de Berna es reconocida como capital \u00fanica de la Confederaci\u00f3n Helv\u00e9tica.<br \/>\n1885.- La reina viuda de Alfonso XII, Mar\u00eda Cristina, proclamada unos d\u00edas antes Regente de Espa\u00f1a, jura fidelidad al heredero de la Corona (a\u00fan por nacer) y a la Constituci\u00f3n.<br \/>\n1912.- La Asamblea Nacional proclama la independencia de Albania.<br \/>\n1924.- Publicaci\u00f3n de la novela \u201cLa monta\u00f1a m\u00e1gica\u201d, del alem\u00e1n Thomas Mann.<br \/>\n1936.- Guerra Civil: Fusilado en Paracuellos del Jarama (Madrid) el dramaturgo Pedro Mu\u00f1oz Seca.<br \/>\n1942.- Mueren abrasadas cerca de 500 personas al incendiarse una sala de fiestas en Boston (EEUU).<br \/>\n1943.- Conferencia de Teher\u00e1n entre Churchill, Roosevelt y Stalin para la organizaci\u00f3n futura del mundo tras la prevista victoria de los aliados.<br \/>\n1951.- Un golpe de Estado en Siria da el poder al coronel Chichakli.<br \/>\n1971.- Asesinado en El Cairo el primer ministro de Jordania, Wasfi Tell, por tres terroristas palestinos.<br \/>\n1992.- Un incendio destruye parte del palacio imperial vien\u00e9s de Hofburg, antigua residencia de la emperatriz Isabel (Sissi).<br \/>\n1994.- Noruega rechaza en refer\u00e9ndum su integraci\u00f3n en la UE.<br \/>\n1996.- Argelia aprueba una reforma constitucional que refuerza el presidencialismo y proh\u00edbe el Islam con fines pol\u00edticos.<br \/>\n2001.- Los presidentes Aznar y Bush sellan en la Casa Blanca la cooperaci\u00f3n entre EEUU y Espa\u00f1a en materia de terrorismo.<br \/>\n2002.- Atentado en Mombasa (Kenia): 17 muertos y 80 heridos al estallar un coche bomba en el Hotel Para\u00edso, de propiedad israel\u00ed.<br \/>\n2004.- El rey Abdal\u00e1 de Jordania firma un decreto que retira el t\u00edtulo de pr\u00edncipe heredero a su hermanastro Hamzeh el Husein.<br \/>\n2010.- La web Wikileaks filtra 250.000 documentos que revelan que el Gobierno de EEUU dio instrucciones a sus diplom\u00e1ticos para que espiasen a pol\u00edticos extranjeros y altos funcionarios de la ONU.<br \/>\n.- La UE acuerda un programa de asistencia financiera a Irlanda por valor de 85.000 millones de euros.<br \/>\n2013.- En Espa\u00f1a, la s\u00e9ptima reforma educativa de la democracia recibe su aprobaci\u00f3n en el Congreso gracias a la mayor\u00eda absoluta del PP.<br \/>\n2014.- M\u00e1s de 100 personas mueren en un atentado contra una mezquita de la ciudad de Kano, en Nigeria.<br \/>\n2016.- Mueren 71 de los 77 ocupantes de un avi\u00f3n que se estrella cerca de Medell\u00edn (Colombia) y en el que viajaban 22 jugadores del equipo de f\u00fatbol brasile\u00f1o Chapecoense.<br \/>\n2017.- El ministro espa\u00f1ol de Cultura, \u00cd\u00f1igo M\u00e9ndez de Vigo, ordena que Catalu\u00f1a devuelva los bienes del Monasterio de Sijena (Huesca).<\/p>\n<p><strong>El 28<\/strong><strong>\u00a0de noviembre\u00a0nacieron:<\/strong><\/p>\n<p>1820.- Friedrich Engels, fil\u00f3sofo alem\u00e1n.<br \/>\n1857.- Alfonso XII, rey de Espa\u00f1a.<br \/>\n1895.- Jos\u00e9 Iturbi, pianista y director de orquesta espa\u00f1ol.<br \/>\n1907.- Alberto Moravia, novelista italiano.<br \/>\n1908.- Claude Levi-Strauss, fil\u00f3sofo y etn\u00f3logo franc\u00e9s.<br \/>\n1912.- Eugenio Fern\u00e1ndez Granell, pintor y escritor espa\u00f1ol.<br \/>\n1918.- Kiko Ledgard, presentador y actor peruano.<br \/>\n1936.- Philippe Sollers (Philippe Joyaux), escritor franc\u00e9s.<br \/>\n1941.- Laura Antonelli (Antonaz), actriz italiana.<br \/>\n1950.- Ed Harris, actor norteamericano.<br \/>\n1957.- Gaspar Llamazares, pol\u00edtico espa\u00f1ol.<br \/>\n1958.- Francesc Antich, presidente del Gobierno balear.<br \/>\n1960.- John Galliano, dise\u00f1ador de moda brit\u00e1nico.<br \/>\n.- Alfonso Cuar\u00f3n, cineasta mexicano.<br \/>\n1975.- Pablo Ruz, juez espa\u00f1ol.<\/p>\n<p><strong>El 28 de noviembre murieron:<\/strong><\/p>\n<p>1859.- Washington Irving, escritor estadounidense.<br \/>\n1947.- Philippe Leclerc, militar franc\u00e9s.<br \/>\n1954.- Enrico Fermi, f\u00edsico italiano, Premio Nobel en 1938.<br \/>\n1962.- Guillermina, reina de Holanda.<br \/>\n1966.- Jos\u00e9 Isbert, actor espa\u00f1ol.<br \/>\n1994.- Vicente Enrique y Taranc\u00f3n, cardenal espa\u00f1ol.<br \/>\n2007.- Agust\u00edn \u00dabeda-Romero, pintor espa\u00f1ol<br \/>\n.- Elly Beinhom, primera aviadora alemana.<br \/>\n2010.- Leslie Nielsen, actor canadiense.<br \/>\n.- Samuel T. Cohen, f\u00edsico estadounidense, inventor de la bomba de neutrones.<br \/>\n2011.- Jaime Gonz\u00e1lez Chas, tirador ol\u00edmpico espa\u00f1ol.<br \/>\n2013.- Danny Wells, actor canadiense.<br \/>\n2014.- Roberto G\u00f3mez Bola\u00f1os \u201cChespirito\u201d, humorista mexicano.<br \/>\n2015.- Jos\u00e9 Mar\u00eda Mendiluce, pol\u00edtico espa\u00f1ol y mediador internacional de la ONU.<\/p>\n<!-- AddThis Advanced Settings generic via filter on the_content --><!-- AddThis Share Buttons generic via filter on the_content -->","protected":false},"excerpt":{"rendered":"<p>Hoy cumple a\u00f1os: Ram\u00f3n Garc\u00eda, \u2018Ramontxu\u2019, presentador de radio y televisi\u00f3n, 28 de noviembre de 1961 Fue noticia:\u00a0 Las efem\u00e9rides del d\u00eda: 1095.- En el concilio de Clermont, Urbano II predica la Primera Cruzada. 1848.- La ciudad suiza de Berna es reconocida como capital \u00fanica de la Confederaci\u00f3n Helv\u00e9tica. 1885.- La reina viuda de Alfonso [&hellip;]<!-- AddThis Advanced Settings generic via filter on get_the_excerpt --><!-- AddThis Share Buttons generic via filter on get_the_excerpt --><\/p>\n","protected":false},"author":24883,"featured_media":0,"comment_status":"open","ping_status":"closed","sticky":false,"template":"","format":"standard","meta":[],"categories":[1],"tags":[],"_links":{"self":[{"href":"https:\/\/blogs.hoy.es\/cumpleanoshoy\/wp-json\/wp\/v2\/posts\/21714"}],"collection":[{"href":"https:\/\/blogs.hoy.es\/cumpleanoshoy\/wp-json\/wp\/v2\/posts"}],"about":[{"href":"https:\/\/blogs.hoy.es\/cumpleanoshoy\/wp-json\/wp\/v2\/types\/post"}],"author":[{"embeddable":true,"href":"https:\/\/blogs.hoy.es\/cumpleanoshoy\/wp-json\/wp\/v2\/users\/24883"}],"replies":[{"embeddable":true,"href":"https:\/\/blogs.hoy.es\/cumpleanoshoy\/wp-json\/wp\/v2\/comments?post=21714"}],"version-history":[{"count":1,"href":"https:\/\/blogs.hoy.es\/cumpleanoshoy\/wp-json\/wp\/v2\/posts\/21714\/revisions"}],"predecessor-version":[{"id":21718,"href":"https:\/\/blogs.hoy.es\/cumpleanoshoy\/wp-json\/wp\/v2\/posts\/21714\/revisions\/21718"}],"wp:attachment":[{"href":"https:\/\/blogs.hoy.es\/cumpleanoshoy\/wp-json\/wp\/v2\/media?parent=21714"}],"wp:term":[{"taxonomy":"category","embeddable":true,"href":"https:\/\/blogs.hoy.es\/cumpleanoshoy\/wp-json\/wp\/v2\/categories?post=21714"},{"taxonomy":"post_tag","embeddable":true,"href":"https:\/\/blogs.hoy.es\/cumpleanoshoy\/wp-json\/wp\/v2\/tags?post=21714"}],"curies":[{"name":"wp","href":"https:\/\/api.w.org\/{rel}","templated":true}]}}