{"id":21720,"date":"2023-11-28T15:32:59","date_gmt":"2023-11-28T15:32:59","guid":{"rendered":"https:\/\/blogs.hoy.es\/cumpleanoshoy\/?p=21720"},"modified":"2023-11-28T15:32:59","modified_gmt":"2023-11-28T15:32:59","slug":"tal-dia-como-hoy-29-de-noviembre-11","status":"publish","type":"post","link":"https:\/\/blogs.hoy.es\/cumpleanoshoy\/2023\/11\/28\/tal-dia-como-hoy-29-de-noviembre-11\/","title":{"rendered":"Tal d\u00eda como HOY 29 de noviembre"},"content":{"rendered":"<p><strong>Hoy cumple a\u00f1os:<\/strong><\/p>\n<p><strong>Concha Velasco<\/strong>, actriz, 29 de noviembre de 1939<\/p>\n<p><strong>Risto Mejide<\/strong>, presentador de televisi\u00f3n y publicista, 29 de noviembre de 1974<\/p>\n<p>&nbsp;<\/p>\n<p><strong>Fue noticia:\u00a0<\/strong><\/p>\n<div id=\"attachment_21721\" style=\"width: 213px\" class=\"wp-caption aligncenter\"><img aria-describedby=\"caption-attachment-21721\" loading=\"lazy\" class=\"size-medium wp-image-21721\" src=\"https:\/\/static-blogs.hoy.es\/wp-content\/uploads\/sites\/19\/2023\/11\/25-5-203x300.jpg\" alt=\"\" width=\"203\" height=\"300\" srcset=\"https:\/\/static-blogs.hoy.es\/wp-content\/uploads\/sites\/19\/2023\/11\/25-5-203x300.jpg 203w, https:\/\/static-blogs.hoy.es\/wp-content\/uploads\/sites\/19\/2023\/11\/25-5-768x1135.jpg 768w, https:\/\/static-blogs.hoy.es\/wp-content\/uploads\/sites\/19\/2023\/11\/25-5-693x1024.jpg 693w, https:\/\/static-blogs.hoy.es\/wp-content\/uploads\/sites\/19\/2023\/11\/25-5.jpg 785w\" sizes=\"(max-width: 203px) 100vw, 203px\" \/><p id=\"caption-attachment-21721\" class=\"wp-caption-text\">Hace 25 a\u00f1os<\/p><\/div>\n<div id=\"attachment_21722\" style=\"width: 202px\" class=\"wp-caption aligncenter\"><img aria-describedby=\"caption-attachment-21722\" loading=\"lazy\" class=\"size-medium wp-image-21722\" src=\"https:\/\/static-blogs.hoy.es\/wp-content\/uploads\/sites\/19\/2023\/11\/50-3-192x300.jpg\" alt=\"\" width=\"192\" height=\"300\" srcset=\"https:\/\/static-blogs.hoy.es\/wp-content\/uploads\/sites\/19\/2023\/11\/50-3-192x300.jpg 192w, https:\/\/static-blogs.hoy.es\/wp-content\/uploads\/sites\/19\/2023\/11\/50-3-768x1198.jpg 768w, https:\/\/static-blogs.hoy.es\/wp-content\/uploads\/sites\/19\/2023\/11\/50-3-657x1024.jpg 657w, https:\/\/static-blogs.hoy.es\/wp-content\/uploads\/sites\/19\/2023\/11\/50-3.jpg 779w\" sizes=\"(max-width: 192px) 100vw, 192px\" \/><p id=\"caption-attachment-21722\" class=\"wp-caption-text\">Hace 50 a\u00f1os<\/p><\/div>\n<p>&nbsp;<\/p>\n<p><strong>Las efem\u00e9rides del d\u00eda:<\/strong><\/p>\n<p>1835.- Primera aplicaci\u00f3n de la ley Marcial en Espa\u00f1a. Barcelona es declarada en Estado de Sitio por el general Espoz y Mina.<\/p>\n<p>1878.- Ley Constitutiva del Ej\u00e9rcito espa\u00f1ol.<\/p>\n<p>1879.- Alfonso XII contrae segundas nupcias con la archiduquesa austriaca Mar\u00eda Cristina de Habsburgo-Lorena.<\/p>\n<p>1898.- Se suicida en Riga, Letonia, el escritor y fil\u00f3sofo espa\u00f1ol Angel Ganivet, uno de los precursores ideol\u00f3gicos de la generaci\u00f3n del 98.<\/p>\n<p>1899.- Fundaci\u00f3n del F\u00fatbol Club Barcelona por Joan Gamper, suizo afincado en Catalu\u00f1a.<\/p>\n<p>1906.- Mueren m\u00e1s de 300 personas en la explosi\u00f3n de una mina de carb\u00f3n en Witten (Westfalia).<\/p>\n<p>1919.- Los restos del pintor Francisco de Goya son trasladados del Pante\u00f3n de Hombres Ilustres del cementerio de San Isidro a la ermita de San Antonio de la Florida.<\/p>\n<p>1929.- El explorador, marino y aviador estadounidense Richard Evelyn Byrd sobrevuela el Polo Sur.<\/p>\n<p>1945.- Proclamaci\u00f3n de la Rep\u00fablica Federativa Socialista de Yugoslavia.<\/p>\n<p>1947.- La Asamblea General de la ONU divide Palestina en dos Estados: uno \u00e1rabe y otro jud\u00edo.<\/p>\n<p>1961.- EEUU lanza al espacio una c\u00e1psula \u201cMercury\u201d, con un chimpac\u00e9 a bordo.<\/p>\n<p>1987.- La dictadura del general Jaruzelski pierde un refer\u00e9ndum sobre las reformas econ\u00f3micas y pol\u00edticas en Polonia.<\/p>\n<p>2002.- El Gobierno espa\u00f1ol autoriza la fusi\u00f3n de las plataformas V\u00eda Digital y Canal Sat\u00e9lite Digital.<\/p>\n<p>2003.- Mueren siete agentes del Centro Nacional de Inteligencia (CNI) en una emboscada terrorista en Irak.<\/p>\n<p>2005.- El gobernador del estado de Virginia indulta al que iba a ser el n\u00famero 1.000 de ejecutados con la pena de muerte desde su restablecimiento en EEUU en 1976.<\/p>\n<p>2009.- El exguerrillero Jos\u00e9 Mujica es elegido presidente de Uruguay.<\/p>\n<p>2011.- La aerol\u00ednea estadounidense American Airlines se declara en bancarrota.<\/p>\n<p>2012.- La Asamblea General de Naciones Unidas reconoce a Palestina como Estado observador.<\/p>\n<p>2013.- Mueren 33 personas al estrellarse un avi\u00f3n en un parque natural de Namibia. La investigaci\u00f3n revel\u00f3 que el piloto provoc\u00f3 deliberadamente el siniestro.<\/p>\n<p>.- Diez muertos al estrellarse un helic\u00f3ptero policial sobre un pub en la ciudad escocesa de Glasgow.<\/p>\n<p>.- Cierre de la Radiotelevisi\u00f3n Valenciana (RTVV) tras 24 a\u00f1os de emisi\u00f3n.<\/p>\n<p>2014.- El expresidente egipcio Hosni Mubarak es absuelto por la muerte de manifestantes en la revoluci\u00f3n que le derroc\u00f3 en 2011.<\/p>\n<p>2015.- Casi 300 detenidos en Par\u00eds en v\u00edsperas de la Cumbre del Clima.<\/p>\n<p>2017.- El general bosniocroata Slobodan Praljak se suicida en el Tribunal para la Antigua Yugoslavia (TPIY) en La Haya.<\/p>\n<p>&nbsp;<\/p>\n<p><strong>El\u00a029 de noviembre\u00a0nacieron:<\/strong><\/p>\n<p>1781.- Andr\u00e9s Bello, fil\u00f3logo, pedagogo y pol\u00edtico venezolano.<\/p>\n<p>1797.- Gaetano Donizetti, compositor italiano.<\/p>\n<p>1803.- Christian Doppler, matem\u00e1tico y f\u00edsico austriaco.<\/p>\n<p>1905.- Marcel Lefebvre, arzobispo franc\u00e9s excomulgado en 1988 por la Santa Sede.<\/p>\n<p>1914.- Jos\u00e9 Luis Fern\u00e1ndez del Amo, arquitecto espa\u00f1ol.<\/p>\n<p>1932.- Jacques Chirac, expresidente de Francia.<\/p>\n<p>1945.- Manel Comas, entrenador de baloncesto espa\u00f1ol.<\/p>\n<p>1946.- Silvio Rodr\u00edguez, cantautor cubano.<\/p>\n<p>1954.- Joel Coen, director de cine estadounidense.<\/p>\n<p>1955.- Hassan Sheij Mohamud, expresidente de Somalia.<\/p>\n<p>1962.- Santiago Luna, golfista espa\u00f1ol.<\/p>\n<p>&nbsp;<\/p>\n<p><strong>El 29 de noviembre murieron:<\/strong><\/p>\n<p>1594.- Alonso de Ercilla, soldado y poeta espa\u00f1ol.<\/p>\n<p>1780.- Mar\u00eda Teresa de Habsburgo, emperatriz de Austria.<\/p>\n<p>1865.- Ventura de la Vega, poeta y autor dram\u00e1tico espa\u00f1ol.<\/p>\n<p>1898.- Angel Ganivet, escritor espa\u00f1ol.<\/p>\n<p>1901.- Francisco Pi y Margall, pol\u00edtico y escritor espa\u00f1ol.<\/p>\n<p>1924.- Giacomo Puccini, compositor italiano.<\/p>\n<p>1981.- Natalie Wood, actriz estadounidense.<\/p>\n<p>1986.- Cary Grant, actor estadounidense.<\/p>\n<p>2001.- George Harrison, m\u00fasico brit\u00e1nico, guitarrista de los Beatles.<\/p>\n<p>2006.- Leonard Freed, fot\u00f3grafo norteamericano de Magnum.<\/p>\n<p>2008.- Jorn Utzon, arquitecto dan\u00e9s.<\/p>\n<p>2010.- Mario Monicelli, cineasta italiano.<\/p>\n<p>2011.- Indira Goswami, escritora india.<\/p>\n<p>.- Lucio Magri, pol\u00edtico y periodista italiano.<\/p>\n<p>2013.- Francisco Jos\u00e9 Hernando, juez espa\u00f1ol.<\/p>\n<p>2016.- Luis Alberto Monge, pol\u00edtico costarricense.<\/p>\n<p>2017.- Antonio Luz Payer, \u201cTony Luz\u201d, guitarrista espa\u00f1ol.<\/p>\n<p>.- Belmiro de Azevedo, empresario portugu\u00e9s.<\/p>\n<p>2019.- Yasuhiro Nakasone, exprimer ministro nip\u00f3n.<\/p>\n<p>.- Irving Burgie, compositor estadounidense.<\/p>\n<!-- AddThis Advanced Settings generic via filter on the_content --><!-- AddThis Share Buttons generic via filter on the_content -->","protected":false},"excerpt":{"rendered":"<p>Hoy cumple a\u00f1os: Concha Velasco, actriz, 29 de noviembre de 1939 Risto Mejide, presentador de televisi\u00f3n y publicista, 29 de noviembre de 1974 &nbsp; Fue noticia:\u00a0 &nbsp; Las efem\u00e9rides del d\u00eda: 1835.- Primera aplicaci\u00f3n de la ley Marcial en Espa\u00f1a. Barcelona es declarada en Estado de Sitio por el general Espoz y Mina. 1878.- Ley [&hellip;]<!-- AddThis Advanced Settings generic via filter on get_the_excerpt --><!-- AddThis Share Buttons generic via filter on get_the_excerpt --><\/p>\n","protected":false},"author":24883,"featured_media":0,"comment_status":"open","ping_status":"closed","sticky":false,"template":"","format":"standard","meta":[],"categories":[1],"tags":[],"_links":{"self":[{"href":"https:\/\/blogs.hoy.es\/cumpleanoshoy\/wp-json\/wp\/v2\/posts\/21720"}],"collection":[{"href":"https:\/\/blogs.hoy.es\/cumpleanoshoy\/wp-json\/wp\/v2\/posts"}],"about":[{"href":"https:\/\/blogs.hoy.es\/cumpleanoshoy\/wp-json\/wp\/v2\/types\/post"}],"author":[{"embeddable":true,"href":"https:\/\/blogs.hoy.es\/cumpleanoshoy\/wp-json\/wp\/v2\/users\/24883"}],"replies":[{"embeddable":true,"href":"https:\/\/blogs.hoy.es\/cumpleanoshoy\/wp-json\/wp\/v2\/comments?post=21720"}],"version-history":[{"count":1,"href":"https:\/\/blogs.hoy.es\/cumpleanoshoy\/wp-json\/wp\/v2\/posts\/21720\/revisions"}],"predecessor-version":[{"id":21723,"href":"https:\/\/blogs.hoy.es\/cumpleanoshoy\/wp-json\/wp\/v2\/posts\/21720\/revisions\/21723"}],"wp:attachment":[{"href":"https:\/\/blogs.hoy.es\/cumpleanoshoy\/wp-json\/wp\/v2\/media?parent=21720"}],"wp:term":[{"taxonomy":"category","embeddable":true,"href":"https:\/\/blogs.hoy.es\/cumpleanoshoy\/wp-json\/wp\/v2\/categories?post=21720"},{"taxonomy":"post_tag","embeddable":true,"href":"https:\/\/blogs.hoy.es\/cumpleanoshoy\/wp-json\/wp\/v2\/tags?post=21720"}],"curies":[{"name":"wp","href":"https:\/\/api.w.org\/{rel}","templated":true}]}}