{"id":21725,"date":"2023-11-29T14:58:32","date_gmt":"2023-11-29T14:58:32","guid":{"rendered":"https:\/\/blogs.hoy.es\/cumpleanoshoy\/?p=21725"},"modified":"2023-11-29T15:16:09","modified_gmt":"2023-11-29T15:16:09","slug":"tal-dia-como-hoy-30-de-noviembre-10","status":"publish","type":"post","link":"https:\/\/blogs.hoy.es\/cumpleanoshoy\/2023\/11\/29\/tal-dia-como-hoy-30-de-noviembre-10\/","title":{"rendered":"Tal d\u00eda como HOY, 30 de noviembre"},"content":{"rendered":"<p><strong>Hoy cumple a\u00f1os:<\/strong><\/p>\n<p><b>Gael Garc\u00eda Bernal, actor, productor y director.<\/b> Naci\u00f3 el 30 de noviembre de 1978 en Guadalajara, M\u00e9xico.<\/p>\n<p><strong>Fue noticia<\/strong>:<\/p>\n<div id=\"attachment_21727\" style=\"width: 202px\" class=\"wp-caption aligncenter\"><img aria-describedby=\"caption-attachment-21727\" loading=\"lazy\" class=\"size-medium wp-image-21727\" src=\"https:\/\/static-blogs.hoy.es\/wp-content\/uploads\/sites\/19\/2023\/11\/DvcGetPdf-1-192x300.jpg\" alt=\"\" width=\"192\" height=\"300\" srcset=\"https:\/\/static-blogs.hoy.es\/wp-content\/uploads\/sites\/19\/2023\/11\/DvcGetPdf-1-192x300.jpg 192w, https:\/\/static-blogs.hoy.es\/wp-content\/uploads\/sites\/19\/2023\/11\/DvcGetPdf-1-768x1197.jpg 768w, https:\/\/static-blogs.hoy.es\/wp-content\/uploads\/sites\/19\/2023\/11\/DvcGetPdf-1-657x1024.jpg 657w, https:\/\/static-blogs.hoy.es\/wp-content\/uploads\/sites\/19\/2023\/11\/DvcGetPdf-1.jpg 773w\" sizes=\"(max-width: 192px) 100vw, 192px\" \/><p id=\"caption-attachment-21727\" class=\"wp-caption-text\">Hace 50 a\u00f1os.<\/p><\/div>\n<div id=\"attachment_21729\" style=\"width: 212px\" class=\"wp-caption aligncenter\"><img aria-describedby=\"caption-attachment-21729\" loading=\"lazy\" class=\"size-medium wp-image-21729\" src=\"https:\/\/static-blogs.hoy.es\/wp-content\/uploads\/sites\/19\/2023\/11\/24--202x300.jpg\" alt=\"\" width=\"202\" height=\"300\" srcset=\"https:\/\/static-blogs.hoy.es\/wp-content\/uploads\/sites\/19\/2023\/11\/24--202x300.jpg 202w, https:\/\/static-blogs.hoy.es\/wp-content\/uploads\/sites\/19\/2023\/11\/24--768x1142.jpg 768w, https:\/\/static-blogs.hoy.es\/wp-content\/uploads\/sites\/19\/2023\/11\/24--689x1024.jpg 689w, https:\/\/static-blogs.hoy.es\/wp-content\/uploads\/sites\/19\/2023\/11\/24-.jpg 783w\" sizes=\"(max-width: 202px) 100vw, 202px\" \/><p id=\"caption-attachment-21729\" class=\"wp-caption-text\">Hace 25 a\u00f1os.<\/p><\/div>\n<p><strong>Las efem\u00e9rides del d\u00eda:<\/strong><\/p>\n<p>1645.- Un terremoto destruye la catedral de Manila, erigida en 1614.<\/p>\n<p>1831.- Tratado entre Francia e Inglaterra para suprimir la trata de negros.<\/p>\n<p>1833.- Real decreto por el que Espa\u00f1a queda dividida en 49 provincias.<\/p>\n<p>1919.- Se permite por primera vez en Francia el voto de las mujeres en unas elecciones legislativas.<\/p>\n<p>1939.- Tropas de la URSS invaden Finlandia.<\/p>\n<p>1983.- El Consejo de Ministros espa\u00f1ol establece el 6 de diciembre como &#8220;D\u00eda de la Constituci\u00f3n&#8221;.<\/p>\n<p>1987.- La dictadura del general Jaruzelski pierde el refer\u00e9ndum sobre las reformas econ\u00f3micas y pol\u00edticas en Polonia.<\/p>\n<p>1988.- Un tif\u00f3n en Bangladesh causa m\u00e1s de 1.000 muertos.<\/p>\n<p>1989.- Checoslovaquia elimina el &#8220;tel\u00f3n de acero&#8221; en su frontera con Austria.<\/p>\n<p>1999.- Entra en funciones el Gobierno aut\u00f3nomo del Ulster, encabezado por el unionista David Trimble y con participaci\u00f3n del Sinn Fein, exbrazo pol\u00edtico del IRA.<\/p>\n<p>.- Debuta en Seattle (EEUU) el movimiento antiglobalizaci\u00f3n. 50.000 manifestantes impiden que se celebre la ceremonia inaugural de la cumbre de la OMC.<\/p>\n<p>2004.- El Gobierno cubano libera por motivos de salud al poeta Ra\u00fal Rivero, s\u00edmbolo de la disidencia interna cubana, y al opositor Oswaldo Alfonso, del Partido Liberal Democr\u00e1tico.<\/p>\n<p>2005.- Arranca en Espa\u00f1a la Televisi\u00f3n Digital Terrestre, TDT.<\/p>\n<p>2008.- El ministro indio del Interior, Shivraj Patil, dimite tras asumir la responsabilidad por los ataques terroristas del 26 de noviembre en Bombay.<\/p>\n<p>2011.- Funcionarios del Reino Unido llevan a cabo la mayor huelga del sector en varias d\u00e9cadas.<\/p>\n<p>2013.- Mueren 33 personas al estrellarse un avi\u00f3n en un parque natural de Namibia.<\/p>\n<p><strong>El\u00a030 de noviembre\u00a0nacieron:<\/strong><\/p>\n<p>1736.- Andr\u00e9s Torrej\u00f3n, alcalde de M\u00f3stoles que levant\u00f3 a los madrile\u00f1os contra los franceses.<\/p>\n<p>1835.- Samuel Clemens (&#8220;Mark Twain&#8221;), escritor estadounidense.<\/p>\n<p>1874.- Winston Churchill, estadista ingl\u00e9s.<\/p>\n<p>1911.- Jorge Negrete, cantante y actor mexicano.<\/p>\n<p>1915.- Henry Taube, cient\u00edfico estadounidense, Nobel de Qu\u00edmica en 1983.<\/p>\n<p>1920.- Virginia Mayo (Virginia Clara Jones), actriz estadounidense.<\/p>\n<p>1937.- Ridley Scott, director de cine brit\u00e1nico.<\/p>\n<p>1938.- Margarita Salas, bioqu\u00edmica espa\u00f1ola.<\/p>\n<p>1939.- Walter Weller, director de orquesta austriaco.<\/p>\n<p>1940.- Jos\u00e9 Pedro P\u00e9rez-Llorca, pol\u00edtico espa\u00f1ol.<\/p>\n<p>1943.- Terence Malick, director de cine estadounidense.<\/p>\n<p>1946.- Marina Abramovic, artista serbia de performances.<\/p>\n<p>1961.- Benjam\u00edn Prado, escritor espa\u00f1ol.<\/p>\n<p>1990.- Magnus Carlsen, ajedrecista noruego<\/p>\n<p><strong>El 30 de noviembre murieron:<\/strong><\/p>\n<p>1900.- Oscar Wilde, escritor irland\u00e9s.<\/p>\n<p>1928.- Jos\u00e9 Eustasio Rivera, escritor colombiano.<\/p>\n<p>1947.- Ernst Lubitsch, director de cine estadounidense de origen alem\u00e1n.<\/p>\n<p>1979.- Pedro Lazaga, cineasta espa\u00f1ol.<\/p>\n<p>1987.- James Baldwin, novelista estadounidense<\/p>\n<p>1999.- Germ\u00e1n Arciniegas, escritor colombiano.<\/p>\n<p>2003.- Alfonso \u00c1lvarez Miranda, pol\u00edtico espa\u00f1ol.<\/p>\n<p>2007.- Albert Dueso, actor espa\u00f1ol.<\/p>\n<p>2011.- Diego Puerta, torero espa\u00f1ol.<\/p>\n<p>2012.- Kumar Gujral, exprimer ministro indio.<\/p>\n<p>2014.- Luise Rainer, actriz de origen alem\u00e1n nacionalizada estadou<\/p>\n<!-- AddThis Advanced Settings generic via filter on the_content --><!-- AddThis Share Buttons generic via filter on the_content -->","protected":false},"excerpt":{"rendered":"<p>Hoy cumple a\u00f1os: Gael Garc\u00eda Bernal, actor, productor y director. Naci\u00f3 el 30 de noviembre de 1978 en Guadalajara, M\u00e9xico. Fue noticia: Las efem\u00e9rides del d\u00eda: 1645.- Un terremoto destruye la catedral de Manila, erigida en 1614. 1831.- Tratado entre Francia e Inglaterra para suprimir la trata de negros. 1833.- Real decreto por el que [&hellip;]<!-- AddThis Advanced Settings generic via filter on get_the_excerpt --><!-- AddThis Share Buttons generic via filter on get_the_excerpt --><\/p>\n","protected":false},"author":24883,"featured_media":0,"comment_status":"open","ping_status":"closed","sticky":false,"template":"","format":"standard","meta":[],"categories":[1],"tags":[],"_links":{"self":[{"href":"https:\/\/blogs.hoy.es\/cumpleanoshoy\/wp-json\/wp\/v2\/posts\/21725"}],"collection":[{"href":"https:\/\/blogs.hoy.es\/cumpleanoshoy\/wp-json\/wp\/v2\/posts"}],"about":[{"href":"https:\/\/blogs.hoy.es\/cumpleanoshoy\/wp-json\/wp\/v2\/types\/post"}],"author":[{"embeddable":true,"href":"https:\/\/blogs.hoy.es\/cumpleanoshoy\/wp-json\/wp\/v2\/users\/24883"}],"replies":[{"embeddable":true,"href":"https:\/\/blogs.hoy.es\/cumpleanoshoy\/wp-json\/wp\/v2\/comments?post=21725"}],"version-history":[{"count":3,"href":"https:\/\/blogs.hoy.es\/cumpleanoshoy\/wp-json\/wp\/v2\/posts\/21725\/revisions"}],"predecessor-version":[{"id":21730,"href":"https:\/\/blogs.hoy.es\/cumpleanoshoy\/wp-json\/wp\/v2\/posts\/21725\/revisions\/21730"}],"wp:attachment":[{"href":"https:\/\/blogs.hoy.es\/cumpleanoshoy\/wp-json\/wp\/v2\/media?parent=21725"}],"wp:term":[{"taxonomy":"category","embeddable":true,"href":"https:\/\/blogs.hoy.es\/cumpleanoshoy\/wp-json\/wp\/v2\/categories?post=21725"},{"taxonomy":"post_tag","embeddable":true,"href":"https:\/\/blogs.hoy.es\/cumpleanoshoy\/wp-json\/wp\/v2\/tags?post=21725"}],"curies":[{"name":"wp","href":"https:\/\/api.w.org\/{rel}","templated":true}]}}