{"id":21731,"date":"2023-11-30T15:08:26","date_gmt":"2023-11-30T15:08:26","guid":{"rendered":"https:\/\/blogs.hoy.es\/cumpleanoshoy\/?p=21731"},"modified":"2023-11-30T15:12:07","modified_gmt":"2023-11-30T15:12:07","slug":"tal-dia-como-hoy-1-de-diciembre-12","status":"publish","type":"post","link":"https:\/\/blogs.hoy.es\/cumpleanoshoy\/2023\/11\/30\/tal-dia-como-hoy-1-de-diciembre-12\/","title":{"rendered":"Tal d\u00eda como HOY, 1 de diciembre"},"content":{"rendered":"<p><strong>Hoy cumple a\u00f1os:<\/strong><\/p>\n<p><strong>Woody Allen<\/strong>, director de cine, \u00a01 de diciembre de 1935 (88 a\u00f1os)<\/p>\n<p><strong>Fue noticia (Hace 25 y 50 a\u00f1os):<\/strong><\/p>\n<p><img loading=\"lazy\" class=\"aligncenter size-medium wp-image-21736\" src=\"https:\/\/static-blogs.hoy.es\/wp-content\/uploads\/sites\/19\/2023\/11\/DvcGetPdf-2-203x300.jpg\" alt=\"\" width=\"203\" height=\"300\" srcset=\"https:\/\/static-blogs.hoy.es\/wp-content\/uploads\/sites\/19\/2023\/11\/DvcGetPdf-2-203x300.jpg 203w, https:\/\/static-blogs.hoy.es\/wp-content\/uploads\/sites\/19\/2023\/11\/DvcGetPdf-2-768x1137.jpg 768w, https:\/\/static-blogs.hoy.es\/wp-content\/uploads\/sites\/19\/2023\/11\/DvcGetPdf-2-692x1024.jpg 692w, https:\/\/static-blogs.hoy.es\/wp-content\/uploads\/sites\/19\/2023\/11\/DvcGetPdf-2.jpg 781w\" sizes=\"(max-width: 203px) 100vw, 203px\" \/><\/p>\n<p><img title=\"gallery link=\" src=\"https:\/\/static-blogs.hoy.es\/wp-content\/uploads\/sites\/19\" alt=\"\" \/><img loading=\"lazy\" class=\"aligncenter size-medium wp-image-21733\" src=\"https:\/\/static-blogs.hoy.es\/wp-content\/uploads\/sites\/19\/2023\/11\/50-4-193x300.jpg\" alt=\"\" width=\"193\" height=\"300\" srcset=\"https:\/\/static-blogs.hoy.es\/wp-content\/uploads\/sites\/19\/2023\/11\/50-4-193x300.jpg 193w, https:\/\/static-blogs.hoy.es\/wp-content\/uploads\/sites\/19\/2023\/11\/50-4-768x1194.jpg 768w, https:\/\/static-blogs.hoy.es\/wp-content\/uploads\/sites\/19\/2023\/11\/50-4-659x1024.jpg 659w, https:\/\/static-blogs.hoy.es\/wp-content\/uploads\/sites\/19\/2023\/11\/50-4.jpg 775w\" sizes=\"(max-width: 193px) 100vw, 193px\" \/><img title=\"gallery link=\" src=\"https:\/\/static-blogs.hoy.es\/wp-content\/uploads\/sites\/19\" alt=\"\" \/><\/p>\n<p>&nbsp;<\/p>\n<p><strong>Las efem\u00e9rides del d\u00eda:<\/strong><\/p>\n<p>1640.- Portugal se separa de la Corona espa\u00f1ola, hecho que conmemora el pa\u00eds vecino con el \u201cD\u00eda de la restauraci\u00f3n de la independencia\u201d.<\/p>\n<p>1846.- Aparece en Manila \u201cLa Esperanza\u201d, primer diario publicado en Filipinas.<\/p>\n<p>1911.- Mongolia se proclama Estado independiente de China.<\/p>\n<p>1927.- Primera transmisi\u00f3n de im\u00e1genes por tel\u00e9grafo entre Berl\u00edn y Viena.<\/p>\n<p>1934.- Es asesinado Serguei Mironovich K\u00edrov, secretario del Comit\u00e9 Central del Partido Comunista de la Uni\u00f3n Sovi\u00e9tica.<\/p>\n<p>1943.- Segunda Guerra Mundial: Finaliza la Conferencia de Teher\u00e1n, en la que participaron Churchill (Gran Breta\u00f1a), Roosevelt (EE.UU.) y Stalin (URSS).<\/p>\n<p>1970.- ETA realiza su primer secuestro, el de Eugenio Beihl, c\u00f3nsul alem\u00e1n en San Sebasti\u00e1n.<\/p>\n<p>1977.- Se suprime en Espa\u00f1a la censura cinematogr\u00e1fica.<\/p>\n<p>1988.- Se celebra el primer D\u00eda Mundial de la lucha contra el SIDA.<\/p>\n<p>1989.- El presidente sovi\u00e9tico, Mijail Gorbachov, visita a Juan Pablo II en el Vaticano. Acuerdo para oficializar las relaciones entre ambos estados.<\/p>\n<p>2002.- Doscientas mil personas protestan en Santiago de Compostela por el vertido en aguas gallegas del petrolero \u201cPrestige\u201d.<\/p>\n<p>2013.- La oposici\u00f3n ucraniana toma la plaza de la Independencia de Kiev para exigir la dimisi\u00f3n del presidente Yanuk\u00f3vich.<\/p>\n<p>.- Fallecen cuatro personas y otras 60 resultan heridas al descarrilar un tren en Nueva York, cerca del Bronx.<\/p>\n<p>2014.- Carlos Fabra, pol\u00edtico espa\u00f1ol del PP, ingresa en prisi\u00f3n para cumplir condena de 4 a\u00f1os por cuatro delitos fiscales.<\/p>\n<p>2016.- El pr\u00edncipe Vajiralongkorn es proclamado rey de Tailandia.<\/p>\n<p>2017.- Michael Flynn, exasesor de Seguridad Nacional del presidente de EEUU, Donald Trump, reconoce que minti\u00f3 sobre la trama rusa.<\/p>\n<p>2018.- Las violentas protestas de los \u201cchalecos amarillos\u201d en Par\u00eds se saldan con cerca de 300 detenidos.<\/p>\n<p>2019.- Nace World War Zero (Guerra Mundial Cero): grupo de famosos y pol\u00edticos capitaneados por el ex secretario de Estado estadounidense John Kerry para exigir acciones ante la crisis clim\u00e1tica.<\/p>\n<p><strong>El\u00a01 de diciembre nacieron:<\/strong><\/p>\n<p>1897.- Miguel Fleta, tenor espa\u00f1ol.<\/p>\n<p>1935.- Woody Allen, actor y director estadounidense de cine.<\/p>\n<p>.- Curro Romero, matador de toros espa\u00f1ol.<\/p>\n<p>1949.- Sebasti\u00e1n Pi\u00f1era Echenique, pol\u00edtico chileno.<\/p>\n<p>1955.- Ver\u00f3nica Forqu\u00e9, actriz espa\u00f1ola.<\/p>\n<p>1963.- Soraya Rodr\u00edguez, pol\u00edtica socialista espa\u00f1ola.<\/p>\n<p>1971.- Emily Mortimer, actriz brit\u00e1nica.<\/p>\n<p>2001.- Aiko, hija de los pr\u00edncipes de Jap\u00f3n Naruhito y Masako.<\/p>\n<p><strong>El 1 de diciembre murieron:<\/strong><\/p>\n<p>1825.- Alejandro I, zar de Rusia.<\/p>\n<p>1947.- Jos\u00e9 L\u00e1zaro Galdiano, fil\u00e1ntropo espa\u00f1ol.<\/p>\n<p>1987.- James Baldwin, escritor y activista por los derechos civiles afroestadounidense.<\/p>\n<p>2008.- Mikel Laboa, cantautor vasco.<\/p>\n<p>2010.- Socorro Bonilla Castell\u00f3n, actriz, promotora y empresaria teatral nicarag\u00fcense.<\/p>\n<p>2013.- Alfonso Armada, exgeneral condenado por el golpe de Estado del 23-F.<\/p>\n<p>.- Alejandro Urdapilleta, actor argentino.<\/p>\n<p>2018.- Juan del \u00c1guila Molina, abogado espa\u00f1ol fundador de Cajamar.<\/p>\n<p>2019.- Javier Aguirre Fern\u00e1ndez, cineasta espa\u00f1ol. EFE<\/p>\n<!-- AddThis Advanced Settings generic via filter on the_content --><!-- AddThis Share Buttons generic via filter on the_content -->","protected":false},"excerpt":{"rendered":"<p>Hoy cumple a\u00f1os: Woody Allen, director de cine, \u00a01 de diciembre de 1935 (88 a\u00f1os) Fue noticia (Hace 25 y 50 a\u00f1os): &nbsp; Las efem\u00e9rides del d\u00eda: 1640.- Portugal se separa de la Corona espa\u00f1ola, hecho que conmemora el pa\u00eds vecino con el \u201cD\u00eda de la restauraci\u00f3n de la independencia\u201d. 1846.- Aparece en Manila \u201cLa [&hellip;]<!-- AddThis Advanced Settings generic via filter on get_the_excerpt --><!-- AddThis Share Buttons generic via filter on get_the_excerpt --><\/p>\n","protected":false},"author":24883,"featured_media":0,"comment_status":"open","ping_status":"closed","sticky":false,"template":"","format":"standard","meta":[],"categories":[1],"tags":[],"_links":{"self":[{"href":"https:\/\/blogs.hoy.es\/cumpleanoshoy\/wp-json\/wp\/v2\/posts\/21731"}],"collection":[{"href":"https:\/\/blogs.hoy.es\/cumpleanoshoy\/wp-json\/wp\/v2\/posts"}],"about":[{"href":"https:\/\/blogs.hoy.es\/cumpleanoshoy\/wp-json\/wp\/v2\/types\/post"}],"author":[{"embeddable":true,"href":"https:\/\/blogs.hoy.es\/cumpleanoshoy\/wp-json\/wp\/v2\/users\/24883"}],"replies":[{"embeddable":true,"href":"https:\/\/blogs.hoy.es\/cumpleanoshoy\/wp-json\/wp\/v2\/comments?post=21731"}],"version-history":[{"count":4,"href":"https:\/\/blogs.hoy.es\/cumpleanoshoy\/wp-json\/wp\/v2\/posts\/21731\/revisions"}],"predecessor-version":[{"id":21737,"href":"https:\/\/blogs.hoy.es\/cumpleanoshoy\/wp-json\/wp\/v2\/posts\/21731\/revisions\/21737"}],"wp:attachment":[{"href":"https:\/\/blogs.hoy.es\/cumpleanoshoy\/wp-json\/wp\/v2\/media?parent=21731"}],"wp:term":[{"taxonomy":"category","embeddable":true,"href":"https:\/\/blogs.hoy.es\/cumpleanoshoy\/wp-json\/wp\/v2\/categories?post=21731"},{"taxonomy":"post_tag","embeddable":true,"href":"https:\/\/blogs.hoy.es\/cumpleanoshoy\/wp-json\/wp\/v2\/tags?post=21731"}],"curies":[{"name":"wp","href":"https:\/\/api.w.org\/{rel}","templated":true}]}}