{"id":21738,"date":"2023-12-01T16:32:53","date_gmt":"2023-12-01T16:32:53","guid":{"rendered":"https:\/\/blogs.hoy.es\/cumpleanoshoy\/?p=21738"},"modified":"2023-12-01T16:32:53","modified_gmt":"2023-12-01T16:32:53","slug":"tal-dia-como-hoy-2-de-diciembre-11","status":"publish","type":"post","link":"https:\/\/blogs.hoy.es\/cumpleanoshoy\/2023\/12\/01\/tal-dia-como-hoy-2-de-diciembre-11\/","title":{"rendered":"Tal d\u00eda como HOY 2 de diciembre"},"content":{"rendered":"<p><strong>Hoy cumple a\u00f1os:<\/strong><\/p>\n<p><strong>Antonio Bueno Flores<\/strong>, economista y escritor, 2 de diciembre de 1945<\/p>\n<p><strong>Fue noticia<\/strong>:<\/p>\n<div id=\"attachment_21739\" style=\"width: 219px\" class=\"wp-caption aligncenter\"><img aria-describedby=\"caption-attachment-21739\" loading=\"lazy\" class=\"size-medium wp-image-21739\" src=\"https:\/\/static-blogs.hoy.es\/wp-content\/uploads\/sites\/19\/2023\/12\/25-209x300.jpg\" alt=\"\" width=\"209\" height=\"300\" srcset=\"https:\/\/static-blogs.hoy.es\/wp-content\/uploads\/sites\/19\/2023\/12\/25-209x300.jpg 209w, https:\/\/static-blogs.hoy.es\/wp-content\/uploads\/sites\/19\/2023\/12\/25-768x1104.jpg 768w, https:\/\/static-blogs.hoy.es\/wp-content\/uploads\/sites\/19\/2023\/12\/25-712x1024.jpg 712w, https:\/\/static-blogs.hoy.es\/wp-content\/uploads\/sites\/19\/2023\/12\/25.jpg 798w\" sizes=\"(max-width: 209px) 100vw, 209px\" \/><p id=\"caption-attachment-21739\" class=\"wp-caption-text\">Hace 25 a\u00f1os<\/p><\/div>\n<div id=\"attachment_21740\" style=\"width: 203px\" class=\"wp-caption aligncenter\"><img aria-describedby=\"caption-attachment-21740\" loading=\"lazy\" class=\"size-medium wp-image-21740\" src=\"https:\/\/static-blogs.hoy.es\/wp-content\/uploads\/sites\/19\/2023\/12\/50-193x300.jpg\" alt=\"\" width=\"193\" height=\"300\" srcset=\"https:\/\/static-blogs.hoy.es\/wp-content\/uploads\/sites\/19\/2023\/12\/50-193x300.jpg 193w, https:\/\/static-blogs.hoy.es\/wp-content\/uploads\/sites\/19\/2023\/12\/50-768x1193.jpg 768w, https:\/\/static-blogs.hoy.es\/wp-content\/uploads\/sites\/19\/2023\/12\/50-659x1024.jpg 659w, https:\/\/static-blogs.hoy.es\/wp-content\/uploads\/sites\/19\/2023\/12\/50.jpg 774w\" sizes=\"(max-width: 193px) 100vw, 193px\" \/><p id=\"caption-attachment-21740\" class=\"wp-caption-text\">Hace 50 a\u00f1os<\/p><\/div>\n<div id=\"attachment_21741\" style=\"width: 217px\" class=\"wp-caption aligncenter\"><img aria-describedby=\"caption-attachment-21741\" loading=\"lazy\" class=\"size-medium wp-image-21741\" src=\"https:\/\/static-blogs.hoy.es\/wp-content\/uploads\/sites\/19\/2023\/12\/75-207x300.jpg\" alt=\"\" width=\"207\" height=\"300\" srcset=\"https:\/\/static-blogs.hoy.es\/wp-content\/uploads\/sites\/19\/2023\/12\/75-207x300.jpg 207w, https:\/\/static-blogs.hoy.es\/wp-content\/uploads\/sites\/19\/2023\/12\/75-768x1112.jpg 768w, https:\/\/static-blogs.hoy.es\/wp-content\/uploads\/sites\/19\/2023\/12\/75-707x1024.jpg 707w, https:\/\/static-blogs.hoy.es\/wp-content\/uploads\/sites\/19\/2023\/12\/75.jpg 839w\" sizes=\"(max-width: 207px) 100vw, 207px\" \/><p id=\"caption-attachment-21741\" class=\"wp-caption-text\">Hace 75 a\u00f1os<\/p><\/div>\n<p>&nbsp;<\/p>\n<p><strong>Las efem\u00e9rides del d\u00eda:<\/strong><\/p>\n<p>1804.- Napole\u00f3n Bonaparte es consagrado emperador por el Papa P\u00edo VII, en la catedral de Par\u00eds.<\/p>\n<p>1805.- Tropas francesas derrotan a las aliadas de Austria y Rusia en Austerlitz, una de las m\u00e1s brillantes victorias de Napole\u00f3n.<\/p>\n<p>1852.- Un golpe de Estado en Francia permite a Carlos Luis Bonaparte, presidente de la Rep\u00fablica, convertirse en el emperador Napole\u00f3n III.<\/p>\n<p>1903.- El Congreso espa\u00f1ol aprueba la ley de descanso dominical.<\/p>\n<p>1906.- Espa\u00f1a y Portugal firman el acta por la que se delimita la frontera entre ambos pa\u00edses.<\/p>\n<p>1927.- Le\u00f3n Trotski, organizador del Ej\u00e9rcito rojo, es expulsado del Partido Comunista de la URSS.<\/p>\n<p>1931.- Federico Garc\u00eda Lorca anuncia la puesta en marcha del teatro \u201cLa Barraca\u201d.<\/p>\n<p>1942.- El f\u00edsico italiano Enrico Fermi, premio Nobel de F\u00edsica 1938, monta la primera pila at\u00f3mica de uranio.<\/p>\n<p>1954.- El Senado de EEUU destituye al senador Mc Carthy, impulsor de la denominada \u201ccaza de brujas\u201d, persecuci\u00f3n de personas de izquierdas.<\/p>\n<p>1956.- El nav\u00edo \u201cGranma\u201d llega a Cuba con 82 revolucionarios cubanos dispuestos a derrocar al dictador Fulgencio Batista.<\/p>\n<p>1971.- Se constituye la Federaci\u00f3n de Emiratos \u00c1rabes, formada por seis emiratos del Golfo P\u00e9rsico.<\/p>\n<p>1979.- La embajada de EE.UU. en Libia es asaltada e incendiada por manifestantes.<\/p>\n<p>1982.- El doctor De Bries realiza la primera implantaci\u00f3n mundial de un coraz\u00f3n artificial permanente en el estado de Utah (EE.UU).<\/p>\n<p>1997.- Se aprueba en Bruselas la nueva estructura militar de la OTAN por los 16 miembros de la Organizaci\u00f3n.<\/p>\n<p>1999.- Isabel II de Inglaterra ratifica la transferencia de poderes al nuevo gobierno norirland\u00e9s, lo que da inicio a la autonom\u00eda para la provincia.<\/p>\n<p>2008.- El Tribunal Constitucional de Tailandia disuelve los tres partidos de la coalici\u00f3n gubernamental por fraude electoral e incapacita a sus dirigentes durante cinco a\u00f1os para ejercer funciones p\u00fablicas.<\/p>\n<p>2013.- El papa Francisco recibe en el Vaticano al primer ministro israel\u00ed, Netanyahu.<\/p>\n<p>2015.- Mueren 14 personas y otras 17 resultan heridas en un tiroteo en San Bernardino, California, reivindicado por el Estado Isl\u00e1mico.<\/p>\n<p>.- El Tribunal Constitucional anula la resoluci\u00f3n independentista del Parlament de Catalu\u00f1a.<\/p>\n<p>2016.- El Gobierno espa\u00f1ol aprueba la subida del 8 % del salario m\u00ednimo para 2017, hasta 707,60 euros.<\/p>\n<p>2017.- El papa Francisco finaliza viaje a Birmania y Bangladesh, donde finalmente se reuni\u00f3 y pronunci\u00f3 el nombre \u201crohiny\u00e1\u201d de la minor\u00eda \u00e9tnica perseguida.<\/p>\n<p><strong>El\u00a02 de\u00a0diciembre nacieron:<\/strong><\/p>\n<p>1825.- Pedro II, \u00faltimo emperador de Brasil.<\/p>\n<p>1905.- Osvaldo Pugliese, m\u00fasico argentino.<\/p>\n<p>1923.- Mar\u00eda Callas, soprano estadounidense de origen griego.<\/p>\n<p>1921.- Lola Gaos, actriz espa\u00f1ola.<\/p>\n<p>1924.- Alexander Haig, militar y pol\u00edtico estadounidense.<\/p>\n<p>1940.- Ram\u00f3n Pelegero \u201cRaimon\u201d, cantautor espa\u00f1ol.<\/p>\n<p>1944.- Ibrahim Rugova, pol\u00edtico de Kosovo<\/p>\n<p>1966.- Joan Puigcercos i Boixassa, pol\u00edtico espa\u00f1ol de ERC.<\/p>\n<p>1973.- M\u00f3nica Seles, tenista serbia de nacionalidad estadounidense.<\/p>\n<p>1975.- Xavier Dom\u00e8nech Sampere, pol\u00edtico espa\u00f1ol de En Com\u00fa Podem.<\/p>\n<p>1978.- Fonsi Nieto, piloto espa\u00f1ol de motos de 250 cc.<\/p>\n<p>1981.- Britney Spears, cantante estadounidense.<\/p>\n<p><strong>El\u00a02 de diciembre murieron:<\/strong><\/p>\n<p>1547.- Hern\u00e1n Cort\u00e9s, conquistador espa\u00f1ol.<\/p>\n<p>1923.- Tom\u00e1s Bret\u00f3n, compositor espa\u00f1ol.<\/p>\n<p>1932.- Amadeo Vives, compositor espa\u00f1ol.<\/p>\n<p>1944.- Filippo Tommaso Marinetti, escritor italiano.<\/p>\n<p>1987.- Luis Federico Leloir, qu\u00edmico argentino, Nobel 1970.<\/p>\n<p>1993.- Pablo Escobar, narcotraficante colombiano.<\/p>\n<p>1995.- Luis Roland Valenzuela, pol\u00edtico hondure\u00f1o.<\/p>\n<p>2005.- Margarita Retuerto Buades, abogada espa\u00f1ola.<\/p>\n<p>2008.- Odetta, cantante afroamericana.<\/p>\n<p>2009.- Luis Mar\u00eda Bandr\u00e9s Unanue, dirigente hist\u00f3rico del PNV.<\/p>\n<p>.- Alberto Mart\u00ednez, futbolista uruguayo.<\/p>\n<!-- AddThis Advanced Settings generic via filter on the_content --><!-- AddThis Share Buttons generic via filter on the_content -->","protected":false},"excerpt":{"rendered":"<p>Hoy cumple a\u00f1os: Antonio Bueno Flores, economista y escritor, 2 de diciembre de 1945 Fue noticia: &nbsp; Las efem\u00e9rides del d\u00eda: 1804.- Napole\u00f3n Bonaparte es consagrado emperador por el Papa P\u00edo VII, en la catedral de Par\u00eds. 1805.- Tropas francesas derrotan a las aliadas de Austria y Rusia en Austerlitz, una de las m\u00e1s brillantes [&hellip;]<!-- AddThis Advanced Settings generic via filter on get_the_excerpt --><!-- AddThis Share Buttons generic via filter on get_the_excerpt --><\/p>\n","protected":false},"author":24883,"featured_media":0,"comment_status":"open","ping_status":"closed","sticky":false,"template":"","format":"standard","meta":[],"categories":[1],"tags":[],"_links":{"self":[{"href":"https:\/\/blogs.hoy.es\/cumpleanoshoy\/wp-json\/wp\/v2\/posts\/21738"}],"collection":[{"href":"https:\/\/blogs.hoy.es\/cumpleanoshoy\/wp-json\/wp\/v2\/posts"}],"about":[{"href":"https:\/\/blogs.hoy.es\/cumpleanoshoy\/wp-json\/wp\/v2\/types\/post"}],"author":[{"embeddable":true,"href":"https:\/\/blogs.hoy.es\/cumpleanoshoy\/wp-json\/wp\/v2\/users\/24883"}],"replies":[{"embeddable":true,"href":"https:\/\/blogs.hoy.es\/cumpleanoshoy\/wp-json\/wp\/v2\/comments?post=21738"}],"version-history":[{"count":1,"href":"https:\/\/blogs.hoy.es\/cumpleanoshoy\/wp-json\/wp\/v2\/posts\/21738\/revisions"}],"predecessor-version":[{"id":21742,"href":"https:\/\/blogs.hoy.es\/cumpleanoshoy\/wp-json\/wp\/v2\/posts\/21738\/revisions\/21742"}],"wp:attachment":[{"href":"https:\/\/blogs.hoy.es\/cumpleanoshoy\/wp-json\/wp\/v2\/media?parent=21738"}],"wp:term":[{"taxonomy":"category","embeddable":true,"href":"https:\/\/blogs.hoy.es\/cumpleanoshoy\/wp-json\/wp\/v2\/categories?post=21738"},{"taxonomy":"post_tag","embeddable":true,"href":"https:\/\/blogs.hoy.es\/cumpleanoshoy\/wp-json\/wp\/v2\/tags?post=21738"}],"curies":[{"name":"wp","href":"https:\/\/api.w.org\/{rel}","templated":true}]}}