{"id":21756,"date":"2023-12-05T14:57:16","date_gmt":"2023-12-05T14:57:16","guid":{"rendered":"https:\/\/blogs.hoy.es\/cumpleanoshoy\/?p=21756"},"modified":"2023-12-05T15:33:56","modified_gmt":"2023-12-05T15:33:56","slug":"tal-dia-como-hoy-6-de-diciembre-12","status":"publish","type":"post","link":"https:\/\/blogs.hoy.es\/cumpleanoshoy\/2023\/12\/05\/tal-dia-como-hoy-6-de-diciembre-12\/","title":{"rendered":"Tal d\u00eda como HOY, 6 de diciembre"},"content":{"rendered":"<p><strong>Hoy cumple a\u00f1os:<\/strong><\/p>\n<p><strong>Alberto Contador<\/strong>, ciclista, 6 de diciembre de 1982: 42 a\u00f1os.<\/p>\n<p><strong>Fue noticia:<img title=\"gallery link=\" src=\"https:\/\/static-blogs.hoy.es\/wp-content\/uploads\/sites\/19\" alt=\"\" \/><\/strong><\/p>\n<div id=\"attachment_21758\" style=\"width: 214px\" class=\"wp-caption aligncenter\"><img aria-describedby=\"caption-attachment-21758\" loading=\"lazy\" class=\"size-medium wp-image-21758\" src=\"https:\/\/static-blogs.hoy.es\/wp-content\/uploads\/sites\/19\/2023\/12\/25-2-204x300.jpg\" alt=\"\" width=\"204\" height=\"300\" srcset=\"https:\/\/static-blogs.hoy.es\/wp-content\/uploads\/sites\/19\/2023\/12\/25-2-204x300.jpg 204w, https:\/\/static-blogs.hoy.es\/wp-content\/uploads\/sites\/19\/2023\/12\/25-2-768x1130.jpg 768w, https:\/\/static-blogs.hoy.es\/wp-content\/uploads\/sites\/19\/2023\/12\/25-2-696x1024.jpg 696w, https:\/\/static-blogs.hoy.es\/wp-content\/uploads\/sites\/19\/2023\/12\/25-2.jpg 780w\" sizes=\"(max-width: 204px) 100vw, 204px\" \/><p id=\"caption-attachment-21758\" class=\"wp-caption-text\">25 a\u00f1os.<\/p><\/div>\n<div id=\"attachment_21760\" style=\"width: 204px\" class=\"wp-caption aligncenter\"><img aria-describedby=\"caption-attachment-21760\" loading=\"lazy\" class=\"size-medium wp-image-21760\" src=\"https:\/\/static-blogs.hoy.es\/wp-content\/uploads\/sites\/19\/2023\/12\/50ANOS-194x300.jpg\" alt=\"\" width=\"194\" height=\"300\" srcset=\"https:\/\/static-blogs.hoy.es\/wp-content\/uploads\/sites\/19\/2023\/12\/50ANOS-194x300.jpg 194w, https:\/\/static-blogs.hoy.es\/wp-content\/uploads\/sites\/19\/2023\/12\/50ANOS-768x1190.jpg 768w, https:\/\/static-blogs.hoy.es\/wp-content\/uploads\/sites\/19\/2023\/12\/50ANOS-661x1024.jpg 661w, https:\/\/static-blogs.hoy.es\/wp-content\/uploads\/sites\/19\/2023\/12\/50ANOS.jpg 773w\" sizes=\"(max-width: 194px) 100vw, 194px\" \/><p id=\"caption-attachment-21760\" class=\"wp-caption-text\">50 a\u00f1os.<\/p><\/div>\n<p>&nbsp;<\/p>\n<p><strong>Las efem\u00e9rides del d\u00eda:<\/strong><\/p>\n<p>1759.- Carlos III, tercer hijo de Felipe V, y hasta entonces rey de N\u00e1poles, llega a Madrid para asumir el trono de Espa\u00f1a.<\/p>\n<p>1774.- El sult\u00e1n de Marruecos, Muley Muhamed Ben Abdala, pone sitio a la ciudad espa\u00f1ola de Melilla, que no consigue tomar.<\/p>\n<p>1888.- Clausura de la Exposici\u00f3n Universal de Barcelona.<\/p>\n<p>1905.- Francia promulga la ley de separaci\u00f3n entre el Estado y la Iglesia que establece un estado secular.<\/p>\n<p>1931.- Aprobada la nueva Constituci\u00f3n republicana en Espa\u00f1a.<\/p>\n<p>1949.- La Asamblea General de la ONU aprueba la internacionalizaci\u00f3n de Jerusal\u00e9n ciudad que queda administrada por Naciones Unidas (Resoluci\u00f3n 303).<\/p>\n<p>1985.-Sentencia contra las Juntas militares argentinas que gobernaron entre 1976 y 1983: Cadena perpetua para el dictador Videla y el exalmirante Massera y a 17 a\u00f1os de prisi\u00f3n para el exgeneral Viola.<\/p>\n<p>1987.-Estalla la primera Intifada o alzamiento palestino contra la ocupaci\u00f3n Israel\u00ed.<\/p>\n<p>1990.-Tras una segunda vuelta, las elecciones presidenciales de Polonia dan la victoria al l\u00edder del movimiento Solidaridad, Lech Walesa.<\/p>\n<p>1992.-Los Pr\u00edncipes de Gales, Carlos y Diana, anuncian su separaci\u00f3n oficial sin divorcio, que llega oficialmente cuatro a\u00f1os despu\u00e9s. (28.08.1996)<\/p>\n<p>1994.-325 muertos, la mayor\u00eda escolares, en un cine de Karamay, en Xinjiang, al noroeste de China.<\/p>\n<p>1996.-Los Reyes de Espa\u00f1a presiden en C\u00f3rdoba la inauguraci\u00f3n del gasoducto Magreb-Europa.<\/p>\n<p>2003.-Un terrorista suicida hace estallar una bomba cerca de la Plaza Roja de Mosc\u00fa que mata a seis personas y causa 14 heridos.<\/p>\n<p>2011.- Croacia firma su tratado de adhesi\u00f3n a UE.<\/p>\n<p>2012.- Ola de fr\u00edo azota centroeuropa deja 22 muertos por hipotermia (18 en Polonia y 4 en Rep\u00fablica Checa). En Rusia y Ucrania sumaron 206 muertos.<\/p>\n<p>2013.- Nace la mayor compa\u00f1\u00eda a\u00e9rea del mundo:\u201dAmerican Airlines Group\u201d, de la fusi\u00f3n de las estadounidenses American Airlines y US Airways.<\/p>\n<p>2015.- M\u00e1s de 60 muertos en un ataque talib\u00e1n contra el aeropuerto internacional de Kandahar, sur de Afganist\u00e1n.<\/p>\n<p>2016.- Juez env\u00eda a la c\u00e1rcel al padre de la ni\u00f1a Nadia por estafar en los donativos y retira la custodia a la madre.<\/p>\n<p>.-Matan de un disparo a la viuda del expresidente de la CAM, Vicente Sala.<\/p>\n<p>.-Parlamento de Corea del Sur aprueba la destituci\u00f3n de la presidenta, Park Geun-hye, por supuesta corrupci\u00f3n.<\/p>\n<p>2017.- Irak anuncia el fin de la guerra tras el control de los \u00faltimos reductos del Estado Isl\u00e1mico (EI).<\/p>\n<p>2019.- Se celebra en Madrid la Gran Marcha por el Clima con la participaci\u00f3n de la activista sueca Greta Thunberg.<\/p>\n<p><strong>El\u00a09 de diciembre\u00a0nacieron:<\/strong><\/p>\n<p>1882.- Joaqu\u00edn Turina, compositor espa\u00f1ol.<\/p>\n<p>1895.- Dolores Ibarruri, dirigente comunista espa\u00f1ola.<\/p>\n<p>1916.- Kirk Douglas, actor estadounidense de cine.<\/p>\n<p>1926.- Luis Miguel Domingu\u00edn, torero espa\u00f1ol.<\/p>\n<p>1930.- Edoardo Sanguinetti, escritor italiano.<\/p>\n<p>1934.- Judi Dench, actriz brit\u00e1nica<\/p>\n<p>1946.- Sonia Gandhi, pol\u00edtica india de origen italiano.<\/p>\n<p>1951.- Paco Lobat\u00f3n, periodista espa\u00f1ol.<\/p>\n<p>1953.- John Malkovich, actor y director teatral estadounidense.<\/p>\n<p>1954.-Jean Claude Juncker, exprimer ministro de Luxemburgo y presidente de la Comisi\u00f3n Europea (2014-19)<\/p>\n<p>1959.- Jos\u00e9 Luis \u00c1balos, ministro socialista de Fomento.<\/p>\n<p>.- Felicity Huffman, actriz estadounidense<\/p>\n<p>1963.- Masako Owada, emperatriz consorte de Jap\u00f3n por su matrimonio con Naruhito.<\/p>\n<p>2000.- Pablo Nicol\u00e1s, segundo hijo de la Infanta Cristina e I\u00f1aki Urdangar\u00edn.<\/p>\n<p><strong>El\u00a09 de diciembre murieron:<\/strong><\/p>\n<p>1641.- Anton Van Dick, pintor flamenco.<\/p>\n<p>1925.- Pablo Iglesias, fundador del PSOE y de la UGT.<\/p>\n<p>1936.- Juan de la Cierva, ingeniero espa\u00f1ol.<\/p>\n<p>1977.- Clarice Lispector, escritora brasile\u00f1a.<\/p>\n<p>1994.- Max Bill, pintor suizo.<\/p>\n<p>1996.- Alain Poher, pol\u00edtico franc\u00e9s.<\/p>\n<p>2000.- Juli\u00e1n Mar\u00edn, torero espa\u00f1ol.<\/p>\n<p>2004.- Adolfo Schlosser, escultor austriaco.<\/p>\n<p>2009.- Rodrigo Carazo, expresidente de Costa Rica.<\/p>\n<p>.-Eugenio Laugerud, expresidente guatemalteco.<\/p>\n<p>2015.- Julio Terrazas, cardenal boliviano.<\/p>\n<p>.- Akiyuki Nosaka, escritor y cantante japon\u00e9s.<\/p>\n<p>2017.-Ocimar Versolato, dise\u00f1ador brasile\u00f1o.<\/p>\n<p>.-Leonid Bronev\u00f3i , actor ruso de teatro y cine.<\/p>\n<p>2018.- Joseph Joffo, escritor franc\u00e9s.<\/p>\n<p>2019.- Bartomeu Meli\u00e0, de 86 a\u00f1os, jesuita, ling\u00fcista y antrop\u00f3logo. EFE<\/p>\n<!-- AddThis Advanced Settings generic via filter on the_content --><!-- AddThis Share Buttons generic via filter on the_content -->","protected":false},"excerpt":{"rendered":"<p>Hoy cumple a\u00f1os: Alberto Contador, ciclista, 6 de diciembre de 1982: 42 a\u00f1os. Fue noticia: &nbsp; Las efem\u00e9rides del d\u00eda: 1759.- Carlos III, tercer hijo de Felipe V, y hasta entonces rey de N\u00e1poles, llega a Madrid para asumir el trono de Espa\u00f1a. 1774.- El sult\u00e1n de Marruecos, Muley Muhamed Ben Abdala, pone sitio a [&hellip;]<!-- AddThis Advanced Settings generic via filter on get_the_excerpt --><!-- AddThis Share Buttons generic via filter on get_the_excerpt --><\/p>\n","protected":false},"author":24883,"featured_media":0,"comment_status":"open","ping_status":"closed","sticky":false,"template":"","format":"standard","meta":[],"categories":[1],"tags":[],"_links":{"self":[{"href":"https:\/\/blogs.hoy.es\/cumpleanoshoy\/wp-json\/wp\/v2\/posts\/21756"}],"collection":[{"href":"https:\/\/blogs.hoy.es\/cumpleanoshoy\/wp-json\/wp\/v2\/posts"}],"about":[{"href":"https:\/\/blogs.hoy.es\/cumpleanoshoy\/wp-json\/wp\/v2\/types\/post"}],"author":[{"embeddable":true,"href":"https:\/\/blogs.hoy.es\/cumpleanoshoy\/wp-json\/wp\/v2\/users\/24883"}],"replies":[{"embeddable":true,"href":"https:\/\/blogs.hoy.es\/cumpleanoshoy\/wp-json\/wp\/v2\/comments?post=21756"}],"version-history":[{"count":4,"href":"https:\/\/blogs.hoy.es\/cumpleanoshoy\/wp-json\/wp\/v2\/posts\/21756\/revisions"}],"predecessor-version":[{"id":21763,"href":"https:\/\/blogs.hoy.es\/cumpleanoshoy\/wp-json\/wp\/v2\/posts\/21756\/revisions\/21763"}],"wp:attachment":[{"href":"https:\/\/blogs.hoy.es\/cumpleanoshoy\/wp-json\/wp\/v2\/media?parent=21756"}],"wp:term":[{"taxonomy":"category","embeddable":true,"href":"https:\/\/blogs.hoy.es\/cumpleanoshoy\/wp-json\/wp\/v2\/categories?post=21756"},{"taxonomy":"post_tag","embeddable":true,"href":"https:\/\/blogs.hoy.es\/cumpleanoshoy\/wp-json\/wp\/v2\/tags?post=21756"}],"curies":[{"name":"wp","href":"https:\/\/api.w.org\/{rel}","templated":true}]}}