{"id":21779,"date":"2023-12-10T15:02:46","date_gmt":"2023-12-10T15:02:46","guid":{"rendered":"https:\/\/blogs.hoy.es\/cumpleanoshoy\/?p=21779"},"modified":"2023-12-10T15:07:39","modified_gmt":"2023-12-10T15:07:39","slug":"tal-dia-como-hoy-11-de-diciembre-10","status":"publish","type":"post","link":"https:\/\/blogs.hoy.es\/cumpleanoshoy\/2023\/12\/10\/tal-dia-como-hoy-11-de-diciembre-10\/","title":{"rendered":"Tal d\u00eda como HOY 11 de diciembre"},"content":{"rendered":"<p><strong>Hoy cumple a\u00f1os:<\/strong><\/p>\n<p>Leonardo Hern\u00e1ndez, rejoneador, 11 de diciembre de 1987 (36 a\u00f1os)<\/p>\n<p><strong>Fue noticia:<\/strong><\/p>\n<p><img loading=\"lazy\" class=\"aligncenter size-medium wp-image-21780\" src=\"https:\/\/static-blogs.hoy.es\/wp-content\/uploads\/sites\/19\/2023\/12\/1_page-0001-1-202x300.jpg\" alt=\"\" width=\"202\" height=\"300\" srcset=\"https:\/\/static-blogs.hoy.es\/wp-content\/uploads\/sites\/19\/2023\/12\/1_page-0001-1-202x300.jpg 202w, https:\/\/static-blogs.hoy.es\/wp-content\/uploads\/sites\/19\/2023\/12\/1_page-0001-1-768x1143.jpg 768w, https:\/\/static-blogs.hoy.es\/wp-content\/uploads\/sites\/19\/2023\/12\/1_page-0001-1-688x1024.jpg 688w, https:\/\/static-blogs.hoy.es\/wp-content\/uploads\/sites\/19\/2023\/12\/1_page-0001-1.jpg 923w\" sizes=\"(max-width: 202px) 100vw, 202px\" \/> <img loading=\"lazy\" class=\"aligncenter size-medium wp-image-21781\" src=\"https:\/\/static-blogs.hoy.es\/wp-content\/uploads\/sites\/19\/2023\/12\/2_page-0001-1-192x300.jpg\" alt=\"\" width=\"192\" height=\"300\" srcset=\"https:\/\/static-blogs.hoy.es\/wp-content\/uploads\/sites\/19\/2023\/12\/2_page-0001-1-192x300.jpg 192w, https:\/\/static-blogs.hoy.es\/wp-content\/uploads\/sites\/19\/2023\/12\/2_page-0001-1-768x1198.jpg 768w, https:\/\/static-blogs.hoy.es\/wp-content\/uploads\/sites\/19\/2023\/12\/2_page-0001-1-657x1024.jpg 657w, https:\/\/static-blogs.hoy.es\/wp-content\/uploads\/sites\/19\/2023\/12\/2_page-0001-1.jpg 881w\" sizes=\"(max-width: 192px) 100vw, 192px\" \/> <img loading=\"lazy\" class=\"aligncenter size-medium wp-image-21782\" src=\"https:\/\/static-blogs.hoy.es\/wp-content\/uploads\/sites\/19\/2023\/12\/3_page-0001-1-207x300.jpg\" alt=\"\" width=\"207\" height=\"300\" srcset=\"https:\/\/static-blogs.hoy.es\/wp-content\/uploads\/sites\/19\/2023\/12\/3_page-0001-1-207x300.jpg 207w, https:\/\/static-blogs.hoy.es\/wp-content\/uploads\/sites\/19\/2023\/12\/3_page-0001-1-768x1112.jpg 768w, https:\/\/static-blogs.hoy.es\/wp-content\/uploads\/sites\/19\/2023\/12\/3_page-0001-1-707x1024.jpg 707w, https:\/\/static-blogs.hoy.es\/wp-content\/uploads\/sites\/19\/2023\/12\/3_page-0001-1.jpg 949w\" sizes=\"(max-width: 207px) 100vw, 207px\" \/><\/p>\n<p><strong>Las efem\u00e9rides del d\u00eda:<\/strong><\/p>\n<p>1576.- Recae sentencia absolutoria en la causa seguida por la Inquisici\u00f3n contra Fray Luis de Le\u00f3n, tras casi cinco a\u00f1os de encarcelamiento.<br \/>\n1738.- Descubrimiento de la ciudad de Herculano, enterrada bajo la lava del Vesubio.<br \/>\n1813.- Napole\u00f3n restituye a Fernando VII la Corona de Espa\u00f1a.<br \/>\n1829.- Fernando VII contrae cuarto matrimonio con su sobrina Mar\u00eda Cristina de Borb\u00f3n.<br \/>\n1831.- El general Torrijos es fusilado junto a 52 hombres seguidores en su empresa de restablecer la libertad en Espa\u00f1a.<br \/>\n1892.- Se constituye en Espa\u00f1a un Gobierno liberal presidido por Sagasta.<br \/>\n1900.- Primera ascensi\u00f3n aeron\u00e1utica efectuada en Espa\u00f1a. El globo fue tripulado por el comandante Vives y el capit\u00e1n Jim\u00e9nez Millas.<br \/>\n1917.- El Parlamento de Lituania declara la independencia de Rusia.<br \/>\n1919.- La Dieta de Tirol vota por unanimidad la integraci\u00f3n econ\u00f3mica con Alemania.<br \/>\n1936.- Jorge VI de Inglaterra asciende al trono tras la despedida oficial de su hermano, el rey Eduardo VIII, que hab\u00eda abdicado.<br \/>\n1940.- II Guerra Mundial. Hitler aprueba el Plan Marita de invasi\u00f3n de Grecia.<br \/>\n1941.- Alemania e Italia declaran la guerra a Estados Unidos, cuatro d\u00edas despu\u00e9s del ataque japon\u00e9s a Pearl Harbour.<br \/>\n1945.- Ley fundacional del Instituto de Cultura Hisp\u00e1nica, actualmente denominado Instituto de Cooperaci\u00f3n Iberoamericana.<br \/>\n1964.- Las Cortes Espa\u00f1olas aprueban la ley de Asociaciones Pol\u00edticas, primer paso hacia la legalizaci\u00f3n de los partidos.<br \/>\n1967.- Francia veta la iniciaci\u00f3n de negociaciones para la entrada del Reino Unido en la CEE.<br \/>\n1976.- Los GRAPO secuestran al presidente del Consejo de Estado, Antonio de Oriol y Urquijo.<br \/>\n1986.- Denunciado a la Polic\u00eda el robo de cinco grabados de Picasso del Museo Espa\u00f1ol de Arte Contempor\u00e1neo.<br \/>\n1987.- Once muertos y 36 heridos en un atentado de ETA contra la casa cuartel de la Guardia Civil en Zaragoza.<br \/>\n1991.- Los jefes de Estado o de Gobierno de la CE alcanzan en Maastricht (Holanda) un hist\u00f3rico acuerdo sobre el Tratado de Uni\u00f3n Europea que prev\u00e9 la uni\u00f3n econ\u00f3mica y monetaria, la cohesi\u00f3n social y una pol\u00edtica exterior y de defensa comunes, con excepciones para Gran Breta\u00f1a.<br \/>\n1993.- La Unesco declara la Ruta Jacobea espa\u00f1ola patrimonio de la humanidad.<br \/>\n1995.- La explosi\u00f3n de un coche bomba, dirigido contra oficiales de la Armada, causa la muerte de seis trabajadores que iban en una furgoneta militar camuflada, en el barrio madrile\u00f1o de Vallecas.<br \/>\n1999.- Concluye la cumbre de Helsinki (Finlandia) con acuerdos para abrir el proceso de ampliaci\u00f3n de la UE a otros pa\u00edses y la creaci\u00f3n de un cuerpo militar para intervenciones r\u00e1pidas.<br \/>\n2002.- Multitudinarias manifestaciones en las principales ciudades gallegas convocadas por \u201cNunca m\u00e1is\u201d contra la gesti\u00f3n del Gobierno en la crisis del petrolero Prestige.<br \/>\n2004.- M\u00e9dicos que trataron en Viena (Austria) al candidato opositor a la Presidencia de Ucrania, Viktor Yuschenko, confirman que fue envenenado con dioxina.<br \/>\n2006.- Realizado en el Hospital La Fe de Valencia el primer trasplante de ambas manos en el mundo a una mujer.<br \/>\n2008.- El FBI detiene al financiero Bernard Madoff, acusado de un supuesto fraude de estructura piramidal de 30.000 millones de d\u00f3lares.<br \/>\n2013.- El papa Francisco es nombrado \u201cPersona del A\u00f1o\u201d por la revista Time.<br \/>\n2014.- M\u00e1s de 200 detenidos en el desalojo del campamento foco de las protestas en Hong Kong.<br \/>\n2015.- Doce muertos, entre ellos dos polic\u00edas espa\u00f1oles, en un ataque talib\u00e1n a una casa de la Embajada de Espa\u00f1a en Kabul.<\/p>\n<p>El 11 de diciembre nacieron:<\/p>\n<p>1810.- Alfred de Musset, escritor franc\u00e9s.<br \/>\n1843.- Robert Koch, m\u00e9dico y bacteri\u00f3logo alem\u00e1n.<br \/>\n1884.- Carlos Gardel, cantante uruguayo.<br \/>\n1908.- Carlos Arias Navarro, expresidente del Gobierno espa\u00f1ol.<br \/>\n.- Manoel de Oliveira, director de cine portugu\u00e9s.<br \/>\n1911.- Naguib Mahfuz, escritor egipcio, Premio Nobel 1988.<br \/>\n1913.- Carlo Ponti, productor cinematogr\u00e1fico italiano.<br \/>\n1918.- Alexander Solzhenitsin, escritor ruso, Premio Nobel 1970.<br \/>\n1928.- Tom\u00e1s Guti\u00e9rrez Alea, cineasta cubano.<br \/>\n1930.- Jean Louis Trintignant, actor franc\u00e9s.<br \/>\n.- Chus Lampreave, actriz espa\u00f1ola.<br \/>\n1943.- John Forbes Kerry, vicepresidente de EEUU.<br \/>\n1947.- Andr\u00e9s R\u00e1bago, \u201cOps\u201d, \u201cJon\u00e1s\u201d y \u201cEl Roto\u201d, humorista y dibujante espa\u00f1ol.<br \/>\n1950.- Cristina Onassis, hija del armador griego Arist\u00f3teles Onassis.<br \/>\n1958.- Alberto Ruiz-Gallard\u00f3n, pol\u00edtico espa\u00f1ol.<\/p>\n<p>El 11 de diciembre murieron:<\/p>\n<p>1474.- Enrique IV, rey de Castilla y Le\u00f3n.<br \/>\n1929.- Efr\u00e9n Rebolledo, poeta mexicano.<br \/>\n1959.- Felipe Sassone, escritor peruano.<br \/>\n1991.- Artur Lundkvist, escritor sueco.<br \/>\n1992.- Jos\u00e9 Osuna, director espa\u00f1ol de teatro.<br \/>\n1994.- Yao Yilin, hist\u00f3rico dirigente del Partido Comunista chino.<br \/>\n1999.- Franjo Tudjman, primer jefe de Estado de Croacia.<br \/>\n2002.- Luis Ciges Mart\u00ednez, actor, realizador y m\u00e9dico.<br \/>\n2008.- Bettie Pages, modelo estadounidense.<\/p>\n<!-- AddThis Advanced Settings generic via filter on the_content --><!-- AddThis Share Buttons generic via filter on the_content -->","protected":false},"excerpt":{"rendered":"<p>Hoy cumple a\u00f1os: Leonardo Hern\u00e1ndez, rejoneador, 11 de diciembre de 1987 (36 a\u00f1os) Fue noticia: Las efem\u00e9rides del d\u00eda: 1576.- Recae sentencia absolutoria en la causa seguida por la Inquisici\u00f3n contra Fray Luis de Le\u00f3n, tras casi cinco a\u00f1os de encarcelamiento. 1738.- Descubrimiento de la ciudad de Herculano, enterrada bajo la lava del Vesubio. 1813.- [&hellip;]<!-- AddThis Advanced Settings generic via filter on get_the_excerpt --><!-- AddThis Share Buttons generic via filter on get_the_excerpt --><\/p>\n","protected":false},"author":24883,"featured_media":0,"comment_status":"open","ping_status":"closed","sticky":false,"template":"","format":"standard","meta":[],"categories":[1],"tags":[],"_links":{"self":[{"href":"https:\/\/blogs.hoy.es\/cumpleanoshoy\/wp-json\/wp\/v2\/posts\/21779"}],"collection":[{"href":"https:\/\/blogs.hoy.es\/cumpleanoshoy\/wp-json\/wp\/v2\/posts"}],"about":[{"href":"https:\/\/blogs.hoy.es\/cumpleanoshoy\/wp-json\/wp\/v2\/types\/post"}],"author":[{"embeddable":true,"href":"https:\/\/blogs.hoy.es\/cumpleanoshoy\/wp-json\/wp\/v2\/users\/24883"}],"replies":[{"embeddable":true,"href":"https:\/\/blogs.hoy.es\/cumpleanoshoy\/wp-json\/wp\/v2\/comments?post=21779"}],"version-history":[{"count":1,"href":"https:\/\/blogs.hoy.es\/cumpleanoshoy\/wp-json\/wp\/v2\/posts\/21779\/revisions"}],"predecessor-version":[{"id":21783,"href":"https:\/\/blogs.hoy.es\/cumpleanoshoy\/wp-json\/wp\/v2\/posts\/21779\/revisions\/21783"}],"wp:attachment":[{"href":"https:\/\/blogs.hoy.es\/cumpleanoshoy\/wp-json\/wp\/v2\/media?parent=21779"}],"wp:term":[{"taxonomy":"category","embeddable":true,"href":"https:\/\/blogs.hoy.es\/cumpleanoshoy\/wp-json\/wp\/v2\/categories?post=21779"},{"taxonomy":"post_tag","embeddable":true,"href":"https:\/\/blogs.hoy.es\/cumpleanoshoy\/wp-json\/wp\/v2\/tags?post=21779"}],"curies":[{"name":"wp","href":"https:\/\/api.w.org\/{rel}","templated":true}]}}