{"id":21793,"date":"2023-12-13T14:52:12","date_gmt":"2023-12-13T14:52:12","guid":{"rendered":"https:\/\/blogs.hoy.es\/cumpleanoshoy\/?p=21793"},"modified":"2023-12-13T14:52:12","modified_gmt":"2023-12-13T14:52:12","slug":"tal-dia-como-hoy-14-de-diciembre-10","status":"publish","type":"post","link":"https:\/\/blogs.hoy.es\/cumpleanoshoy\/2023\/12\/13\/tal-dia-como-hoy-14-de-diciembre-10\/","title":{"rendered":"Tal d\u00eda como HOY 14 de diciembre"},"content":{"rendered":"<p><strong>Hoy cumple a\u00f1os:<\/strong><\/p>\n<p><strong>Jos\u00e9 Bono<\/strong>, pol\u00edtico, 14 de diciembre de 1950<\/p>\n<p><strong>Fue noticia<\/strong>:<\/p>\n<div id=\"attachment_21794\" style=\"width: 212px\" class=\"wp-caption aligncenter\"><img aria-describedby=\"caption-attachment-21794\" loading=\"lazy\" class=\"size-medium wp-image-21794\" src=\"https:\/\/static-blogs.hoy.es\/wp-content\/uploads\/sites\/19\/2023\/12\/25-5-202x300.jpg\" alt=\"\" width=\"202\" height=\"300\" srcset=\"https:\/\/static-blogs.hoy.es\/wp-content\/uploads\/sites\/19\/2023\/12\/25-5-202x300.jpg 202w, https:\/\/static-blogs.hoy.es\/wp-content\/uploads\/sites\/19\/2023\/12\/25-5-768x1140.jpg 768w, https:\/\/static-blogs.hoy.es\/wp-content\/uploads\/sites\/19\/2023\/12\/25-5-690x1024.jpg 690w, https:\/\/static-blogs.hoy.es\/wp-content\/uploads\/sites\/19\/2023\/12\/25-5.jpg 780w\" sizes=\"(max-width: 202px) 100vw, 202px\" \/><p id=\"caption-attachment-21794\" class=\"wp-caption-text\">Hace 25 a\u00f1os<\/p><\/div>\n<div id=\"attachment_21795\" style=\"width: 202px\" class=\"wp-caption aligncenter\"><img aria-describedby=\"caption-attachment-21795\" loading=\"lazy\" class=\"size-medium wp-image-21795\" src=\"https:\/\/static-blogs.hoy.es\/wp-content\/uploads\/sites\/19\/2023\/12\/50-3-192x300.jpg\" alt=\"\" width=\"192\" height=\"300\" srcset=\"https:\/\/static-blogs.hoy.es\/wp-content\/uploads\/sites\/19\/2023\/12\/50-3-192x300.jpg 192w, https:\/\/static-blogs.hoy.es\/wp-content\/uploads\/sites\/19\/2023\/12\/50-3-768x1199.jpg 768w, https:\/\/static-blogs.hoy.es\/wp-content\/uploads\/sites\/19\/2023\/12\/50-3-656x1024.jpg 656w, https:\/\/static-blogs.hoy.es\/wp-content\/uploads\/sites\/19\/2023\/12\/50-3.jpg 774w\" sizes=\"(max-width: 192px) 100vw, 192px\" \/><p id=\"caption-attachment-21795\" class=\"wp-caption-text\">Hace 50 a\u00f1os<\/p><\/div>\n<div id=\"attachment_21796\" style=\"width: 217px\" class=\"wp-caption aligncenter\"><img aria-describedby=\"caption-attachment-21796\" loading=\"lazy\" class=\"size-medium wp-image-21796\" src=\"https:\/\/static-blogs.hoy.es\/wp-content\/uploads\/sites\/19\/2023\/12\/75-3-207x300.jpg\" alt=\"\" width=\"207\" height=\"300\" srcset=\"https:\/\/static-blogs.hoy.es\/wp-content\/uploads\/sites\/19\/2023\/12\/75-3-207x300.jpg 207w, https:\/\/static-blogs.hoy.es\/wp-content\/uploads\/sites\/19\/2023\/12\/75-3-768x1112.jpg 768w, https:\/\/static-blogs.hoy.es\/wp-content\/uploads\/sites\/19\/2023\/12\/75-3-707x1024.jpg 707w, https:\/\/static-blogs.hoy.es\/wp-content\/uploads\/sites\/19\/2023\/12\/75-3.jpg 839w\" sizes=\"(max-width: 207px) 100vw, 207px\" \/><p id=\"caption-attachment-21796\" class=\"wp-caption-text\">Hace 75 a\u00f1os<\/p><\/div>\n<p><strong>Las efem\u00e9rides del d\u00eda:<\/strong><\/p>\n<p>1911.- El explorador noruego Roald Amundsen llega al Polo Sur.<br \/>\n1920.- La C\u00e1mara de los Lores brit\u00e1nica aprueba la divisi\u00f3n de Irlanda en dos territorios aut\u00f3nomos, el norte protestante y el sur cat\u00f3lico.<br \/>\n1925.- Se publica un decreto por el que se suprime el Estado Mayor Central del Ej\u00e9rcito espa\u00f1ol.<br \/>\n1930.- Fusilamiento de los capitanes Gal\u00e1n y Garc\u00eda Hern\u00e1ndez, por la sublevaci\u00f3n republicana de Jaca (Huesca).<br \/>\n1932.- Francesc Maci\u00e1 es elegido formalmente presidente de la Generalitat por el Parlamento catal\u00e1n surgido del Estatuto.<br \/>\n1937.- Guerra chino japonesa: Jap\u00f3n proclama el Gobierno provisional de la Rep\u00fablica China.<br \/>\n1939.- La URSS es expulsada de la Sociedad de Naciones por su agresi\u00f3n a Finlandia.<br \/>\n1942.- Aprobada la Ley del Seguro Obligatorio de Enfermedad en Espa\u00f1a.<br \/>\n1955.- Espa\u00f1a y otros 14 pa\u00edses ingresan en la ONU.<br \/>\n1962.- La sonda estadounidense \u201cMariner II\u201d se acerca a 33.000 kil\u00f3metros de Venus tras recorrer otros 300 millones de kil\u00f3metros.<br \/>\n1966.- Refrendada en Espa\u00f1a la Ley Org\u00e1nica del Estado.<br \/>\n1967.- El rey Constantino de Grecia marcha al exilio.<br \/>\n1979.- Fuerzas iraqu\u00edes invaden territorio iran\u00ed.<br \/>\n1981.- El Parlamento israel\u00ed aprueba la anexi\u00f3n del territorio sirio del Gol\u00e1n, arrebatado en la guerra de 1967.<br \/>\n1988.- Huelga general en Espa\u00f1a contra la pol\u00edtica econ\u00f3mica del Gobierno.<br \/>\n1994.- Arancha S\u00e1nchez Vicario es designada la mejor tenista del mundo en 1994 por la federaci\u00f3n Internacional de Tenis.<br \/>\n1995.- Firma en el Palacio del El\u00edseo de Par\u00eds el acuerdo de paz para Bosnia, que pone fin a tres a\u00f1os y medio de una guerra.<br \/>\n2003.- Pasqual Maragall (PSC), Josep Lluis Carov Rovira (ERC) y Joan Saura (ICV) rubrican el llamado Pacto del Tinell, por un Gobierno catalanista y de izquierdas para Catalu\u00f1a.<br \/>\n2005.- El presidente de EEUU, George W. Bush, asume la responsabilidad de los errores en los datos aportados por los servicios de inteligencia para decidir la invasi\u00f3n de Irak.<br \/>\n2007.- Felipe Gonz\u00e1lez es elegido presidente del consejo de sabios que decidir\u00e1 el futuro de la UE.<br \/>\n2010.- Un equipo internacional, que incluye a Espa\u00f1a, anuncia una terapia contra el c\u00e1ncer de mama que elimina el tumor, antes de la cirug\u00eda, en la mitad de los casos.<br \/>\n2011.- El regreso de los primeros soldados estadounidenses marca el inicio del fin de su despliegue militar en Irak.<br \/>\n2012.- 27 personas mueren, incluido el autor de la masacre, en un tiroteo en un colegio de la localidad estadounidense de Newtown.<br \/>\n2013.- China se convierte en el tercer pa\u00eds (tras la Uni\u00f3n Sovi\u00e9tica y Estados Unidos) en posar una nave sobre suelo lunar.<\/p>\n<p><strong>El\u00a014 de diciembre\u00a0nacieron:<\/strong><\/p>\n<p>1503.- Michel de Nostradamus, astr\u00f3logo franc\u00e9s.<br \/>\n1831.- Arsenio Mart\u00ednez Campos, militar y pol\u00edtico espa\u00f1ol.<br \/>\n1846.- Joaqu\u00edn Costa, pol\u00edtico y soci\u00f3logo espa\u00f1ol.<br \/>\n1853.- Salvador D\u00edaz Mir\u00f3n, escritor mexicano.<br \/>\n1895.- Jorge VI, rey de Inglaterra.<br \/>\n1914.- Karl Carstens, pol\u00edtico y abogado alem\u00e1n.<br \/>\n1916.- Jos\u00e9 Mar\u00eda Garc\u00eda Escudero, historiador espa\u00f1ol.<br \/>\n1920.- Orlando Pelayo, pintor espa\u00f1ol.<br \/>\n1937.- Lee Remick, actriz estadounidense.<br \/>\n1938.- Leonardo Boff, te\u00f3rico brasile\u00f1o de la Teolog\u00eda de la Liberaci\u00f3n.<br \/>\n1947.- Jane Birkin, actriz brit\u00e1nica.<br \/>\n1963.- Serguei Bubka, atleta ucraniano.<\/p>\n<p><strong>El 14 de diciembre murieron:<\/strong><\/p>\n<p>1788.- Carlos III, rey de Espa\u00f1a.<br \/>\n1799.- George Washington, presidente estadounidense.<br \/>\n1950.- George Bernard Shaw, dramaturgo irland\u00e9s.<br \/>\n1978.- Salvador de Madariaga, ensayista y diplom\u00e1tico espa\u00f1ol.<br \/>\n1984.- Vicente Aleixandre, poeta espa\u00f1ol, P. Nobel 1977.<br \/>\n1985.- Antonio Tovar, acad\u00e9mico espa\u00f1ol.<br \/>\n1986.- Pedro S\u00e1inz Rodr\u00edguez, pol\u00edtico y acad\u00e9mico espa\u00f1ol.<br \/>\n1989.- Andrei Sajarov, f\u00edsico sovi\u00e9tico, Nobel de la Paz 1975.<br \/>\n1993.- Myrna Loy, actriz estadounidense.<br \/>\n2002.- Enrique Tarigo, pol\u00edtico uruguayo.<br \/>\n2004.- Anselmo L\u00f3pez, ex seleccionador espa\u00f1ol y ex director del Consejo Superior de Deportes.<br \/>\n2005.- Enrich Folch R\u00edos, editor espa\u00f1ol.<br \/>\n2007.- Jos\u00e9 Mar\u00eda Gil-Albert, ex fiscal general del Estado espa\u00f1ol.<br \/>\n2008.- Ram\u00f3n Barce, compositor espa\u00f1ol.<br \/>\n2010.- Neva Patterson, actriz estadounidense.<br \/>\n2014.- Juan Rold\u00e1n, pintor sevillano<\/p>\n<!-- AddThis Advanced Settings generic via filter on the_content --><!-- AddThis Share Buttons generic via filter on the_content -->","protected":false},"excerpt":{"rendered":"<p>Hoy cumple a\u00f1os: Jos\u00e9 Bono, pol\u00edtico, 14 de diciembre de 1950 Fue noticia: Las efem\u00e9rides del d\u00eda: 1911.- El explorador noruego Roald Amundsen llega al Polo Sur. 1920.- La C\u00e1mara de los Lores brit\u00e1nica aprueba la divisi\u00f3n de Irlanda en dos territorios aut\u00f3nomos, el norte protestante y el sur cat\u00f3lico. 1925.- Se publica un decreto [&hellip;]<!-- AddThis Advanced Settings generic via filter on get_the_excerpt --><!-- AddThis Share Buttons generic via filter on get_the_excerpt --><\/p>\n","protected":false},"author":24883,"featured_media":0,"comment_status":"open","ping_status":"closed","sticky":false,"template":"","format":"standard","meta":[],"categories":[1],"tags":[],"_links":{"self":[{"href":"https:\/\/blogs.hoy.es\/cumpleanoshoy\/wp-json\/wp\/v2\/posts\/21793"}],"collection":[{"href":"https:\/\/blogs.hoy.es\/cumpleanoshoy\/wp-json\/wp\/v2\/posts"}],"about":[{"href":"https:\/\/blogs.hoy.es\/cumpleanoshoy\/wp-json\/wp\/v2\/types\/post"}],"author":[{"embeddable":true,"href":"https:\/\/blogs.hoy.es\/cumpleanoshoy\/wp-json\/wp\/v2\/users\/24883"}],"replies":[{"embeddable":true,"href":"https:\/\/blogs.hoy.es\/cumpleanoshoy\/wp-json\/wp\/v2\/comments?post=21793"}],"version-history":[{"count":1,"href":"https:\/\/blogs.hoy.es\/cumpleanoshoy\/wp-json\/wp\/v2\/posts\/21793\/revisions"}],"predecessor-version":[{"id":21797,"href":"https:\/\/blogs.hoy.es\/cumpleanoshoy\/wp-json\/wp\/v2\/posts\/21793\/revisions\/21797"}],"wp:attachment":[{"href":"https:\/\/blogs.hoy.es\/cumpleanoshoy\/wp-json\/wp\/v2\/media?parent=21793"}],"wp:term":[{"taxonomy":"category","embeddable":true,"href":"https:\/\/blogs.hoy.es\/cumpleanoshoy\/wp-json\/wp\/v2\/categories?post=21793"},{"taxonomy":"post_tag","embeddable":true,"href":"https:\/\/blogs.hoy.es\/cumpleanoshoy\/wp-json\/wp\/v2\/tags?post=21793"}],"curies":[{"name":"wp","href":"https:\/\/api.w.org\/{rel}","templated":true}]}}