{"id":21798,"date":"2023-12-14T15:15:16","date_gmt":"2023-12-14T15:15:16","guid":{"rendered":"https:\/\/blogs.hoy.es\/cumpleanoshoy\/?p=21798"},"modified":"2023-12-14T15:15:16","modified_gmt":"2023-12-14T15:15:16","slug":"tal-dia-como-hoy-15-de-diciembre-12","status":"publish","type":"post","link":"https:\/\/blogs.hoy.es\/cumpleanoshoy\/2023\/12\/14\/tal-dia-como-hoy-15-de-diciembre-12\/","title":{"rendered":"Tal d\u00eda como HOY 15 de diciembre"},"content":{"rendered":"<p><strong>Hoy cumple a\u00f1os:<\/strong><\/p>\n<p><strong>Manuel \u2018Sete\u2019 Gibernau<\/strong>, piloto de motociclismo, 15 de diciembre de 1972<\/p>\n<p><strong>Fue noticia<\/strong>:<\/p>\n<div id=\"attachment_21799\" style=\"width: 212px\" class=\"wp-caption aligncenter\"><img aria-describedby=\"caption-attachment-21799\" loading=\"lazy\" class=\"size-medium wp-image-21799\" src=\"https:\/\/static-blogs.hoy.es\/wp-content\/uploads\/sites\/19\/2023\/12\/25-6-202x300.jpg\" alt=\"\" width=\"202\" height=\"300\" srcset=\"https:\/\/static-blogs.hoy.es\/wp-content\/uploads\/sites\/19\/2023\/12\/25-6-202x300.jpg 202w, https:\/\/static-blogs.hoy.es\/wp-content\/uploads\/sites\/19\/2023\/12\/25-6-768x1140.jpg 768w, https:\/\/static-blogs.hoy.es\/wp-content\/uploads\/sites\/19\/2023\/12\/25-6-690x1024.jpg 690w, https:\/\/static-blogs.hoy.es\/wp-content\/uploads\/sites\/19\/2023\/12\/25-6.jpg 780w\" sizes=\"(max-width: 202px) 100vw, 202px\" \/><p id=\"caption-attachment-21799\" class=\"wp-caption-text\">Hace 25 a\u00f1os<\/p><\/div>\n<div id=\"attachment_21800\" style=\"width: 202px\" class=\"wp-caption aligncenter\"><img aria-describedby=\"caption-attachment-21800\" loading=\"lazy\" class=\"size-medium wp-image-21800\" src=\"https:\/\/static-blogs.hoy.es\/wp-content\/uploads\/sites\/19\/2023\/12\/50-4-192x300.jpg\" alt=\"\" width=\"192\" height=\"300\" srcset=\"https:\/\/static-blogs.hoy.es\/wp-content\/uploads\/sites\/19\/2023\/12\/50-4-192x300.jpg 192w, https:\/\/static-blogs.hoy.es\/wp-content\/uploads\/sites\/19\/2023\/12\/50-4-768x1199.jpg 768w, https:\/\/static-blogs.hoy.es\/wp-content\/uploads\/sites\/19\/2023\/12\/50-4-656x1024.jpg 656w, https:\/\/static-blogs.hoy.es\/wp-content\/uploads\/sites\/19\/2023\/12\/50-4.jpg 772w\" sizes=\"(max-width: 192px) 100vw, 192px\" \/><p id=\"caption-attachment-21800\" class=\"wp-caption-text\">Hace 50 a\u00f1os<\/p><\/div>\n<div id=\"attachment_21801\" style=\"width: 217px\" class=\"wp-caption aligncenter\"><img aria-describedby=\"caption-attachment-21801\" loading=\"lazy\" class=\"size-medium wp-image-21801\" src=\"https:\/\/static-blogs.hoy.es\/wp-content\/uploads\/sites\/19\/2023\/12\/75-4-207x300.jpg\" alt=\"\" width=\"207\" height=\"300\" srcset=\"https:\/\/static-blogs.hoy.es\/wp-content\/uploads\/sites\/19\/2023\/12\/75-4-207x300.jpg 207w, https:\/\/static-blogs.hoy.es\/wp-content\/uploads\/sites\/19\/2023\/12\/75-4-768x1112.jpg 768w, https:\/\/static-blogs.hoy.es\/wp-content\/uploads\/sites\/19\/2023\/12\/75-4-707x1024.jpg 707w, https:\/\/static-blogs.hoy.es\/wp-content\/uploads\/sites\/19\/2023\/12\/75-4.jpg 839w\" sizes=\"(max-width: 207px) 100vw, 207px\" \/><p id=\"caption-attachment-21801\" class=\"wp-caption-text\">Hace 75 a\u00f1os<\/p><\/div>\n<p>&nbsp;<\/p>\n<p><strong>Las efem\u00e9rides del d\u00eda:<\/strong><\/p>\n<p>1792.- Revoluci\u00f3n francesa. El rey Luis XVI, prisionero de los revolucionarios, redacta su testamento en la torre de Temple, de donde saldr\u00eda para el cadalso.<br \/>\n1884.- Estalla la revoluci\u00f3n en Corea. El rey huye pero su hijo y seis ministros son asesinados.<br \/>\n1917.- Los imperios Centrales y Rusia firman un armisticio en Brest-Litovsk.<br \/>\n1918.- Asesinato del presidente portugu\u00e9s Sidonio Paes.<br \/>\n1939.- Se estrena la pel\u00edcula \u201cLo que el viento se llev\u00f3\u201d.<br \/>\n1956.- El Gobierno brit\u00e1nico decreta el estado de excepci\u00f3n en Irlanda del Norte como r\u00e9plica a los atentados del IRA.<br \/>\n1959.- Inauguraci\u00f3n del tren Talgo entre Madrid y Barcelona.<br \/>\n1960.- El rey Balduino de B\u00e9lgica contrae matrimonio con la espa\u00f1ola Fabiola de Mora y Arag\u00f3n.<br \/>\n1961.- Adolf Eichman es condenado a muerte por un tribunal de Jerusal\u00e9n tras un juicio en el que fue acusado de genocidio a la raza jud\u00eda.<br \/>\n1970.- Disturbios estudiantiles en Madrid motivan el cierre de la Universidad.<br \/>\n1976.- Aprobada en refer\u00e9ndum la Ley de Reforma Pol\u00edtica, que abri\u00f3 el camino a la democracia en Espa\u00f1a.<br \/>\n1979.- Llega a Bilbao Jes\u00fas Mar\u00eda Leizaola, presidente del Gobierno vasco en el exilio.<br \/>\n1982.- Apertura de la verja de Gibraltar despu\u00e9s de 13 a\u00f1os de bloqueo.<br \/>\n1988.- La Asamblea General de la ONU reconoce en su seno a Palestina por este nombre, en lugar de Organizaci\u00f3n para la Liberaci\u00f3n de Palestina (resoluci\u00f3n 43\/177).<br \/>\n1993.- Los 117 pa\u00edses miembros del Acuerdo General sobre Aranceles Aduaneros y Comercio (GATT) aprueban por unanimidad, tras siete a\u00f1os de negociaciones multilaterales, el acta final de la Ronda Uruguay, un hist\u00f3rico acuerdo comercial.<br \/>\n1995.- Cumbre comunitaria de Jefes de Estado y de Gobierno en Madrid: \u201clos quince\u201d aprueban la creaci\u00f3n del \u201ceuro\u201d, la moneda \u00fanica europea.<br \/>\n2000.- Ucrania cierra oficialmente la central nuclear de Chern\u00f3bil, causante de la mayor cat\u00e1strofe at\u00f3mica de la historia.<br \/>\n2005.- El Pleno del Congreso espa\u00f1ol aprueba el proyecto de Ley Org\u00e1nica de Educaci\u00f3n (LOE).<br \/>\n2007.- El presidente Musharraf levanta el estado de excepci\u00f3n y restaura la Constituci\u00f3n en Pakist\u00e1n.<br \/>\n2011.- Condenado a cadena perpetua el terrorista venezolano Ilich Ram\u00edrez S\u00e1nchez, \u201cCarlos\u201d.<br \/>\n.- Jacques Chirac, sentenciado a dos a\u00f1os de c\u00e1rcel, se convierte en el primer expresidente franc\u00e9s condenado a prisi\u00f3n.<br \/>\n2013.- Espa\u00f1a y Francia quedan conectadas en alta velocidad ferroviaria.<br \/>\n2014.- Tres personas, el agresor y dos rehenes, mueren en un caf\u00e9 de Sidney (Australia) donde un refugiado musulm\u00e1n hab\u00eda secuestrado a sus clientes.<\/p>\n<p><strong>El\u00a015 de diciembre\u00a0nacieron:<\/strong><\/p>\n<p>1832.- Gustavo Eiffel, ingeniero franc\u00e9s.<br \/>\n1845.- Francisco Silvela, pol\u00edtico y escritor espa\u00f1ol.<br \/>\n1852.- Antoine Henri Becquerel, f\u00edsico franc\u00e9s y P.Nobel 1903.<br \/>\n1892.- Valeriano Le\u00f3n, actor espa\u00f1ol.<br \/>\n1898.- Fernando Remacha, compositor y profesor espa\u00f1ol.<br \/>\n1907.- Oscar Niemeyer, arquitecto brasile\u00f1o.<br \/>\n1911.- Rafael Dur\u00e1n, actor espa\u00f1ol.<br \/>\n1936.- Pedro Osinaga, actor espa\u00f1ol.<br \/>\n1940.- Paco Camino, torero espa\u00f1ol.<br \/>\n1972.- Manuel \u201cSete\u201d Gibernau, piloto de motociclismo.<\/p>\n<p><strong>El 15 de diciembre murieron:<\/strong><\/p>\n<p>1944.- Glenn Miller, m\u00fasico estadounidense.<br \/>\n1962.- Charles Laughton, actor ingl\u00e9s.<br \/>\n1966.- Walt Disney, dibujante y cineasta estadounidense.<br \/>\n1990.- Miguel Coll i Alentorn, pol\u00edtico espa\u00f1ol.<br \/>\n1995.- Manuel Guti\u00e9rrez Mellado, militar y exvicepresidente del Gobierno espa\u00f1ol.<br \/>\n2003.- Margarita Aguirre, escritora y cr\u00edtica chilena.<br \/>\n2005.- Juli\u00e1n Mar\u00edas Aguilera, fil\u00f3sofo, soci\u00f3logo y escritor espa\u00f1ol.<br \/>\n2006.- Clay Regazzoni, expiloto de F\u00f3rmula 1.<br \/>\n2007.- Philip Agee, exagente estadounidense de la CIA.<br \/>\n2008.- Le\u00f3n Febres Cordero, expresidente de Ecuador.<br \/>\n2010.- Blake Edwards, cineasta estadounidense.<br \/>\n2011.- Rafael Le\u00f3n Portillo, poeta.<br \/>\n\u2013 Joe Simon, dibujante de c\u00f3mic estadounidense, co-creador del superh\u00e9roe Capit\u00e1n Am\u00e9rica.<br \/>\n\u2013 Christofer Hitchens, escritor y periodista brit\u00e1nico.<br \/>\n2013.- Peter O\u2019Toole, actor irland\u00e9s.<br \/>\n.- Jos\u00e9 Jim\u00e9nez Villarejo, magistrado em\u00e9rito del Tribunal Supremo y exfiscal.<\/p>\n<!-- AddThis Advanced Settings generic via filter on the_content --><!-- AddThis Share Buttons generic via filter on the_content -->","protected":false},"excerpt":{"rendered":"<p>Hoy cumple a\u00f1os: Manuel \u2018Sete\u2019 Gibernau, piloto de motociclismo, 15 de diciembre de 1972 Fue noticia: &nbsp; Las efem\u00e9rides del d\u00eda: 1792.- Revoluci\u00f3n francesa. El rey Luis XVI, prisionero de los revolucionarios, redacta su testamento en la torre de Temple, de donde saldr\u00eda para el cadalso. 1884.- Estalla la revoluci\u00f3n en Corea. El rey huye [&hellip;]<!-- AddThis Advanced Settings generic via filter on get_the_excerpt --><!-- AddThis Share Buttons generic via filter on get_the_excerpt --><\/p>\n","protected":false},"author":24883,"featured_media":0,"comment_status":"open","ping_status":"closed","sticky":false,"template":"","format":"standard","meta":[],"categories":[1],"tags":[],"_links":{"self":[{"href":"https:\/\/blogs.hoy.es\/cumpleanoshoy\/wp-json\/wp\/v2\/posts\/21798"}],"collection":[{"href":"https:\/\/blogs.hoy.es\/cumpleanoshoy\/wp-json\/wp\/v2\/posts"}],"about":[{"href":"https:\/\/blogs.hoy.es\/cumpleanoshoy\/wp-json\/wp\/v2\/types\/post"}],"author":[{"embeddable":true,"href":"https:\/\/blogs.hoy.es\/cumpleanoshoy\/wp-json\/wp\/v2\/users\/24883"}],"replies":[{"embeddable":true,"href":"https:\/\/blogs.hoy.es\/cumpleanoshoy\/wp-json\/wp\/v2\/comments?post=21798"}],"version-history":[{"count":1,"href":"https:\/\/blogs.hoy.es\/cumpleanoshoy\/wp-json\/wp\/v2\/posts\/21798\/revisions"}],"predecessor-version":[{"id":21802,"href":"https:\/\/blogs.hoy.es\/cumpleanoshoy\/wp-json\/wp\/v2\/posts\/21798\/revisions\/21802"}],"wp:attachment":[{"href":"https:\/\/blogs.hoy.es\/cumpleanoshoy\/wp-json\/wp\/v2\/media?parent=21798"}],"wp:term":[{"taxonomy":"category","embeddable":true,"href":"https:\/\/blogs.hoy.es\/cumpleanoshoy\/wp-json\/wp\/v2\/categories?post=21798"},{"taxonomy":"post_tag","embeddable":true,"href":"https:\/\/blogs.hoy.es\/cumpleanoshoy\/wp-json\/wp\/v2\/tags?post=21798"}],"curies":[{"name":"wp","href":"https:\/\/api.w.org\/{rel}","templated":true}]}}