{"id":21803,"date":"2023-12-15T15:06:59","date_gmt":"2023-12-15T15:06:59","guid":{"rendered":"https:\/\/blogs.hoy.es\/cumpleanoshoy\/?p=21803"},"modified":"2023-12-15T15:06:59","modified_gmt":"2023-12-15T15:06:59","slug":"tal-dia-como-hoy-16-de-diciembre-12","status":"publish","type":"post","link":"https:\/\/blogs.hoy.es\/cumpleanoshoy\/2023\/12\/15\/tal-dia-como-hoy-16-de-diciembre-12\/","title":{"rendered":"Tal d\u00eda como HOY 16 de diciembre"},"content":{"rendered":"<p><strong>Hoy cumple a\u00f1os:<\/strong><\/p>\n<p><strong>Juan Abell\u00f3 Gallo<\/strong>, empresario, 16 de diciembre de 1941<\/p>\n<p><strong>Fue noticia:\u00a0\u00a0<\/strong><\/p>\n<div id=\"attachment_21804\" style=\"width: 212px\" class=\"wp-caption aligncenter\"><img aria-describedby=\"caption-attachment-21804\" loading=\"lazy\" class=\"size-medium wp-image-21804\" src=\"https:\/\/static-blogs.hoy.es\/wp-content\/uploads\/sites\/19\/2023\/12\/25-7-202x300.jpg\" alt=\"\" width=\"202\" height=\"300\" srcset=\"https:\/\/static-blogs.hoy.es\/wp-content\/uploads\/sites\/19\/2023\/12\/25-7-202x300.jpg 202w, https:\/\/static-blogs.hoy.es\/wp-content\/uploads\/sites\/19\/2023\/12\/25-7-768x1139.jpg 768w, https:\/\/static-blogs.hoy.es\/wp-content\/uploads\/sites\/19\/2023\/12\/25-7-690x1024.jpg 690w, https:\/\/static-blogs.hoy.es\/wp-content\/uploads\/sites\/19\/2023\/12\/25-7.jpg 780w\" sizes=\"(max-width: 202px) 100vw, 202px\" \/><p id=\"caption-attachment-21804\" class=\"wp-caption-text\">Hace 25 a\u00f1os<\/p><\/div>\n<div id=\"attachment_21805\" style=\"width: 203px\" class=\"wp-caption aligncenter\"><img aria-describedby=\"caption-attachment-21805\" loading=\"lazy\" class=\"size-medium wp-image-21805\" src=\"https:\/\/static-blogs.hoy.es\/wp-content\/uploads\/sites\/19\/2023\/12\/50-5-193x300.jpg\" alt=\"\" width=\"193\" height=\"300\" srcset=\"https:\/\/static-blogs.hoy.es\/wp-content\/uploads\/sites\/19\/2023\/12\/50-5-193x300.jpg 193w, https:\/\/static-blogs.hoy.es\/wp-content\/uploads\/sites\/19\/2023\/12\/50-5-768x1197.jpg 768w, https:\/\/static-blogs.hoy.es\/wp-content\/uploads\/sites\/19\/2023\/12\/50-5-657x1024.jpg 657w, https:\/\/static-blogs.hoy.es\/wp-content\/uploads\/sites\/19\/2023\/12\/50-5.jpg 774w\" sizes=\"(max-width: 193px) 100vw, 193px\" \/><p id=\"caption-attachment-21805\" class=\"wp-caption-text\">Hace 50 a\u00f1os<\/p><\/div>\n<div id=\"attachment_21806\" style=\"width: 217px\" class=\"wp-caption aligncenter\"><img aria-describedby=\"caption-attachment-21806\" loading=\"lazy\" class=\"size-medium wp-image-21806\" src=\"https:\/\/static-blogs.hoy.es\/wp-content\/uploads\/sites\/19\/2023\/12\/75-5-207x300.jpg\" alt=\"\" width=\"207\" height=\"300\" srcset=\"https:\/\/static-blogs.hoy.es\/wp-content\/uploads\/sites\/19\/2023\/12\/75-5-207x300.jpg 207w, https:\/\/static-blogs.hoy.es\/wp-content\/uploads\/sites\/19\/2023\/12\/75-5-768x1112.jpg 768w, https:\/\/static-blogs.hoy.es\/wp-content\/uploads\/sites\/19\/2023\/12\/75-5-707x1024.jpg 707w, https:\/\/static-blogs.hoy.es\/wp-content\/uploads\/sites\/19\/2023\/12\/75-5.jpg 839w\" sizes=\"(max-width: 207px) 100vw, 207px\" \/><p id=\"caption-attachment-21806\" class=\"wp-caption-text\">Hace 75 a\u00f1os<\/p><\/div>\n<p><strong>Las efem\u00e9rides del d\u00eda:<\/strong><\/p>\n<p>1835.- Un gran incendio destruye 635 edificios del barrio neoyorquino de Manhattan.<\/p>\n<p>1857.- Un terremoto causa la muerte de m\u00e1s de 13.000 personas en N\u00e1poles.<\/p>\n<p>1877.- Se realiza en Barcelona la primera comunicaci\u00f3n telef\u00f3nica en Espa\u00f1a.<\/p>\n<p>1900.- El naufragio del buque escuela alem\u00e1n \u201cGneisemau\u201d en el puerto de M\u00e1laga causa la muerte del comandante y varios oficiales y la de una treintena de pescadores que intentaron salvar a los n\u00e1ufragos.<\/p>\n<p>1914.- Egipto se convierte en protectorado del Reino Unido por decisi\u00f3n de este \u00faltimo pa\u00eds.<\/p>\n<p>1920.- Un terremoto de magnitud 7,8 causa entre 180.000 y 273.000 muertos en la provincia china de Gansu.<\/p>\n<p>1933.- Nuevo Gobierno en Espa\u00f1a presidido por Alejandro Lerroux.<\/p>\n<p>1944.- Segunda Guerra mundial: Fuerte ofensiva alemana en el frente occidental europeo.<\/p>\n<p>1945.- Los ministros de Asuntos Exteriores brit\u00e1nico, estadounidense y sovi\u00e9tico se re\u00fanen en Londres para acordar las condiciones de paz con los antiguos pa\u00edses integrantes del Eje.<\/p>\n<p>1953.- El piloto estadounidense Charles E. Yeager, a bordo del avi\u00f3n X1-A, alcanza dos veces y media la velocidad del sonido.<\/p>\n<p>1967.- La ONU deplora la celebraci\u00f3n del refer\u00e9ndum de septiembre en Gibraltar y pide su descolonizaci\u00f3n al Reino Unido.<\/p>\n<p>1970.- Cincuenta naciones firman en La Haya un tratado contra los secuestradores a\u00e9reos.<\/p>\n<p>1987.- El general Roh Tae Woo, l\u00edder del Partido para la Justicia Democr\u00e1tica, gana las elecciones presidenciales en Corea del Sur.<\/p>\n<p>1997.- Hungr\u00eda, Polonia y la Rep\u00fablica Checa firman en Bruselas el protocolo de adhesi\u00f3n a la OTAN.<\/p>\n<p>1998.- Primero de los cuatro d\u00edas de ataques a\u00e9reos anglonorteamericanos contra objetivos de Irak, por incumplimiento de las resoluciones de la ONU sobre las inspecciones de equipos de la ONU y la OIEA sobre el armamento prohibido de Irak.<\/p>\n<p>2002.- Biljana Plavsic, antigua presidenta serbia de Bosnia-Herzegovina, comparece ante el Tribunal Penal Internacional para la antigua Yugoslavia (TPIY).<\/p>\n<p>2003.- Pasqual Maragall (PSC) es investido presidente de la Generalitat de Catalu\u00f1a.<\/p>\n<p>2004.- La C\u00e1mara de los Lores, m\u00e1xima instancia judicial brit\u00e1nica, declara ilegal la ley antiterrorista del Gobierno de Tony Blair.<\/p>\n<p>2006.- Estados Unidos lanza al espacio el nanosat\u00e9lite Genesat 1 de experimentaci\u00f3n biol\u00f3gica.<\/p>\n<p>2007.- El Ej\u00e9rcito brit\u00e1nico cede el control de Basora al Gobierno iraqu\u00ed.<\/p>\n<p>2011.- Los l\u00edderes de la Uni\u00f3n Europea acuerdan la creaci\u00f3n de un fondo de rescate permanente para ayudar a los pa\u00edses europeos con dificultades financieras.<\/p>\n<p>2012.- La central nuclear de Garo\u00f1a en Burgos, se desconecta de la red el\u00e9ctrica.<\/p>\n<p><strong>El\u00a016 de diciembre\u00a0nacieron:<\/strong><\/p>\n<p>1878.- Jos\u00e9 Clar\u00e1, escultor espa\u00f1ol.<\/p>\n<p>1882.- Julio Camba, periodista y escritor espa\u00f1ol.<\/p>\n<p>1902.- Rafael Alberti, poeta espa\u00f1ol.<\/p>\n<p>1911.- Dolores Medio, escritora espa\u00f1ola.<\/p>\n<p>1926.- Raimundo Saporta, exvicepresidente del Real Madrid y vicepresidente de la FIBA.<\/p>\n<p>1928.- Philip K. Dick, escritor estadounidense.<\/p>\n<p>1938.- Liv Johanne Ullmann, \u201cLiv Ullmann, actriz y cineasta noruega.<\/p>\n<p>1940.- Jes\u00fas Sancho Rof, exministro espa\u00f1ol.<\/p>\n<p>1941.- Juan Abell\u00f3 Gallo, empresario espa\u00f1ol.<\/p>\n<p>1946.- Benny Andersson, m\u00fasico sueco componente del grupo Abba.<\/p>\n<p>1957.- Antonio Vega, m\u00fasico espa\u00f1ol miembro del conjunto Nacha Pop.<\/p>\n<p>1967.- Donovan Bailey, atleta canadiense, campe\u00f3n ol\u00edmpico de los 100 metros en 1996.<\/p>\n<p>1973.- Marisa dos Reis Nunes, \u201cMariza\u201d, m\u00fasica portuguesa.<\/p>\n<p><strong>El 16 de diciembre murieron:<\/strong><\/p>\n<p>1897.- Alfonso Daudet, novelista franc\u00e9s.<\/p>\n<p>1921.- Camille Saint-Saens, compositor franc\u00e9s.<\/p>\n<p>1965.- Somerset Maugham, escritor brit\u00e1nico.<\/p>\n<p>1989.- Silvana Mangano, actriz italiana.<\/p>\n<p>\u2013 Lee van Cleef, actor estadounidense.<\/p>\n<p>1996.- Dolores Medio, escritora espa\u00f1ola.<\/p>\n<p>1997.- Emilio Attard, jurista y pol\u00edtico espa\u00f1ol, uno de los \u201cpadres\u201d de la Constituci\u00f3n de 1978.<\/p>\n<p>2002.- Aniana Vargas, luchadora antitrujillista dominicana.<\/p>\n<p>\u2013 Randolph Apperson Hearst, \u00faltimo hijo del magnate de la prensa de EEUU William Randolph Hearst.<\/p>\n<p>2008.- Harold Gramatges, m\u00fasico cubano.<\/p>\n<p>2009.- Jos\u00e9 Antonio Molina S\u00e1nchez, pintor.<\/p>\n<p>\u2013 Roy Disney, empresario estadounidense, sobrino de Walt Disney.<\/p>\n<p>2010.- Ruth Park, escritora neozelandesa.<\/p>\n<p>2011.- Manuel Jal\u00f3n Corominas, inventor de la fregona.<\/p>\n<p>\u2013 Bonifacio Alfonso, pintor.<\/p>\n<p>\u2013 Jos\u00e9 Cuadra Vega, poeta nicarag\u00fcense.<\/p>\n<p>2013.- Joan Fontaine, actriz brit\u00e1nico-estadounidense.<\/p>\n<p>.- Lolita Sevilla, actriz y cantante espa\u00f1ola.<\/p>\n<p>2017.- Juan Lladr\u00f3 Dolz, empresario ceramista.<\/p>\n<!-- AddThis Advanced Settings generic via filter on the_content --><!-- AddThis Share Buttons generic via filter on the_content -->","protected":false},"excerpt":{"rendered":"<p>Hoy cumple a\u00f1os: Juan Abell\u00f3 Gallo, empresario, 16 de diciembre de 1941 Fue noticia:\u00a0\u00a0 Las efem\u00e9rides del d\u00eda: 1835.- Un gran incendio destruye 635 edificios del barrio neoyorquino de Manhattan. 1857.- Un terremoto causa la muerte de m\u00e1s de 13.000 personas en N\u00e1poles. 1877.- Se realiza en Barcelona la primera comunicaci\u00f3n telef\u00f3nica en Espa\u00f1a. 1900.- [&hellip;]<!-- AddThis Advanced Settings generic via filter on get_the_excerpt --><!-- AddThis Share Buttons generic via filter on get_the_excerpt --><\/p>\n","protected":false},"author":24883,"featured_media":0,"comment_status":"open","ping_status":"closed","sticky":false,"template":"","format":"standard","meta":[],"categories":[1],"tags":[],"_links":{"self":[{"href":"https:\/\/blogs.hoy.es\/cumpleanoshoy\/wp-json\/wp\/v2\/posts\/21803"}],"collection":[{"href":"https:\/\/blogs.hoy.es\/cumpleanoshoy\/wp-json\/wp\/v2\/posts"}],"about":[{"href":"https:\/\/blogs.hoy.es\/cumpleanoshoy\/wp-json\/wp\/v2\/types\/post"}],"author":[{"embeddable":true,"href":"https:\/\/blogs.hoy.es\/cumpleanoshoy\/wp-json\/wp\/v2\/users\/24883"}],"replies":[{"embeddable":true,"href":"https:\/\/blogs.hoy.es\/cumpleanoshoy\/wp-json\/wp\/v2\/comments?post=21803"}],"version-history":[{"count":1,"href":"https:\/\/blogs.hoy.es\/cumpleanoshoy\/wp-json\/wp\/v2\/posts\/21803\/revisions"}],"predecessor-version":[{"id":21807,"href":"https:\/\/blogs.hoy.es\/cumpleanoshoy\/wp-json\/wp\/v2\/posts\/21803\/revisions\/21807"}],"wp:attachment":[{"href":"https:\/\/blogs.hoy.es\/cumpleanoshoy\/wp-json\/wp\/v2\/media?parent=21803"}],"wp:term":[{"taxonomy":"category","embeddable":true,"href":"https:\/\/blogs.hoy.es\/cumpleanoshoy\/wp-json\/wp\/v2\/categories?post=21803"},{"taxonomy":"post_tag","embeddable":true,"href":"https:\/\/blogs.hoy.es\/cumpleanoshoy\/wp-json\/wp\/v2\/tags?post=21803"}],"curies":[{"name":"wp","href":"https:\/\/api.w.org\/{rel}","templated":true}]}}