{"id":21820,"date":"2023-12-18T15:06:38","date_gmt":"2023-12-18T15:06:38","guid":{"rendered":"https:\/\/blogs.hoy.es\/cumpleanoshoy\/?p=21820"},"modified":"2023-12-18T15:12:07","modified_gmt":"2023-12-18T15:12:07","slug":"tal-dia-como-hoy-19-de-diciembre-12","status":"publish","type":"post","link":"https:\/\/blogs.hoy.es\/cumpleanoshoy\/2023\/12\/18\/tal-dia-como-hoy-19-de-diciembre-12\/","title":{"rendered":"Tal d\u00eda como HOY, 19 de diciembre"},"content":{"rendered":"<p><strong>Hoy cumple a\u00f1os:<\/strong><\/p>\n<p><b>Iker Muniain Go\u00f1i<\/b>, futbolista, 19 de diciembre de 1992: 31 a\u00f1os<\/p>\n<p><strong>Fue noticia:<\/strong><a href=\"https:\/\/static-blogs.hoy.es\/wp-content\/uploads\/sites\/19\/2017\/12\/25-a\u00f1os-11.jpg\"><br \/>\n<\/a><\/p>\n<div id=\"attachment_21822\" style=\"width: 202px\" class=\"wp-caption aligncenter\"><img aria-describedby=\"caption-attachment-21822\" loading=\"lazy\" class=\"size-medium wp-image-21822\" src=\"https:\/\/static-blogs.hoy.es\/wp-content\/uploads\/sites\/19\/2023\/12\/DvcGetPdf-1-192x300.jpg\" alt=\"\" width=\"192\" height=\"300\" srcset=\"https:\/\/static-blogs.hoy.es\/wp-content\/uploads\/sites\/19\/2023\/12\/DvcGetPdf-1-192x300.jpg 192w, https:\/\/static-blogs.hoy.es\/wp-content\/uploads\/sites\/19\/2023\/12\/DvcGetPdf-1-768x1201.jpg 768w, https:\/\/static-blogs.hoy.es\/wp-content\/uploads\/sites\/19\/2023\/12\/DvcGetPdf-1-655x1024.jpg 655w, https:\/\/static-blogs.hoy.es\/wp-content\/uploads\/sites\/19\/2023\/12\/DvcGetPdf-1.jpg 770w\" sizes=\"(max-width: 192px) 100vw, 192px\" \/><p id=\"caption-attachment-21822\" class=\"wp-caption-text\">Hace 50 a\u00f1os.<\/p><\/div>\n<div id=\"attachment_21824\" style=\"width: 213px\" class=\"wp-caption aligncenter\"><img aria-describedby=\"caption-attachment-21824\" loading=\"lazy\" class=\"size-medium wp-image-21824\" src=\"https:\/\/static-blogs.hoy.es\/wp-content\/uploads\/sites\/19\/2023\/12\/25-8-203x300.jpg\" alt=\"\" width=\"203\" height=\"300\" srcset=\"https:\/\/static-blogs.hoy.es\/wp-content\/uploads\/sites\/19\/2023\/12\/25-8-203x300.jpg 203w, https:\/\/static-blogs.hoy.es\/wp-content\/uploads\/sites\/19\/2023\/12\/25-8-768x1138.jpg 768w, https:\/\/static-blogs.hoy.es\/wp-content\/uploads\/sites\/19\/2023\/12\/25-8-691x1024.jpg 691w, https:\/\/static-blogs.hoy.es\/wp-content\/uploads\/sites\/19\/2023\/12\/25-8.jpg 779w\" sizes=\"(max-width: 203px) 100vw, 203px\" \/><p id=\"caption-attachment-21824\" class=\"wp-caption-text\">Hace 25 a\u00f1os.<\/p><\/div>\n<p><strong>Las efem\u00e9rides del d\u00eda:<\/strong><\/p>\n<p>1936.- Un terremoto destruye la ciudad salvadore\u00f1a de San Vicente, en la que perecen 250 personas y 800 resultan heridas.<\/p>\n<p>1939.- Tras la batalla del R\u00edo de la Plata, el acorazado alem\u00e1n &#8220;Graf von Spee&#8221; es hundido por sus propios tripulantes para no caer en poder de los ingleses.<\/p>\n<p>1941.- Segunda Guerra Mundial: Hitler asume el mando supremo de las fuerzas armadas alemanas.<\/p>\n<p>1950.- El general Eisenhower es propuesto comandante supremo de las fuerzas de la OTAN.<\/p>\n<p>1961.- Mueren en Sevilla 23 personas al estrellarse una avioneta que llevaba a la capital andaluza socorro para los damnificados de unas graves inundaciones.<\/p>\n<p>1965.- Charles De Gaulle es reelegido presidente de Francia.<\/p>\n<p>1968.- La Asamblea General de la ONU pide al Reino Unido que descolonice Gibraltar antes del 1 de octubre de 1969.<\/p>\n<p>1984.- Firma de un acuerdo entre China y el Reino Unido por el que \u00e9ste se compromete a entregar Hong Kong a aqu\u00e9lla en 1997.<\/p>\n<p>1986.- El Tribunal Constitucional espa\u00f1ol desestima la cuesti\u00f3n de inconstitucionalidad sobre la ley de expropiaci\u00f3n de Rumasa.<\/p>\n<p>1989.- El primer ministro de Jordania, Mudar Badram, anuncia el levantamiento de la ley marcial, imperante en el pa\u00eds desde hac\u00eda 22 a\u00f1os.<\/p>\n<p>1996.- Luis Mar\u00eda Anson y Juan Luis Cebri\u00e1n son elegidos acad\u00e9micos de la Real Academia Espa\u00f1ola (RAE).<\/p>\n<p>1998.- La C\u00e1mara de Representantes de EEUU decide por mayor\u00eda someter al presidente Bill Clinton a un proceso de destituci\u00f3n (&#8220;impeachment&#8221;) ante el Senado por perjurio y obstrucci\u00f3n a la Justicia en el &#8220;caso M\u00f3nica Lewinsky&#8221;.<\/p>\n<p>2002.- La partitura original de la Novena Sinfon\u00eda de Beethoven, que se conserva casi completa en la Biblioteca Estatal de Berl\u00edn, es declarada Patrimonio Cultural de la Humanidad por la UNESCO.<\/p>\n<p>2008.- Ignacio Fern\u00e1ndez Toxo es elegido nuevo secretario general de CCOO.<\/p>\n<p>.- Cirujanos espa\u00f1oles realizan con \u00e9xito una operaci\u00f3n de espina b\u00edfida a un feto de 24 semanas, a trav\u00e9s del abdomen de la madre.<\/p>\n<p>2013.- El jefe del Estado ruso, Vladimir Putin, indulta al encarcelado fundador de la expropiada petrolera Yukos, Mija\u00edl Jodorkovski.<\/p>\n<p>2016.- Un ataque terrorista con un cami\u00f3n provoca doce muertos y decenas de heridos en Berl\u00edn (Alemania).<\/p>\n<p><strong>El\u00a019 de diciembre\u00a0nacieron:<\/strong><\/p>\n<p>1683.- Felipe V, primer rey espa\u00f1ol de la casa de Borb\u00f3n.<\/p>\n<p>1796.- Manuel Bret\u00f3n de los Herreros, dramaturgo espa\u00f1ol.<\/p>\n<p>1834.- Antonio Gisbert, pintor espa\u00f1ol.<\/p>\n<p>1886.- \u00c1ngel Herrera Oria, periodista y cardenal espa\u00f1ol.<\/p>\n<p>1903.- George D. Snell, cient\u00edfico estadounidense, Nobel de Medicina en 1980.<\/p>\n<p>1906.- Le\u00f3nidas Brezhnev, dirigente sovi\u00e9tico.<\/p>\n<p>1910.- Jean Genet, escritor franc\u00e9s.<\/p>\n<p>1915.- Edith Piaf, cantante francesa.<\/p>\n<p>1924.- Michel Tournier, escritor franc\u00e9s.<\/p>\n<p>1964.- Arvidas Sabonis, jugador de baloncesto lituano.<\/p>\n<p>1966.- Alberto Tomba, deportista italiano, campe\u00f3n mundial de esqu\u00ed.<\/p>\n<p><strong>El 19 de diciembre murieron:<\/strong><\/p>\n<p>1851.- Joseph Mallord Turner, pintor rom\u00e1ntico ingl\u00e9s.<\/p>\n<p>1910.- Angel Nevmann, cantante y director de escena alem\u00e1n.<\/p>\n<p>1986.- Jos\u00e9 Antonio Maravall, historiador espa\u00f1ol.<\/p>\n<p>1996.- Marcello Mastroiani, actor italiano.<\/p>\n<p>1998.- Antonio Ord\u00f3\u00f1ez, torero, empresario y ganadero espa\u00f1ol.<\/p>\n<p>2000.- Carlos Cano, cantautor espa\u00f1ol.<\/p>\n<p>2001.- Alfredo V\u00e1zquez Carrizosa, pol\u00edtico colombiano.<\/p>\n<p>2002.- Miguel \u00c1ngel Clares, violonchelista espa\u00f1ol.<\/p>\n<p>2003.- Hope Lange, actriz estadounidense.<\/p>\n<p>2005.- Julio Iglesias Puga, ginec\u00f3logo espa\u00f1ol, padre del cantante Julio Iglesias.<\/p>\n<p>2007.- Willy Sommerfeld, pianista alem\u00e1n de cine mudo.<\/p>\n<p>2009.- Enric Solbes, dibujante e ilustrador espa\u00f1ol.<\/p>\n<p>2011.- H\u00e9ctor &#8216;Pich\u00f3n&#8217; N\u00fa\u00f1ez, futbolista y entrenador uruguayo.<\/p>\n<p>2015.- Kurt Masur, director de orquesta alem\u00e1n. EFE<\/p>\n<!-- AddThis Advanced Settings generic via filter on the_content --><!-- AddThis Share Buttons generic via filter on the_content -->","protected":false},"excerpt":{"rendered":"<p>Hoy cumple a\u00f1os: Iker Muniain Go\u00f1i, futbolista, 19 de diciembre de 1992: 31 a\u00f1os Fue noticia: Las efem\u00e9rides del d\u00eda: 1936.- Un terremoto destruye la ciudad salvadore\u00f1a de San Vicente, en la que perecen 250 personas y 800 resultan heridas. 1939.- Tras la batalla del R\u00edo de la Plata, el acorazado alem\u00e1n &#8220;Graf von Spee&#8221; [&hellip;]<!-- AddThis Advanced Settings generic via filter on get_the_excerpt --><!-- AddThis Share Buttons generic via filter on get_the_excerpt --><\/p>\n","protected":false},"author":24883,"featured_media":0,"comment_status":"open","ping_status":"closed","sticky":false,"template":"","format":"standard","meta":[],"categories":[1],"tags":[],"_links":{"self":[{"href":"https:\/\/blogs.hoy.es\/cumpleanoshoy\/wp-json\/wp\/v2\/posts\/21820"}],"collection":[{"href":"https:\/\/blogs.hoy.es\/cumpleanoshoy\/wp-json\/wp\/v2\/posts"}],"about":[{"href":"https:\/\/blogs.hoy.es\/cumpleanoshoy\/wp-json\/wp\/v2\/types\/post"}],"author":[{"embeddable":true,"href":"https:\/\/blogs.hoy.es\/cumpleanoshoy\/wp-json\/wp\/v2\/users\/24883"}],"replies":[{"embeddable":true,"href":"https:\/\/blogs.hoy.es\/cumpleanoshoy\/wp-json\/wp\/v2\/comments?post=21820"}],"version-history":[{"count":4,"href":"https:\/\/blogs.hoy.es\/cumpleanoshoy\/wp-json\/wp\/v2\/posts\/21820\/revisions"}],"predecessor-version":[{"id":21826,"href":"https:\/\/blogs.hoy.es\/cumpleanoshoy\/wp-json\/wp\/v2\/posts\/21820\/revisions\/21826"}],"wp:attachment":[{"href":"https:\/\/blogs.hoy.es\/cumpleanoshoy\/wp-json\/wp\/v2\/media?parent=21820"}],"wp:term":[{"taxonomy":"category","embeddable":true,"href":"https:\/\/blogs.hoy.es\/cumpleanoshoy\/wp-json\/wp\/v2\/categories?post=21820"},{"taxonomy":"post_tag","embeddable":true,"href":"https:\/\/blogs.hoy.es\/cumpleanoshoy\/wp-json\/wp\/v2\/tags?post=21820"}],"curies":[{"name":"wp","href":"https:\/\/api.w.org\/{rel}","templated":true}]}}