{"id":21858,"date":"2023-12-25T15:09:13","date_gmt":"2023-12-25T15:09:13","guid":{"rendered":"https:\/\/blogs.hoy.es\/cumpleanoshoy\/?p=21858"},"modified":"2023-12-25T15:24:23","modified_gmt":"2023-12-25T15:24:23","slug":"tal-dia-como-hoy-26-de-diciembre-12","status":"publish","type":"post","link":"https:\/\/blogs.hoy.es\/cumpleanoshoy\/2023\/12\/25\/tal-dia-como-hoy-26-de-diciembre-12\/","title":{"rendered":"Tal d\u00eda como HOY, 26 de diciembre"},"content":{"rendered":"<p><strong>Hoy cumple a\u00f1os:<\/strong><\/p>\n<p><strong>Pablo Puyol<\/strong>, actor, bailar\u00edn y cantante, 26 de diciembre de 1975: 48 a\u00f1os<\/p>\n<p><strong>En portada:\u00a0<\/strong><\/p>\n<div id=\"attachment_21860\" style=\"width: 202px\" class=\"wp-caption aligncenter\"><img aria-describedby=\"caption-attachment-21860\" loading=\"lazy\" class=\"size-medium wp-image-21860\" src=\"https:\/\/static-blogs.hoy.es\/wp-content\/uploads\/sites\/19\/2023\/12\/50-6-192x300.jpg\" alt=\"\" width=\"192\" height=\"300\" srcset=\"https:\/\/static-blogs.hoy.es\/wp-content\/uploads\/sites\/19\/2023\/12\/50-6-192x300.jpg 192w, https:\/\/static-blogs.hoy.es\/wp-content\/uploads\/sites\/19\/2023\/12\/50-6-768x1202.jpg 768w, https:\/\/static-blogs.hoy.es\/wp-content\/uploads\/sites\/19\/2023\/12\/50-6-654x1024.jpg 654w, https:\/\/static-blogs.hoy.es\/wp-content\/uploads\/sites\/19\/2023\/12\/50-6.jpg 772w\" sizes=\"(max-width: 192px) 100vw, 192px\" \/><p id=\"caption-attachment-21860\" class=\"wp-caption-text\">Hace 50 a\u00f1os.<\/p><\/div>\n<div id=\"attachment_21862\" style=\"width: 214px\" class=\"wp-caption aligncenter\"><img aria-describedby=\"caption-attachment-21862\" loading=\"lazy\" class=\"size-medium wp-image-21862\" src=\"https:\/\/static-blogs.hoy.es\/wp-content\/uploads\/sites\/19\/2023\/12\/25-9-204x300.jpg\" alt=\"\" width=\"204\" height=\"300\" srcset=\"https:\/\/static-blogs.hoy.es\/wp-content\/uploads\/sites\/19\/2023\/12\/25-9-204x300.jpg 204w, https:\/\/static-blogs.hoy.es\/wp-content\/uploads\/sites\/19\/2023\/12\/25-9-768x1130.jpg 768w, https:\/\/static-blogs.hoy.es\/wp-content\/uploads\/sites\/19\/2023\/12\/25-9-696x1024.jpg 696w, https:\/\/static-blogs.hoy.es\/wp-content\/uploads\/sites\/19\/2023\/12\/25-9.jpg 779w\" sizes=\"(max-width: 204px) 100vw, 204px\" \/><p id=\"caption-attachment-21862\" class=\"wp-caption-text\">Hace 25 a\u00f1os.<\/p><\/div>\n<p><strong>Las efem\u00e9rides del d\u00eda<\/strong><\/p>\n<p>1552.- Las tropas del emperador Carlos levantan el sitio de Metz tras 60 d\u00edas de esfuerzos, en los que perecieron 40.000 espa\u00f1oles, la mayor\u00eda v\u00edctimas de enfermedades.<br \/>\n1713.- Real decreto de Felipe V por el que Espa\u00f1a queda dividida en 21 provincias, con fines administrativos y tributarios.<br \/>\n1776.- Guerra de la independencia de EE.UU.: batalla de Trenton (Nueva Jersey), en la que son derrotadas las tropas brit\u00e1nicas.<br \/>\n1831.- Estreno de la \u00f3pera \u201cNorma\u201d, de Bellini, en el teatro de La Scala de Mil\u00e1n.<br \/>\n1863.- Primera aplicaci\u00f3n de la electricidad en Europa para el alumbrado de los faros costeros en el cabo de Heve (cerca de Havre, Francia).<br \/>\n1884.- Espa\u00f1a anuncia a las potencias extranjeras que tiene bajo su protectorado la costa occidental de \u00c1frica entre los cabos Bojador y Blanco, territorio denominado SaharaOccidental.<br \/>\n1917.- El Gobierno de EE.UU. se hace cargo de todo el sistema del transporte del pa\u00eds.<br \/>\n1923.- EE.UU. y Turqu\u00eda firman en Estambul un tratado de paz.<br \/>\n1941.- Segunda Guerra Mundial: Ante el avance japon\u00e9s, Manila es declarada ciudad abierta y abandonada por el Gobierno filipino.<br \/>\n.- Los brit\u00e1nicos toman Bengasi tras su lucha con las fuerzas italianas y germanas comandadas por Rommel.<br \/>\n1948.- El cardenal primado de Hungr\u00eda, Josef Mindszenty, es detenido, encarcelado y procesado, acusado de espionaje en favor de EE.UU.<br \/>\n1991.- La C\u00e1mara de las Rep\u00fablicas del Soviet Supremo declara el fin de la URSS a partir de la ratificaci\u00f3n del Tratado de la Comunidad de Estados Independientes (CEI).<br \/>\n1992.- Los ciudadanos de N\u00edger aprueban en refer\u00e9ndum la nueva Constituci\u00f3n multipartidista.<br \/>\n1996.- Entra en vigor la Convenci\u00f3n de la ONU contra la Desertizaci\u00f3n, redactada por mandato de la Cumbre de la Tierra (R\u00edo de Janeiro, 1992) y firmada en 1994 por 115 Estados.<br \/>\n2002.- Corea del Norte comienza a reactivar el complejo nuclear de Yongbyon, parado desde 1994.<br \/>\n2003.- Un terremoto de 6,3 grados Richter sacude Bam (sureste de Ir\u00e1n) y causa 26.271 muertos.<br \/>\n2004.- Gran terremoto en Aceh, Sumatra. El se\u00edsmo de 8,9 grados Richter causa olas gigantescas que afectan a 12 pa\u00edses de Asia y \u00c1frica, con un balance de 225.000 muertos (dos de ellos, espa\u00f1oles): m\u00e1s de 160.000 en Indonesia, 50.000 en Sri Lanka, 20.000 en India y 8.500 en Tailandia.<br \/>\n2006.- El Tribunal de Casaci\u00f3n iraqu\u00ed ratifica la sentencia a muerte contra el expresidente Sadam Husein.<br \/>\n.- M\u00e1s de 200 muertos en el incendio de un oleoducto en Nigeria.<br \/>\n2007.- M\u00e1s de un centenar de muertos y desaparecidos en Java en deslizamientos de tierra causados por las lluvias.<br \/>\n2012.- Inauguraci\u00f3n de la l\u00ednea de alta velocidad m\u00e1s larga del mundo entre Pek\u00edn y Cant\u00f3n, con una distancia de 2.298 kil\u00f3metros.<\/p>\n<p><strong>El 26 de diciembre\u00a0nacieron:<\/strong><\/p>\n<p>1716.- Thomas Gray, poeta ingl\u00e9s.<br \/>\n1853.- Ren\u00e9 Bazin, escritor franc\u00e9s.<br \/>\n1893.- Mao-Tse-Tung, dirigente de China Popular.<br \/>\n1904.- Alejo Carpentier, escritor cubano<br \/>\n1910.- Magdalena Nile del R\u00edo, Imperio Argentina, actriz y cantante espa\u00f1ola, nacida en Argentina.<br \/>\n1914.- Richard Widmark, actor estadounidense de cine.<br \/>\n1922.- Jos\u00e9 Mar\u00eda Rodero, actor espa\u00f1ol.<br \/>\n1933.- Clemente Auger, magistrado espa\u00f1ol.<br \/>\n1942.- Vinizio Cerezo, expresidente de Guatemala.<br \/>\n1949.- Jos\u00e9 Ramos-Horta, independentista timorense, Premio Nobel de la Paz.<br \/>\n1953.- Leonel Fern\u00e1ndez Reyna, expresidente de la Rep\u00fablica Dominicana.<br \/>\n.- Randell A. Falco, presidente de Univisi\u00f3n.<br \/>\n1959.- Mariano Barroso, director y guionista de cine.<br \/>\n1963.- Joan Plaza, entrenador de baloncesto espa\u00f1ol.<br \/>\n1975.- Marcelo R\u00edos, tenista chileno.<\/p>\n<p><strong>El 26 de diciembre murieron:<\/strong><\/p>\n<p>1764.- Benito Jer\u00f3nimo Feij\u00f3o, pol\u00edgrafo espa\u00f1ol.<br \/>\n1949.- Mateo Hern\u00e1ndez, escultor y pintor espa\u00f1ol.<br \/>\n1972.- Harry Truman, presidente de los EE.UU.<br \/>\n1977.- Howard Hawks, director de cine estadounidense.<br \/>\n1988.- Pablo Soroz\u00e1bal, compositor espa\u00f1ol.<br \/>\n1994.- Sylva Koscina, actriz italiana de origen croata.<br \/>\n1996.- Narc\u00eds Jubany, cardenal espa\u00f1ol.<br \/>\n2002.- Wheeler North, bi\u00f3logo marino estadounidense.<br \/>\n.- Herb Ritts, fot\u00f3grafo en Hollywood (EE.UU.).<br \/>\n2005.- Federico Monta\u00f1ana Alba, pintor, grabador y escen\u00f3grafo espa\u00f1ol.<br \/>\n2006.- Gerald Ford, expresidente de EE.UU.<br \/>\n2008.- C\u00e1ndido L\u00f3pez-Chaves, rejoneador espa\u00f1ol.<br \/>\n2009.- Yves Rocher, empresario franc\u00e9s.<br \/>\n2010.- Salvador Jorge Blanco, pol\u00edtico dominicano<\/p>\n<!-- AddThis Advanced Settings generic via filter on the_content --><!-- AddThis Share Buttons generic via filter on the_content -->","protected":false},"excerpt":{"rendered":"<p>Hoy cumple a\u00f1os: Pablo Puyol, actor, bailar\u00edn y cantante, 26 de diciembre de 1975: 48 a\u00f1os En portada:\u00a0 Las efem\u00e9rides del d\u00eda 1552.- Las tropas del emperador Carlos levantan el sitio de Metz tras 60 d\u00edas de esfuerzos, en los que perecieron 40.000 espa\u00f1oles, la mayor\u00eda v\u00edctimas de enfermedades. 1713.- Real decreto de Felipe V [&hellip;]<!-- AddThis Advanced Settings generic via filter on get_the_excerpt --><!-- AddThis Share Buttons generic via filter on get_the_excerpt --><\/p>\n","protected":false},"author":24883,"featured_media":0,"comment_status":"open","ping_status":"closed","sticky":false,"template":"","format":"standard","meta":[],"categories":[1],"tags":[],"_links":{"self":[{"href":"https:\/\/blogs.hoy.es\/cumpleanoshoy\/wp-json\/wp\/v2\/posts\/21858"}],"collection":[{"href":"https:\/\/blogs.hoy.es\/cumpleanoshoy\/wp-json\/wp\/v2\/posts"}],"about":[{"href":"https:\/\/blogs.hoy.es\/cumpleanoshoy\/wp-json\/wp\/v2\/types\/post"}],"author":[{"embeddable":true,"href":"https:\/\/blogs.hoy.es\/cumpleanoshoy\/wp-json\/wp\/v2\/users\/24883"}],"replies":[{"embeddable":true,"href":"https:\/\/blogs.hoy.es\/cumpleanoshoy\/wp-json\/wp\/v2\/comments?post=21858"}],"version-history":[{"count":3,"href":"https:\/\/blogs.hoy.es\/cumpleanoshoy\/wp-json\/wp\/v2\/posts\/21858\/revisions"}],"predecessor-version":[{"id":21863,"href":"https:\/\/blogs.hoy.es\/cumpleanoshoy\/wp-json\/wp\/v2\/posts\/21858\/revisions\/21863"}],"wp:attachment":[{"href":"https:\/\/blogs.hoy.es\/cumpleanoshoy\/wp-json\/wp\/v2\/media?parent=21858"}],"wp:term":[{"taxonomy":"category","embeddable":true,"href":"https:\/\/blogs.hoy.es\/cumpleanoshoy\/wp-json\/wp\/v2\/categories?post=21858"},{"taxonomy":"post_tag","embeddable":true,"href":"https:\/\/blogs.hoy.es\/cumpleanoshoy\/wp-json\/wp\/v2\/tags?post=21858"}],"curies":[{"name":"wp","href":"https:\/\/api.w.org\/{rel}","templated":true}]}}