{"id":21873,"date":"2023-12-29T00:11:45","date_gmt":"2023-12-29T00:11:45","guid":{"rendered":"https:\/\/blogs.hoy.es\/cumpleanoshoy\/?p=21873"},"modified":"2023-12-28T14:53:37","modified_gmt":"2023-12-28T14:53:37","slug":"tal-dia-como-hoy-29-de-diciembre-12","status":"publish","type":"post","link":"https:\/\/blogs.hoy.es\/cumpleanoshoy\/2023\/12\/29\/tal-dia-como-hoy-29-de-diciembre-12\/","title":{"rendered":"Tal d\u00eda como HOY, 29 de diciembre"},"content":{"rendered":"<p><strong>Hoy cumple a\u00f1os:<\/strong><\/p>\n<p><strong>Natalia Jim\u00e9nez<\/strong>, cantautora espa\u00f1ola, 29 de diciembre de 1981: 42 a\u00f1os<\/p>\n<p><strong>Jude Law<\/strong>,\u00a0actor, productor y director brit\u00e1nico,\u00a029 de diciembre de 1972: 51\u00a0a\u00f1os<\/p>\n<p>&nbsp;<\/p>\n<p><strong>Fue noticia (hace 25, 50 y 75 a\u00f1os)<\/strong>:<\/p>\n<p><img loading=\"lazy\" class=\"aligncenter size-medium wp-image-21876\" src=\"https:\/\/static-blogs.hoy.es\/wp-content\/uploads\/sites\/19\/2023\/12\/01199812295BAD_page-0001-204x300.jpg\" alt=\"\" width=\"204\" height=\"300\" srcset=\"https:\/\/static-blogs.hoy.es\/wp-content\/uploads\/sites\/19\/2023\/12\/01199812295BAD_page-0001-204x300.jpg 204w, https:\/\/static-blogs.hoy.es\/wp-content\/uploads\/sites\/19\/2023\/12\/01199812295BAD_page-0001-768x1129.jpg 768w, https:\/\/static-blogs.hoy.es\/wp-content\/uploads\/sites\/19\/2023\/12\/01199812295BAD_page-0001-697x1024.jpg 697w, https:\/\/static-blogs.hoy.es\/wp-content\/uploads\/sites\/19\/2023\/12\/01199812295BAD_page-0001.jpg 935w\" sizes=\"(max-width: 204px) 100vw, 204px\" \/><img loading=\"lazy\" class=\"aligncenter size-medium wp-image-21875\" src=\"https:\/\/static-blogs.hoy.es\/wp-content\/uploads\/sites\/19\/2023\/12\/01197312295BAD_page-0001-192x300.jpg\" alt=\"\" width=\"192\" height=\"300\" srcset=\"https:\/\/static-blogs.hoy.es\/wp-content\/uploads\/sites\/19\/2023\/12\/01197312295BAD_page-0001-192x300.jpg 192w, https:\/\/static-blogs.hoy.es\/wp-content\/uploads\/sites\/19\/2023\/12\/01197312295BAD_page-0001-768x1198.jpg 768w, https:\/\/static-blogs.hoy.es\/wp-content\/uploads\/sites\/19\/2023\/12\/01197312295BAD_page-0001-657x1024.jpg 657w, https:\/\/static-blogs.hoy.es\/wp-content\/uploads\/sites\/19\/2023\/12\/01197312295BAD_page-0001.jpg 881w\" sizes=\"(max-width: 192px) 100vw, 192px\" \/><img loading=\"lazy\" class=\"aligncenter size-medium wp-image-21874\" src=\"https:\/\/static-blogs.hoy.es\/wp-content\/uploads\/sites\/19\/2023\/12\/01194812295BAD_page-0001-207x300.jpg\" alt=\"\" width=\"207\" height=\"300\" srcset=\"https:\/\/static-blogs.hoy.es\/wp-content\/uploads\/sites\/19\/2023\/12\/01194812295BAD_page-0001-207x300.jpg 207w, https:\/\/static-blogs.hoy.es\/wp-content\/uploads\/sites\/19\/2023\/12\/01194812295BAD_page-0001-768x1112.jpg 768w, https:\/\/static-blogs.hoy.es\/wp-content\/uploads\/sites\/19\/2023\/12\/01194812295BAD_page-0001-707x1024.jpg 707w, https:\/\/static-blogs.hoy.es\/wp-content\/uploads\/sites\/19\/2023\/12\/01194812295BAD_page-0001.jpg 949w\" sizes=\"(max-width: 207px) 100vw, 207px\" \/><\/p>\n<p>&nbsp;<\/p>\n<p><strong>Las efem\u00e9rides del d\u00eda:<\/strong><\/p>\n<p>1587.- Lope de Vega, acusado de difamaci\u00f3n, es detenido en el teatro de La Cruz de Madrid y encarcelado.<br \/>\n1791.- Paz de Jassay, que pone fin a la guerra entre Rusia y Turqu\u00eda, iniciada en 1787.<br \/>\n1813.- Guerra de la Independencia. Napole\u00f3n Bonaparte obliga a su hermano Jos\u00e9 a que abdique de la corona espa\u00f1ola.<br \/>\n1854.- Publicaci\u00f3n del primer n\u00famero de \u201cEl Norte de Castilla\u201d, de Valladolid.<br \/>\n1858.- Se constituye en Madrid la Compa\u00f1\u00eda de los Ferrocarriles del Norte de Espa\u00f1a para la construcci\u00f3n de la l\u00ednea Madrid-Ir\u00fan.<br \/>\n1863.- Apertura del Canal de Suez: el agua del Mediterr\u00e1neo se une a la del Mar Rojo.<br \/>\n1874.- El general Mart\u00ednez Campos se alza en Sagunto contra el Gobierno de Serrano y proclama rey de Espa\u00f1a a Alfonso XII.<br \/>\n1898.- El m\u00fasico alem\u00e1n Richard Strauss estrena en Munich el poema sinf\u00f3nico \u201cDon Quijote\u201d.<br \/>\n1915.- Pedro I de Serbia se refugia en la isla de Corf\u00fa, con los restos de su ej\u00e9rcito.<br \/>\n1926.- Inauguraci\u00f3n en Madrid del tel\u00e9fono autom\u00e1tico.<br \/>\n1934.- Federico Garc\u00eda Lorca estrena \u201cYerma\u201d en el Teatro Espa\u00f1ol de Madrid.<br \/>\n1980.- Descubrimiento del cr\u00e1neo de un hom\u00ednido de ocho millones de a\u00f1os de antig\u00fcedad en la provincia china de Yunan.<br \/>\n1987.- El cosmonauta sovi\u00e9tico Yuri Romanenko toma tierra a bordo de la nave \u201cSoyuz TM-3\u201d, en el desierto de Kazajistan, tras permanecer 327 d\u00edas en el espacio.<br \/>\n\u2013 Las Cortes de Castilla y Le\u00f3n instalan la sede de sus instituciones b\u00e1sicas en Valladolid.<br \/>\n1992.- El secretario de Estado de EEUU, Lawrence Eagleburger, y el ministro ruso de Exteriores, Andrei Kozirev, acuerdan el Tratado de Reducci\u00f3n de Armas Nucleares Estrat\u00e9gicas (START II), firmado un a\u00f1o despu\u00e9s.<br \/>\n1996.- Gobierno y guerrilla (URNG) de Guatemala suscriben un hist\u00f3rico acuerdo de paz. Final de una guerra civil no declarada de 36 a\u00f1os de duraci\u00f3n.<br \/>\n1998.- Juan Jos\u00e9 Ibarretxe es designado nuevo lehendakari del Gobierno vasco con los votos del PNV, EA y Euskal Herritarrok.<br \/>\n2005.- El Ej\u00e9rcito indonesio retira sus \u00faltimos soldados de Aceh, en virtud del acuerdo de paz con el GAM.<br \/>\n2006.- La gaditana Carmen Bousada, de 67 a\u00f1os, da a luz a gemelos en un hospital de Barcelona, tras haberse sometido a una fecundaci\u00f3n in vitro. Falleci\u00f3 tres a\u00f1os despu\u00e9s.<br \/>\n2008.- El presidente somal\u00ed, Abdulahi Yusuf Ahmed, renuncia al cargo.<br \/>\n2010.- Un ni\u00f1o de cuatro a\u00f1os supera con \u00e9xito un trasplante de cinco \u00f3rganos (h\u00edgado, p\u00e1ncreas, est\u00f3mago, duodeno e intestino), que le fue practicado en el madrile\u00f1o Hospital La Paz.<br \/>\n2011.- I\u00f1aki Urdangarin imputado en una pieza separada del caso Palma Arena.<br \/>\n2013.- M\u00e1s de treinta personas mueren en dos atentados en Volgogrado (Rusia) en menos de 24 horas.<\/p>\n<p><strong>El 29 de diciembre\u00a0nacieron:<\/strong><\/p>\n<p>1788.- Tom\u00e1s Zumalac\u00e1rregui, militar carlista espa\u00f1ol.<br \/>\n1809.- William Gladstone, estadista ingl\u00e9s.<br \/>\n1850.- Tom\u00e1s Bret\u00f3n, compositor espa\u00f1ol.<br \/>\n1876.- Pau Casals, m\u00fasico espa\u00f1ol.<br \/>\n1896.- David Alfaro Siqueiros, pintor mexicano.<br \/>\n1903.- Enrique Herreros, humorista, dibujante y monta\u00f1ero espa\u00f1ol.<br \/>\n1921.- Dobrica Cosic, escritor y pol\u00edtico serbio.<br \/>\n1924.- Francisco Nieva, dramaturgo, escen\u00f3grafo y director teatral espa\u00f1ol.<br \/>\n1925.- Luis Alberto Monge, expresidente de Costa Rica.<br \/>\n1938.- Jon Voight, actor estadounidense.<br \/>\n1948.- Ventura P\u00e9rez Mari\u00f1o, magistrado espa\u00f1ol.<br \/>\n1950.- Luis Alberto de Cuenca, poeta espa\u00f1ol.<br \/>\n1953.- Thomas Bach, alem\u00e1n, presidente del Comit\u00e9 Ol\u00edmpico Internacional (COI).<br \/>\n1964.- Jacqueline de la Vega, modelo y presentadora mexicana afincada en Espa\u00f1a.<\/p>\n<p><strong>El 29 de diciembre murieron:<\/strong><\/p>\n<p>1649.- Juan Mart\u00ednez Monta\u00f1\u00e9s, escultor espa\u00f1ol.<br \/>\n1743.- Hyacinthe Rigaud, pintor franc\u00e9s.<br \/>\n1890.- Octave Feuillet, escritor franc\u00e9s.<br \/>\n1926.- Rainer Mar\u00eda Rilke, escritor en alem\u00e1n, nacido en la Rep\u00fablica Checa (entonces Imperio Austroh\u00fangaro).<br \/>\n1986.- Harold Macmillan, ex primer ministro brit\u00e1nico.<br \/>\n1993.- Axel Corti, director austriaco de cine y teatro.<br \/>\n2002.- Lorenzo Miguel, l\u00edder sindicalista (metal\u00fargicos) de Argentina y pol\u00edtico del Partido Justicialista (peronista).<br \/>\n2006.- Mario Silvestre Pons, director teatral espa\u00f1ol, Premio Nacional 1970 a directores de Teatro Independiente.<br \/>\n2008.- Freddie Hubbard, trompetista estadounidense.<br \/>\n\u2013 Ted Lapidus, modisto franc\u00e9s.<br \/>\n\u2013 Jos\u00e9 Luis Mart\u00edn Berrocal, empresario taurino y promotor de boxeo.<br \/>\n2011.- Miguel Barn\u00e9s, pintor.<br \/>\n2012.- Antonio Dom\u00ednguez Olano, periodista y escritor espa\u00f1ol.<\/p>\n<!-- AddThis Advanced Settings generic via filter on the_content --><!-- AddThis Share Buttons generic via filter on the_content -->","protected":false},"excerpt":{"rendered":"<p>Hoy cumple a\u00f1os: Natalia Jim\u00e9nez, cantautora espa\u00f1ola, 29 de diciembre de 1981: 42 a\u00f1os Jude Law,\u00a0actor, productor y director brit\u00e1nico,\u00a029 de diciembre de 1972: 51\u00a0a\u00f1os &nbsp; Fue noticia (hace 25, 50 y 75 a\u00f1os): &nbsp; Las efem\u00e9rides del d\u00eda: 1587.- Lope de Vega, acusado de difamaci\u00f3n, es detenido en el teatro de La Cruz de [&hellip;]<!-- AddThis Advanced Settings generic via filter on get_the_excerpt --><!-- AddThis Share Buttons generic via filter on get_the_excerpt --><\/p>\n","protected":false},"author":24883,"featured_media":0,"comment_status":"open","ping_status":"closed","sticky":false,"template":"","format":"standard","meta":[],"categories":[1],"tags":[],"_links":{"self":[{"href":"https:\/\/blogs.hoy.es\/cumpleanoshoy\/wp-json\/wp\/v2\/posts\/21873"}],"collection":[{"href":"https:\/\/blogs.hoy.es\/cumpleanoshoy\/wp-json\/wp\/v2\/posts"}],"about":[{"href":"https:\/\/blogs.hoy.es\/cumpleanoshoy\/wp-json\/wp\/v2\/types\/post"}],"author":[{"embeddable":true,"href":"https:\/\/blogs.hoy.es\/cumpleanoshoy\/wp-json\/wp\/v2\/users\/24883"}],"replies":[{"embeddable":true,"href":"https:\/\/blogs.hoy.es\/cumpleanoshoy\/wp-json\/wp\/v2\/comments?post=21873"}],"version-history":[{"count":1,"href":"https:\/\/blogs.hoy.es\/cumpleanoshoy\/wp-json\/wp\/v2\/posts\/21873\/revisions"}],"predecessor-version":[{"id":21877,"href":"https:\/\/blogs.hoy.es\/cumpleanoshoy\/wp-json\/wp\/v2\/posts\/21873\/revisions\/21877"}],"wp:attachment":[{"href":"https:\/\/blogs.hoy.es\/cumpleanoshoy\/wp-json\/wp\/v2\/media?parent=21873"}],"wp:term":[{"taxonomy":"category","embeddable":true,"href":"https:\/\/blogs.hoy.es\/cumpleanoshoy\/wp-json\/wp\/v2\/categories?post=21873"},{"taxonomy":"post_tag","embeddable":true,"href":"https:\/\/blogs.hoy.es\/cumpleanoshoy\/wp-json\/wp\/v2\/tags?post=21873"}],"curies":[{"name":"wp","href":"https:\/\/api.w.org\/{rel}","templated":true}]}}