{"id":21883,"date":"2023-12-30T15:48:40","date_gmt":"2023-12-30T15:48:40","guid":{"rendered":"https:\/\/blogs.hoy.es\/cumpleanoshoy\/?p=21883"},"modified":"2023-12-30T15:48:40","modified_gmt":"2023-12-30T15:48:40","slug":"tal-dia-como-hoy-31-de-diciembre-12","status":"publish","type":"post","link":"https:\/\/blogs.hoy.es\/cumpleanoshoy\/2023\/12\/30\/tal-dia-como-hoy-31-de-diciembre-12\/","title":{"rendered":"Tal d\u00eda como HOY, 31 de diciembre"},"content":{"rendered":"<p><strong>Hoy cumple a\u00f1os:<\/strong><\/p>\n<p><strong>Marta Hazas<\/strong>, actriz, 31 de diciembre de 1977: 46 a\u00f1os.<\/p>\n<p><strong>Fue noticia<\/strong>:<\/p>\n<p><img loading=\"lazy\" class=\"aligncenter size-medium wp-image-21884\" src=\"https:\/\/static-blogs.hoy.es\/wp-content\/uploads\/sites\/19\/2023\/12\/25_page-0001-1-203x300.jpg\" alt=\"\" width=\"203\" height=\"300\" srcset=\"https:\/\/static-blogs.hoy.es\/wp-content\/uploads\/sites\/19\/2023\/12\/25_page-0001-1-203x300.jpg 203w, https:\/\/static-blogs.hoy.es\/wp-content\/uploads\/sites\/19\/2023\/12\/25_page-0001-1-768x1135.jpg 768w, https:\/\/static-blogs.hoy.es\/wp-content\/uploads\/sites\/19\/2023\/12\/25_page-0001-1-693x1024.jpg 693w, https:\/\/static-blogs.hoy.es\/wp-content\/uploads\/sites\/19\/2023\/12\/25_page-0001-1.jpg 930w\" sizes=\"(max-width: 203px) 100vw, 203px\" \/><\/p>\n<p style=\"text-align: center;\">Hace 25 a\u00f1os<img loading=\"lazy\" class=\"aligncenter size-medium wp-image-21885\" src=\"https:\/\/static-blogs.hoy.es\/wp-content\/uploads\/sites\/19\/2023\/12\/75_page-0001-1-207x300.jpg\" alt=\"\" width=\"207\" height=\"300\" srcset=\"https:\/\/static-blogs.hoy.es\/wp-content\/uploads\/sites\/19\/2023\/12\/75_page-0001-1-207x300.jpg 207w, https:\/\/static-blogs.hoy.es\/wp-content\/uploads\/sites\/19\/2023\/12\/75_page-0001-1-768x1112.jpg 768w, https:\/\/static-blogs.hoy.es\/wp-content\/uploads\/sites\/19\/2023\/12\/75_page-0001-1-707x1024.jpg 707w, https:\/\/static-blogs.hoy.es\/wp-content\/uploads\/sites\/19\/2023\/12\/75_page-0001-1.jpg 949w\" sizes=\"(max-width: 207px) 100vw, 207px\" \/><\/p>\n<p style=\"text-align: center;\">Hace 75 a\u00f1os<\/p>\n<p><strong>Las efem\u00e9rides del d\u00eda:<\/strong><\/p>\n<p>1229.- Jaime I \u201cel Conquistador\u201d toma la ciudad de Mallorca a los \u00e1rabes.<\/p>\n<p>1784.- Carlos III establece en Espa\u00f1a la pena de galera para reforzar la lucha contra los piratas.<\/p>\n<p>1844.- Real orden para la creaci\u00f3n de los ferrocarriles en Espa\u00f1a.<\/p>\n<p>1857.- La ciudad de Otawa se convierte en la capital de Canad\u00e1.<\/p>\n<p>1909.- Se inicia en Espa\u00f1a la costumbre de comer doce uvas al son de las doce campanadas de medianoche.<\/p>\n<p>1929.- El Congreso Nacional Indio, inspirado por Gandhi, se declara a favor de la completa independencia de la India.<\/p>\n<p>1931.- Linchamiento de cuatro guardias civiles en Castilblanco (Badajoz), suceso que tuvo gran resonancia pol\u00edtica.<\/p>\n<p>1945.- Mensaje del emperador Hiro-Hito a los japoneses en el que abjura de su supuesto origen divino y promete gobernar democr\u00e1ticamente.<\/p>\n<p>1948.- Los israel\u00edes expulsan a las fuerzas egipcias de la zona del Neguev.<\/p>\n<p>1958.- Ernesto \u201cChe\u201d Guevara toma la ciudad de Santa Clara. Horas m\u00e1s tarde -la madrugada del 1 de enero- Fulgencio Batista huye de Cuba.<\/p>\n<p>1973.- Carlos Arias Navarro es nombrado por Franco presidente del Gobierno espa\u00f1ol, tras el asesinato, once d\u00edas antes, del almirante Carrero Blanco.<\/p>\n<p>1979.- La reina Isabel II de Inglaterra nombra caballero de la Orden del Imperio Brit\u00e1nico al director de cine Alfred Hitchcock.<\/p>\n<p>1991.- Gobierno y guerrilla salvadore\u00f1os acuerdan la paz con la mediaci\u00f3n de la ONU, tras 12 a\u00f1os de guerra civil y 75.000 muertos.<\/p>\n<p>1993.- El expresidente de Georgia Zviad Gamsajurdia, huido de su pa\u00eds a Chechenia, se suicida en una zona monta\u00f1osa de Georgia.<\/p>\n<p>1999.- El presidente ruso, Bor\u00eds Yeltsin, dimite y anuncia elecciones. Le sucede el primer ministro, Vladimir Putin, que otorga inmunidad penal vitalicia a Yeltsin y su familia.<\/p>\n<p>\u2013 Panam\u00e1 asume la soberan\u00eda del Canal, tras ser administrado por EEUU desde su inauguraci\u00f3n en 1914.<\/p>\n<p>2002.- Erupci\u00f3n del volc\u00e1n Str\u00f3mboli (Italia).<\/p>\n<p>2004.- Concluye la Misi\u00f3n de Naciones Unidas para la verificaci\u00f3n de los acuerdos de paz en Guatemala (MINUGUA), tras diez a\u00f1os en ese pa\u00eds.<\/p>\n<p>2008.- El Bolet\u00edn Oficial del Estado (BOE) sale por \u00faltima vez editado en papel.<\/p>\n<p>2013.- El Gobierno de Birmania anuncia la amnist\u00eda de todos los presos pol\u00edticos.<\/p>\n<p>2014.- El presidente palestino, Mahmud Ab\u00e1s, firma la solicitud de adhesi\u00f3n al Tribunal Penal Internacional (TPI).<\/p>\n<p>2016.- Ban Ki-moon termina su mandato como secretario general de Naciones Unidas tras una d\u00e9cada.<\/p>\n<p>2017.- Hallan el cad\u00e1ver de la joven Diana Quer tras confesar Jos\u00e9 Enrique Abu\u00edn, conocido como el Chicle, que la mat\u00f3.<\/p>\n<p>\u2013 El tren de alta velocidad completa su primer viaje de Medina a La Meca.<\/p>\n<p><strong>El\u00a031 de diciembre\u00a0nacieron:<\/strong><\/p>\n<p>1617.- Bartolom\u00e9 Esteban Murillo, pintor espa\u00f1ol.<\/p>\n<p>1869.- Henri Matisse, pintor franc\u00e9s.<\/p>\n<p>1880.- George C. Marshall, militar estadounidense, Premio Nobel de la Paz 1953.<\/p>\n<p>1889.- Jos\u00e9 Miguel Barandiar\u00e1n, etn\u00f3logo espa\u00f1ol.<\/p>\n<p>1905.- Guy Mollet, pol\u00edtico franc\u00e9s.<\/p>\n<p>1908.- Simon Wiesenthal, c\u00e9lebre \u201ccazador de nazis\u201d austr\u00edaco de origen jud\u00edo.<\/p>\n<p>1910.- Paul Bowles, escritor y compositor estadounidense.<\/p>\n<p>1914.- Jos\u00e9 Manuel Lara, editor espa\u00f1ol.<\/p>\n<p>1917.- Jos\u00e9 Mar\u00eda Gironella, novelista espa\u00f1ol.<\/p>\n<p>1937.- Anthony Hopkins, actor brit\u00e1nico.<\/p>\n<p>1941.- Sir Alex Ferguson, entrenador de f\u00fatbol brit\u00e1nico.<\/p>\n<p>1943.- Ben Kingsley, actor brit\u00e1nico.<\/p>\n<p>1945.- Concha M\u00e1rquez Piquer, cantante espa\u00f1ola.<\/p>\n<p>1947.- Joaqu\u00edn Araujo, naturalista espa\u00f1ol.<\/p>\n<p>1948.- Daniel D\u00edaz Torres, director de cine cubano.<\/p>\n<p>\u2013 Donna Summer, cantante estadounidense.<\/p>\n<p>1959.- Milan Jankovic, exfutbolista serbio.<\/p>\n<p><strong>El\u00a031 de diciembre murieron:<\/strong><\/p>\n<p>1588.- Fray Luis de Granada, escritor espa\u00f1ol.<\/p>\n<p>1805.- Manuel Mar\u00eda Barbosa, poeta portugu\u00e9s.<\/p>\n<p>1936.- Miguel de Unamuno, escritor espa\u00f1ol.<\/p>\n<p>1968.- Trygve Lie, diplom\u00e1tico noruego, primer secretario general de la ONU.<\/p>\n<p>1980.- Herbert Marshall McLuhan, ensayista canadiense.<\/p>\n<p>1985.- Ricky Nelson, cantante y actor estadounidense.<\/p>\n<p>2004.- Ra\u00fal Matas, \u201cEl Maestro\u201d, locutor y presentador chileno.<\/p>\n<p>2005.- Lorenzo Gomis, periodista y escritor espa\u00f1ol.<\/p>\n<p>2006.- Liese Prokop, pol\u00edtica austriaca.<\/p>\n<p>2008.- Donald Westlake, escritor estadounidense.<\/p>\n<p>2012.- Mois\u00e8s Broggi, cirujano, humanista y pol\u00edtico espa\u00f1ol.<\/p>\n<p>2013.- James Avery, actor estadounidense.<\/p>\n<p>2015.- Natalie Cole, cantante estadounidense, hija de Nat King Cole.<\/p>\n<!-- AddThis Advanced Settings generic via filter on the_content --><!-- AddThis Share Buttons generic via filter on the_content -->","protected":false},"excerpt":{"rendered":"<p>Hoy cumple a\u00f1os: Marta Hazas, actriz, 31 de diciembre de 1977: 46 a\u00f1os. Fue noticia: Hace 25 a\u00f1os Hace 75 a\u00f1os Las efem\u00e9rides del d\u00eda: 1229.- Jaime I \u201cel Conquistador\u201d toma la ciudad de Mallorca a los \u00e1rabes. 1784.- Carlos III establece en Espa\u00f1a la pena de galera para reforzar la lucha contra los piratas. [&hellip;]<!-- AddThis Advanced Settings generic via filter on get_the_excerpt --><!-- AddThis Share Buttons generic via filter on get_the_excerpt --><\/p>\n","protected":false},"author":24883,"featured_media":0,"comment_status":"open","ping_status":"closed","sticky":false,"template":"","format":"standard","meta":[],"categories":[1],"tags":[],"_links":{"self":[{"href":"https:\/\/blogs.hoy.es\/cumpleanoshoy\/wp-json\/wp\/v2\/posts\/21883"}],"collection":[{"href":"https:\/\/blogs.hoy.es\/cumpleanoshoy\/wp-json\/wp\/v2\/posts"}],"about":[{"href":"https:\/\/blogs.hoy.es\/cumpleanoshoy\/wp-json\/wp\/v2\/types\/post"}],"author":[{"embeddable":true,"href":"https:\/\/blogs.hoy.es\/cumpleanoshoy\/wp-json\/wp\/v2\/users\/24883"}],"replies":[{"embeddable":true,"href":"https:\/\/blogs.hoy.es\/cumpleanoshoy\/wp-json\/wp\/v2\/comments?post=21883"}],"version-history":[{"count":1,"href":"https:\/\/blogs.hoy.es\/cumpleanoshoy\/wp-json\/wp\/v2\/posts\/21883\/revisions"}],"predecessor-version":[{"id":21886,"href":"https:\/\/blogs.hoy.es\/cumpleanoshoy\/wp-json\/wp\/v2\/posts\/21883\/revisions\/21886"}],"wp:attachment":[{"href":"https:\/\/blogs.hoy.es\/cumpleanoshoy\/wp-json\/wp\/v2\/media?parent=21883"}],"wp:term":[{"taxonomy":"category","embeddable":true,"href":"https:\/\/blogs.hoy.es\/cumpleanoshoy\/wp-json\/wp\/v2\/categories?post=21883"},{"taxonomy":"post_tag","embeddable":true,"href":"https:\/\/blogs.hoy.es\/cumpleanoshoy\/wp-json\/wp\/v2\/tags?post=21883"}],"curies":[{"name":"wp","href":"https:\/\/api.w.org\/{rel}","templated":true}]}}