{"id":21894,"date":"2024-01-02T00:09:30","date_gmt":"2024-01-02T00:09:30","guid":{"rendered":"https:\/\/blogs.hoy.es\/cumpleanoshoy\/?p=21894"},"modified":"2024-01-01T18:17:26","modified_gmt":"2024-01-01T18:17:26","slug":"tal-dia-como-hoy-2-de-enero-11","status":"publish","type":"post","link":"https:\/\/blogs.hoy.es\/cumpleanoshoy\/2024\/01\/02\/tal-dia-como-hoy-2-de-enero-11\/","title":{"rendered":"Tal d\u00eda como HOY, 2 de enero"},"content":{"rendered":"<p><strong>Hoy cumplea\u00f1os:<\/strong><\/p>\n<p><strong>Paz Vega<\/strong>, actriz espa\u00f1ola, 2 de enero de 1976: 48 a\u00f1os<\/p>\n<p>&nbsp;<\/p>\n<p><strong>Fue noticia (hace 25, 50 y 75 a\u00f1os):<\/strong><\/p>\n<p><img loading=\"lazy\" class=\"aligncenter size-medium wp-image-21897\" src=\"https:\/\/static-blogs.hoy.es\/wp-content\/uploads\/sites\/19\/2024\/01\/01199901025BAD_page-0001-207x300.jpg\" alt=\"\" width=\"207\" height=\"300\" srcset=\"https:\/\/static-blogs.hoy.es\/wp-content\/uploads\/sites\/19\/2024\/01\/01199901025BAD_page-0001-207x300.jpg 207w, https:\/\/static-blogs.hoy.es\/wp-content\/uploads\/sites\/19\/2024\/01\/01199901025BAD_page-0001-768x1111.jpg 768w, https:\/\/static-blogs.hoy.es\/wp-content\/uploads\/sites\/19\/2024\/01\/01199901025BAD_page-0001-708x1024.jpg 708w, https:\/\/static-blogs.hoy.es\/wp-content\/uploads\/sites\/19\/2024\/01\/01199901025BAD_page-0001.jpg 950w\" sizes=\"(max-width: 207px) 100vw, 207px\" \/><img loading=\"lazy\" class=\"aligncenter size-medium wp-image-21896\" src=\"https:\/\/static-blogs.hoy.es\/wp-content\/uploads\/sites\/19\/2024\/01\/01197401025BAD_page-0001-192x300.jpg\" alt=\"\" width=\"192\" height=\"300\" srcset=\"https:\/\/static-blogs.hoy.es\/wp-content\/uploads\/sites\/19\/2024\/01\/01197401025BAD_page-0001-192x300.jpg 192w, https:\/\/static-blogs.hoy.es\/wp-content\/uploads\/sites\/19\/2024\/01\/01197401025BAD_page-0001-768x1198.jpg 768w, https:\/\/static-blogs.hoy.es\/wp-content\/uploads\/sites\/19\/2024\/01\/01197401025BAD_page-0001-657x1024.jpg 657w, https:\/\/static-blogs.hoy.es\/wp-content\/uploads\/sites\/19\/2024\/01\/01197401025BAD_page-0001.jpg 881w\" sizes=\"(max-width: 192px) 100vw, 192px\" \/><img loading=\"lazy\" class=\"aligncenter size-medium wp-image-21895\" src=\"https:\/\/static-blogs.hoy.es\/wp-content\/uploads\/sites\/19\/2024\/01\/01194901025BAD_page-0001-208x300.jpg\" alt=\"\" width=\"208\" height=\"300\" srcset=\"https:\/\/static-blogs.hoy.es\/wp-content\/uploads\/sites\/19\/2024\/01\/01194901025BAD_page-0001-208x300.jpg 208w, https:\/\/static-blogs.hoy.es\/wp-content\/uploads\/sites\/19\/2024\/01\/01194901025BAD_page-0001-768x1107.jpg 768w, https:\/\/static-blogs.hoy.es\/wp-content\/uploads\/sites\/19\/2024\/01\/01194901025BAD_page-0001-710x1024.jpg 710w, https:\/\/static-blogs.hoy.es\/wp-content\/uploads\/sites\/19\/2024\/01\/01194901025BAD_page-0001.jpg 953w\" sizes=\"(max-width: 208px) 100vw, 208px\" \/><\/p>\n<p>&nbsp;<\/p>\n<p><strong>Las efem\u00e9rides del d\u00eda:<\/strong><\/p>\n<p>1492.- Los Reyes Cat\u00f3licos entran en Granada, conquistada a los \u00e1rabes.<\/p>\n<p>1762.- Inglaterra declara la guerra a Espa\u00f1a.<\/p>\n<p>1839.- Louis Daguerre toma la primera fotograf\u00eda (daguerrotipo) de la Luna.<\/p>\n<p>1871.- El rey de Espa\u00f1a, Amadeo de Saboya, jura la Constituci\u00f3n.<\/p>\n<p>1912.- Inauguraci\u00f3n en Alemania del nuevo alumbrado de gas de ne\u00f3n.<\/p>\n<p>1914.- El rey Alfonso XIII disuelve el Congreso.<\/p>\n<p>1918.- Incendio en el palacio real de La Granja (Segovia) en el que se pierden numerosas obras de arte.<\/p>\n<p>1926.- Por primera vez en Espa\u00f1a se emiten por radio diarios hablados, llamados \u201cLa palabra\u201d.<\/p>\n<p>1959.- Fidel Castro se hace con el poder en Cuba. Entran en La Habana las tropas comandadas por Camilo Cienfuegos y Ernesto \u201cCh\u00e9\u201d Guevara.<\/p>\n<p>1971.- Mueren 66 personas en Glasgow (Escocia, Reino Unido) al ceder una barandilla del estadio de f\u00fatbol del Celtic por la presi\u00f3n de los espectadores.<\/p>\n<p>1997.- Miguel Indurain, el mejor ciclista espa\u00f1ol de todos los tiempos y uno de los mejores del mundo, anuncia su retirada del ciclismo profesional, a los 32 a\u00f1os.<\/p>\n<p>2002.- El peronista Eduardo Duhalde asume la Presidencia de Argentina y se convierte en el quinto presidente en 13 d\u00edas.<\/p>\n<p>2007.- El Gobierno espa\u00f1ol declara roto el proceso de paz con ETA tras el atentado en la terminal 4 del aeropuerto de Barajas que cost\u00f3 la vida a dos personas.<\/p>\n<p>2008.- Liberadas en Somalia dos cooperantes de M\u00e9dicos Sin Fronteras (una m\u00e9dico espa\u00f1ola y una enfermera argentina), tras una semana de secuestro.<\/p>\n<p>2011.- Entra en vigor en Espa\u00f1a la nueva ley antitabaco, que proh\u00edbe fumar en establecimientos p\u00fablicos cerrados y algunos espacios abiertos.<\/p>\n<p>2014.- Concluye el rescate de los 52 pasajeros del barco ruso \u201cAkad\u00e9mik Shok\u00e1lskiy\u201d, atrapado en el hielo ant\u00e1rtico desde diciembre.<\/p>\n<p>2016.- Arabia Saud\u00ed ejecuta al cl\u00e9rigo y dirigente chi\u00ed Nimr Baqir al Nimr.<\/p>\n<p>2018.- Fallecen 53 personas en Per\u00fa al caer un autob\u00fas por un acantilado.<\/p>\n<p>2020.- Interpol ordena detener al expresidente de Nissan Motor Carlos Ghosn, huido de Jap\u00f3n al L\u00edbano.<\/p>\n<p>&nbsp;<\/p>\n<p><strong>Nacimientos:\u00a0<\/strong><\/p>\n<p>1920.- Isaac Asimov, escritor ruso divulgador de temas cient\u00edficos.<\/p>\n<p>.- Vicente Palacio Atard, historiador espa\u00f1ol.<\/p>\n<p>1932.- Edward Malefakis, hispanista estadounidense.<\/p>\n<p>1934.- V\u00edctor Garc\u00eda de la Concha, fil\u00f3logo y acad\u00e9mico espa\u00f1ol.<\/p>\n<p>1940.- Srinivasa Varadhan, matem\u00e1tico estadounidense de origen indio.<\/p>\n<p>1942.- Manuel Guti\u00e9rrez Arag\u00f3n, director de cine espa\u00f1ol.<\/p>\n<p>1947.- Elsa Baeza, cantante espa\u00f1ola nacida en Cuba.<\/p>\n<p>1951.- Jordi Garc\u00eda Candau, periodista espa\u00f1ol.<\/p>\n<p>1958.- Colom\u00e1n Trabado, atleta espa\u00f1ol.<\/p>\n<p>1962.- Carmelo G\u00f3mez, actor espa\u00f1ol.<\/p>\n<p>1963.- Eloy Velasco, juez espa\u00f1ol.<\/p>\n<p>1976.- Paz Vega, actriz espa\u00f1ola.<\/p>\n<p>1983.- Kate Bosworth, actriz estadounidense.<\/p>\n<p>.- Lidia San Jos\u00e9, actriz espa\u00f1ola.<\/p>\n<p>1994.- Joaquim (Quim) Salarich, esquiador espa\u00f1ol.<\/p>\n<p>&nbsp;<\/p>\n<p><strong>Defunciones:\u00a0<\/strong><\/p>\n<p>1819.- Mar\u00eda Luisa, reina de Espa\u00f1a, esposa de Carlos IV.<\/p>\n<p>1890.- Juli\u00e1n Gayarre, tenor espa\u00f1ol.<\/p>\n<p>1948.- Vicente Garc\u00eda Huidobro, poeta chileno.<\/p>\n<p>1953.- Guccio Gucci, modisto italiano.<\/p>\n<p>1960.- Fausto Coppi, ciclista italiano.<\/p>\n<p>1987.- Ram\u00f3n Castroviejo, oftalm\u00f3logo espa\u00f1ol.<\/p>\n<p>1995.- Manuel Rivera Hern\u00e1ndez, pintor espa\u00f1ol.<\/p>\n<p>1999.- Margot Cottens, actriz uruguaya.<\/p>\n<p>2000.- Mar\u00eda de las Mercedes de Borb\u00f3n y Orle\u00e1ns, madre del rey Juan Carlos I y condesa de Barcelona.<\/p>\n<p>2006.- Fernell Franco, fot\u00f3grafo colombiano.<\/p>\n<p>2009.- Inge Christensen, escritora danesa.<\/p>\n<p>2017.- John Berger, historiador y escritor brit\u00e1nico.<\/p>\n<p>2018.- Rick Hall, productor musical estadounidense.<\/p>\n<p>2020.- John Baldessari, artista conceptual estadounidense.<\/p>\n<!-- AddThis Advanced Settings generic via filter on the_content --><!-- AddThis Share Buttons generic via filter on the_content -->","protected":false},"excerpt":{"rendered":"<p>Hoy cumplea\u00f1os: Paz Vega, actriz espa\u00f1ola, 2 de enero de 1976: 48 a\u00f1os &nbsp; Fue noticia (hace 25, 50 y 75 a\u00f1os): &nbsp; Las efem\u00e9rides del d\u00eda: 1492.- Los Reyes Cat\u00f3licos entran en Granada, conquistada a los \u00e1rabes. 1762.- Inglaterra declara la guerra a Espa\u00f1a. 1839.- Louis Daguerre toma la primera fotograf\u00eda (daguerrotipo) de la [&hellip;]<!-- AddThis Advanced Settings generic via filter on get_the_excerpt --><!-- AddThis Share Buttons generic via filter on get_the_excerpt --><\/p>\n","protected":false},"author":24883,"featured_media":0,"comment_status":"open","ping_status":"closed","sticky":false,"template":"","format":"standard","meta":[],"categories":[1],"tags":[],"_links":{"self":[{"href":"https:\/\/blogs.hoy.es\/cumpleanoshoy\/wp-json\/wp\/v2\/posts\/21894"}],"collection":[{"href":"https:\/\/blogs.hoy.es\/cumpleanoshoy\/wp-json\/wp\/v2\/posts"}],"about":[{"href":"https:\/\/blogs.hoy.es\/cumpleanoshoy\/wp-json\/wp\/v2\/types\/post"}],"author":[{"embeddable":true,"href":"https:\/\/blogs.hoy.es\/cumpleanoshoy\/wp-json\/wp\/v2\/users\/24883"}],"replies":[{"embeddable":true,"href":"https:\/\/blogs.hoy.es\/cumpleanoshoy\/wp-json\/wp\/v2\/comments?post=21894"}],"version-history":[{"count":1,"href":"https:\/\/blogs.hoy.es\/cumpleanoshoy\/wp-json\/wp\/v2\/posts\/21894\/revisions"}],"predecessor-version":[{"id":21898,"href":"https:\/\/blogs.hoy.es\/cumpleanoshoy\/wp-json\/wp\/v2\/posts\/21894\/revisions\/21898"}],"wp:attachment":[{"href":"https:\/\/blogs.hoy.es\/cumpleanoshoy\/wp-json\/wp\/v2\/media?parent=21894"}],"wp:term":[{"taxonomy":"category","embeddable":true,"href":"https:\/\/blogs.hoy.es\/cumpleanoshoy\/wp-json\/wp\/v2\/categories?post=21894"},{"taxonomy":"post_tag","embeddable":true,"href":"https:\/\/blogs.hoy.es\/cumpleanoshoy\/wp-json\/wp\/v2\/tags?post=21894"}],"curies":[{"name":"wp","href":"https:\/\/api.w.org\/{rel}","templated":true}]}}