{"id":21910,"date":"2024-01-04T14:57:40","date_gmt":"2024-01-04T14:57:40","guid":{"rendered":"https:\/\/blogs.hoy.es\/cumpleanoshoy\/?p=21910"},"modified":"2024-01-04T14:57:40","modified_gmt":"2024-01-04T14:57:40","slug":"tal-dia-como-hoy-5-de-enero-12","status":"publish","type":"post","link":"https:\/\/blogs.hoy.es\/cumpleanoshoy\/2024\/01\/04\/tal-dia-como-hoy-5-de-enero-12\/","title":{"rendered":"Tal d\u00eda como HOY 5 de enero"},"content":{"rendered":"<p><strong>Hoy cumplen a\u00f1os:<\/strong><\/p>\n<p><strong>Isabel Gemio,<\/strong>\u00a0periodista y presentadora de televisi\u00f3n, 5 de enero de 1961<\/p>\n<p>&nbsp;<\/p>\n<p><strong>Fue noticia<\/strong>:<\/p>\n<div id=\"attachment_21911\" style=\"width: 217px\" class=\"wp-caption aligncenter\"><img aria-describedby=\"caption-attachment-21911\" loading=\"lazy\" class=\"size-medium wp-image-21911\" src=\"https:\/\/static-blogs.hoy.es\/wp-content\/uploads\/sites\/19\/2024\/01\/25-207x300.jpg\" alt=\"\" width=\"207\" height=\"300\" srcset=\"https:\/\/static-blogs.hoy.es\/wp-content\/uploads\/sites\/19\/2024\/01\/25-207x300.jpg 207w, https:\/\/static-blogs.hoy.es\/wp-content\/uploads\/sites\/19\/2024\/01\/25-768x1114.jpg 768w, https:\/\/static-blogs.hoy.es\/wp-content\/uploads\/sites\/19\/2024\/01\/25-706x1024.jpg 706w, https:\/\/static-blogs.hoy.es\/wp-content\/uploads\/sites\/19\/2024\/01\/25.jpg 794w\" sizes=\"(max-width: 207px) 100vw, 207px\" \/><p id=\"caption-attachment-21911\" class=\"wp-caption-text\">Hace 25 a\u00f1os<\/p><\/div>\n<div id=\"attachment_21912\" style=\"width: 202px\" class=\"wp-caption aligncenter\"><img aria-describedby=\"caption-attachment-21912\" loading=\"lazy\" class=\"size-medium wp-image-21912\" src=\"https:\/\/static-blogs.hoy.es\/wp-content\/uploads\/sites\/19\/2024\/01\/50-192x300.jpg\" alt=\"\" width=\"192\" height=\"300\" srcset=\"https:\/\/static-blogs.hoy.es\/wp-content\/uploads\/sites\/19\/2024\/01\/50-192x300.jpg 192w, https:\/\/static-blogs.hoy.es\/wp-content\/uploads\/sites\/19\/2024\/01\/50-768x1198.jpg 768w, https:\/\/static-blogs.hoy.es\/wp-content\/uploads\/sites\/19\/2024\/01\/50-656x1024.jpg 656w, https:\/\/static-blogs.hoy.es\/wp-content\/uploads\/sites\/19\/2024\/01\/50.jpg 777w\" sizes=\"(max-width: 192px) 100vw, 192px\" \/><p id=\"caption-attachment-21912\" class=\"wp-caption-text\">Hace 50 a\u00f1os<\/p><\/div>\n<div id=\"attachment_21913\" style=\"width: 217px\" class=\"wp-caption aligncenter\"><img aria-describedby=\"caption-attachment-21913\" loading=\"lazy\" class=\"size-medium wp-image-21913\" src=\"https:\/\/static-blogs.hoy.es\/wp-content\/uploads\/sites\/19\/2024\/01\/75-207x300.jpg\" alt=\"\" width=\"207\" height=\"300\" srcset=\"https:\/\/static-blogs.hoy.es\/wp-content\/uploads\/sites\/19\/2024\/01\/75-207x300.jpg 207w, https:\/\/static-blogs.hoy.es\/wp-content\/uploads\/sites\/19\/2024\/01\/75-768x1112.jpg 768w, https:\/\/static-blogs.hoy.es\/wp-content\/uploads\/sites\/19\/2024\/01\/75-707x1024.jpg 707w, https:\/\/static-blogs.hoy.es\/wp-content\/uploads\/sites\/19\/2024\/01\/75.jpg 839w\" sizes=\"(max-width: 207px) 100vw, 207px\" \/><p id=\"caption-attachment-21913\" class=\"wp-caption-text\">Hace 75 a\u00f1os<\/p><\/div>\n<p>&nbsp;<\/p>\n<p>&nbsp;<\/p>\n<p>&nbsp;<\/p>\n<p><strong title=\"gallery link=\">Las efem\u00e9rides del d\u00eda:<\/strong><\/p>\n<p>1814.- La Regencia del Reino es trasladada desde C\u00e1diz a Madrid.<\/p>\n<p>1869.- Representantes de potencias occidentales son recibidos por el emperador de Jap\u00f3n, inici\u00e1ndose una nueva era para ese pa\u00eds.<\/p>\n<p>1917.- Islandia obtiene de Dinamarca una limitada autonom\u00eda administrativa.<\/p>\n<p>1919.- Se funda el Partido Nacional Socialista Alem\u00e1n, cuyo militante n\u00famero 7 es Adolf Hitler.<\/p>\n<p>1930.- El Gobierno sovi\u00e9tico anuncia la creaci\u00f3n de cooperativas agr\u00edcolas de producci\u00f3n llamadas koljoses.<\/p>\n<p>1945.- La URSS reconoce oficialmente al Gobierno polaco de Lublin.<\/p>\n<p>1950.- Gran Breta\u00f1a rompe sus relaciones diplom\u00e1ticas con la China nacionalista y al d\u00eda siguiente reconoce el r\u00e9gimen de Mao Tse-Tung.<\/p>\n<p>1968.- Alexander Dubcek, elegido primer secretario del Partido Comunista checo, impuls\u00f3 la liberalizaci\u00f3n de su pa\u00eds.<\/p>\n<p>1977.- En Espa\u00f1a se suprime el Tribunal de Orden P\u00fablico (TOP), se crea la Audiencia Nacional y los delitos de terrorismo pasan de la jurisdicci\u00f3n militar a la civil.<\/p>\n<p>1994.- Promulgada la nueva ley del Banco de Francia, que confiere a \u00e9ste mayor autonom\u00eda.<\/p>\n<p>2003.- Dos atentados suicidas causan 22 muertos en Tel Aviv.<\/p>\n<p>2008.- Mija\u00edl Saakashvili es reelegido presidente de Georgia.<\/p>\n<p><strong>El\u00a05 de enero\u00a0nacieron:<\/strong><\/p>\n<div>\n<div>\n<p>1589.- Manuel de Villegas, poeta y escritor espa\u00f1ol.<\/p>\n<p>1744.- Gaspar Melchor de Jovellanos, pol\u00edtico y escritor espa\u00f1ol.<\/p>\n<p>1846.- Rodolfo Eucken, fil\u00f3sofo alem\u00e1n, Premio Nobel de Literatura 1908.<\/p>\n<p>1876.- Konrad Adenauer, estadista alem\u00e1n.<\/p>\n<p>1881.- Pablo Gargallo, escultor espa\u00f1ol.<\/p>\n<p>1902.- Ana Mar\u00eda G\u00f3mez Gonz\u00e1lez, \u201cMaruja Mallo\u201d, pintora surrealista espa\u00f1ola.<\/p>\n<p>1911.- Jean Pierre Salomons (J.P. Aumont), actor franc\u00e9s.<\/p>\n<p>1914.- Bruno Straub, pol\u00edtico h\u00fangaro, \u00faltimo presidente de la Hungr\u00eda comunista.<\/p>\n<p>1921.- Jean de Nassau, Gran Duque de Luxemburgo.<\/p>\n<p>.- Friedrich Durrenmatt, escritor suizo.<\/p>\n<p>1928.- Walter Mondale, exvicepresidente de Estados Unidos.<\/p>\n<p>.- Ali Bhuto, ex primer ministro de Pakist\u00e1n.<\/p>\n<p>1931.- Robert Duvall, actor estadounidense.<\/p>\n<p>1932.- Umberto Eco, semi\u00f3logo y escritor italiano.<\/p>\n<p>1938.- Juan Carlos de Borb\u00f3n, Rey de Espa\u00f1a.<\/p>\n<p>.- Terry Davis, pol\u00edtico brit\u00e1nico y ex secretario general del Consejo de Europa.<\/p>\n<p>1941.- Hayao Miyazaki, cineasta de animaci\u00f3n japon\u00e9s.<\/p>\n<p>1942.- Terenci Moix, escritor espa\u00f1ol.<\/p>\n<p>.- Maurizio Pollini, pianista italiano.<\/p>\n<p>1946.- Diane Keaton, actriz estadounidense.<\/p>\n<p>1948.- Te\u00f3fila Mart\u00ednez, pol\u00edtica espa\u00f1ola.<\/p>\n<p>1950.- Carlos Bueren Roncero, juez espa\u00f1ol.<\/p>\n<p>1951.- Bernardo Tobar, campe\u00f3n mundial de tiro de pistola, colombiano.<\/p>\n<p>1953.- George Tenet, exdirector de la CIA.<\/p>\n<p>1956.- Frank-Walter Steinmeier, pol\u00edtico alem\u00e1n.<\/p>\n<p>1958.- Jos\u00e9 Manuel Soria, pol\u00edtico espa\u00f1ol.<\/p>\n<p>1961.- Isabel Gemio, presentadora espa\u00f1ola de radio y televisi\u00f3n.<\/p>\n<p>1964.- Miguel \u00c1ngel Jim\u00e9nez, jugador de golf espa\u00f1ol.<\/p>\n<p>1969.- Brian Warner, cantante de rock estadounidense, conocido como Marilyn Manson.<\/p>\n<\/div>\n<\/div>\n<p><strong>El\u00a05 de enero\u00a0murieron:<\/strong><\/p>\n<p>1692.- Fernando de Valenzuela, pol\u00edtico y poeta espa\u00f1ol.<\/p>\n<p>1903.- Pr\u00e1xedes Mateo Sagasta, expresidente del Gobierno espa\u00f1ol.<\/p>\n<p>1922.- Ernest Shackleton, explorador brit\u00e1nico de la Ant\u00e1rtida.<\/p>\n<p>1936.- Ram\u00f3n del Valle Incl\u00e1n, escritor espa\u00f1ol.<\/p>\n<p>1956.- Jeanne Bourgeois, \u201cMistinguett\u201d, bailarina francesa.<\/p>\n<p>1979.- Alexandra Balachova, bailarina rusa.<\/p>\n<p>1981.- Giuseppe Lanza del Vasto, pacifista italiano.<\/p>\n<p>1985.- Matilde Urrutia, esposa de Pablo Neruda.<\/p>\n<p>1990.- Arthur Kennedy, actor estadounidense.<\/p>\n<p>1991.- Vasko Popa, poeta yugoslavo.<\/p>\n<p>1993.- Juan Benet, escritor espa\u00f1ol.<\/p>\n<p>2003.- Roy Jenkins, pol\u00edtico brit\u00e1nico y expresidente de la Comisi\u00f3n Europea.<\/p>\n<p>2006.- Irving Layton, poeta canadiense.<\/p>\n<p>.- Rosa Mar\u00eda Kucharski, pianista espa\u00f1ola.<\/p>\n<p>2008.- Raymond Forni, pol\u00edtico franc\u00e9s.<\/p>\n<p>2009.- Griffin Bell, fiscal general de EEUU durante el Gobierno de Jimmy Carter.<\/p>\n<p>2010.- Kenneth Noland, pintor estadounidense.<\/p>\n<p>2011.- Malangatana Valente Ngwenya, pintor mozambique\u00f1o.<\/p>\n<p>.- Gabriel Cardona, historiador y militar espa\u00f1ol.<\/p>\n<p>2012.- Isaac D\u00edaz Pardo, intelectual galleguista.<\/p>\n<!-- AddThis Advanced Settings generic via filter on the_content --><!-- AddThis Share Buttons generic via filter on the_content -->","protected":false},"excerpt":{"rendered":"<p>Hoy cumplen a\u00f1os: Isabel Gemio,\u00a0periodista y presentadora de televisi\u00f3n, 5 de enero de 1961 &nbsp; Fue noticia: &nbsp; &nbsp; &nbsp; Las efem\u00e9rides del d\u00eda: 1814.- La Regencia del Reino es trasladada desde C\u00e1diz a Madrid. 1869.- Representantes de potencias occidentales son recibidos por el emperador de Jap\u00f3n, inici\u00e1ndose una nueva era para ese pa\u00eds. 1917.- [&hellip;]<!-- AddThis Advanced Settings generic via filter on get_the_excerpt --><!-- AddThis Share Buttons generic via filter on get_the_excerpt --><\/p>\n","protected":false},"author":24883,"featured_media":0,"comment_status":"open","ping_status":"closed","sticky":false,"template":"","format":"standard","meta":[],"categories":[1],"tags":[],"_links":{"self":[{"href":"https:\/\/blogs.hoy.es\/cumpleanoshoy\/wp-json\/wp\/v2\/posts\/21910"}],"collection":[{"href":"https:\/\/blogs.hoy.es\/cumpleanoshoy\/wp-json\/wp\/v2\/posts"}],"about":[{"href":"https:\/\/blogs.hoy.es\/cumpleanoshoy\/wp-json\/wp\/v2\/types\/post"}],"author":[{"embeddable":true,"href":"https:\/\/blogs.hoy.es\/cumpleanoshoy\/wp-json\/wp\/v2\/users\/24883"}],"replies":[{"embeddable":true,"href":"https:\/\/blogs.hoy.es\/cumpleanoshoy\/wp-json\/wp\/v2\/comments?post=21910"}],"version-history":[{"count":1,"href":"https:\/\/blogs.hoy.es\/cumpleanoshoy\/wp-json\/wp\/v2\/posts\/21910\/revisions"}],"predecessor-version":[{"id":21914,"href":"https:\/\/blogs.hoy.es\/cumpleanoshoy\/wp-json\/wp\/v2\/posts\/21910\/revisions\/21914"}],"wp:attachment":[{"href":"https:\/\/blogs.hoy.es\/cumpleanoshoy\/wp-json\/wp\/v2\/media?parent=21910"}],"wp:term":[{"taxonomy":"category","embeddable":true,"href":"https:\/\/blogs.hoy.es\/cumpleanoshoy\/wp-json\/wp\/v2\/categories?post=21910"},{"taxonomy":"post_tag","embeddable":true,"href":"https:\/\/blogs.hoy.es\/cumpleanoshoy\/wp-json\/wp\/v2\/tags?post=21910"}],"curies":[{"name":"wp","href":"https:\/\/api.w.org\/{rel}","templated":true}]}}