{"id":21925,"date":"2024-01-07T16:37:36","date_gmt":"2024-01-07T16:37:36","guid":{"rendered":"https:\/\/blogs.hoy.es\/cumpleanoshoy\/?p=21925"},"modified":"2024-01-07T16:37:36","modified_gmt":"2024-01-07T16:37:36","slug":"tal-dia-como-hoy-8-de-enero-11","status":"publish","type":"post","link":"https:\/\/blogs.hoy.es\/cumpleanoshoy\/2024\/01\/07\/tal-dia-como-hoy-8-de-enero-11\/","title":{"rendered":"Tal d\u00eda como HOY 8 de enero"},"content":{"rendered":"<p><strong>Hoy cumple a\u00f1os:<\/strong><\/p>\n<p><strong>Carolina Herrera<\/strong>, dise\u00f1adora, 8 de enero de 1939<\/p>\n<p><strong>Fue noticia<\/strong>:<\/p>\n<div id=\"attachment_21926\" style=\"width: 217px\" class=\"wp-caption aligncenter\"><img aria-describedby=\"caption-attachment-21926\" loading=\"lazy\" class=\"size-medium wp-image-21926\" src=\"https:\/\/static-blogs.hoy.es\/wp-content\/uploads\/sites\/19\/2024\/01\/25-2-207x300.jpg\" alt=\"\" width=\"207\" height=\"300\" srcset=\"https:\/\/static-blogs.hoy.es\/wp-content\/uploads\/sites\/19\/2024\/01\/25-2-207x300.jpg 207w, https:\/\/static-blogs.hoy.es\/wp-content\/uploads\/sites\/19\/2024\/01\/25-2-768x1114.jpg 768w, https:\/\/static-blogs.hoy.es\/wp-content\/uploads\/sites\/19\/2024\/01\/25-2-706x1024.jpg 706w, https:\/\/static-blogs.hoy.es\/wp-content\/uploads\/sites\/19\/2024\/01\/25-2.jpg 794w\" sizes=\"(max-width: 207px) 100vw, 207px\" \/><p id=\"caption-attachment-21926\" class=\"wp-caption-text\">Hace 25 a\u00f1os<\/p><\/div>\n<div id=\"attachment_21927\" style=\"width: 202px\" class=\"wp-caption aligncenter\"><img aria-describedby=\"caption-attachment-21927\" loading=\"lazy\" class=\"size-medium wp-image-21927\" src=\"https:\/\/static-blogs.hoy.es\/wp-content\/uploads\/sites\/19\/2024\/01\/50-1-192x300.jpg\" alt=\"\" width=\"192\" height=\"300\" srcset=\"https:\/\/static-blogs.hoy.es\/wp-content\/uploads\/sites\/19\/2024\/01\/50-1-192x300.jpg 192w, https:\/\/static-blogs.hoy.es\/wp-content\/uploads\/sites\/19\/2024\/01\/50-1-768x1197.jpg 768w, https:\/\/static-blogs.hoy.es\/wp-content\/uploads\/sites\/19\/2024\/01\/50-1-657x1024.jpg 657w, https:\/\/static-blogs.hoy.es\/wp-content\/uploads\/sites\/19\/2024\/01\/50-1.jpg 777w\" sizes=\"(max-width: 192px) 100vw, 192px\" \/><p id=\"caption-attachment-21927\" class=\"wp-caption-text\">Hace 50 a\u00f1os<\/p><\/div>\n<div id=\"attachment_21928\" style=\"width: 219px\" class=\"wp-caption aligncenter\"><img aria-describedby=\"caption-attachment-21928\" loading=\"lazy\" class=\"size-medium wp-image-21928\" src=\"https:\/\/static-blogs.hoy.es\/wp-content\/uploads\/sites\/19\/2024\/01\/75-2-209x300.jpg\" alt=\"\" width=\"209\" height=\"300\" srcset=\"https:\/\/static-blogs.hoy.es\/wp-content\/uploads\/sites\/19\/2024\/01\/75-2-209x300.jpg 209w, https:\/\/static-blogs.hoy.es\/wp-content\/uploads\/sites\/19\/2024\/01\/75-2-768x1103.jpg 768w, https:\/\/static-blogs.hoy.es\/wp-content\/uploads\/sites\/19\/2024\/01\/75-2-713x1024.jpg 713w, https:\/\/static-blogs.hoy.es\/wp-content\/uploads\/sites\/19\/2024\/01\/75-2.jpg 839w\" sizes=\"(max-width: 209px) 100vw, 209px\" \/><p id=\"caption-attachment-21928\" class=\"wp-caption-text\">Hace 75 a\u00f1os<\/p><\/div>\n<p>&nbsp;<\/p>\n<p><strong>Las efem\u00e9rides del d\u00eda:<\/strong><\/p>\n<p>1914.- El Middlesex Hospital de Londres utiliza el radio para tratar el c\u00e1ncer.<\/p>\n<p>1916.- I Guerra Mundial. Las fuerzas aliadas abandonan la pen\u00ednsula de Gall\u00edpoli, en Turqu\u00eda.<\/p>\n<p>1918.- Publicaci\u00f3n de \u201cLos 14 puntos de Wilson\u201d, origen de la Sociedad de Naciones.<\/p>\n<p>1924.- Un real decreto suspende en Espa\u00f1a la inmunidad parlamentaria.<\/p>\n<p>1926.- Ibn Saud, proclamado rey del ex reino independiente de Hedjaz, actualmente incorporado a Arabia Saud\u00ed.<\/p>\n<p>1933.- Anarquistas y comunistas protagonizan sangrientos disturbios en Madrid, Barcelona, Valencia y L\u00e9rida. Dura represi\u00f3n.<\/p>\n<p>1937.- Entra en vigor en Estados Unidos la tercera acta de neutralidad.<\/p>\n<p>1959.- Fidel Castro, al frente de sus tropas, entra triunfante en La Habana.<\/p>\n<p>.- Charles De Gaulle se convierte en presidente de la V Rep\u00fablica francesa.<\/p>\n<p>1974.- La OPEP decide en Ginebra estabilizar el precio del petr\u00f3leo si los pa\u00edses industrializados contienen su inflaci\u00f3n y las grandes compa\u00f1\u00edas reducen sus beneficios.<\/p>\n<p>1979.- Mueren 50 personas al explotar el petrolero franc\u00e9s \u201cBetelgeuse\u201d en aguas irlandesas.<\/p>\n<p>1982.- Por primera vez en la historia del Principado de Andorra es elegido un presidente de Gobierno: Oscar Ribas Roig.<\/p>\n<p>1986.- Nacen los primeros trillizos concebidos en laboratorio, en el hospital Maimonides, de Haifa (Israel).<\/p>\n<p>.- Creaci\u00f3n de la Academia de Artes y Ciencias Cinematogr\u00e1ficas de Espa\u00f1a.<\/p>\n<p>1996.- Mas de 300 muertos al estrellarse un avi\u00f3n de carga Ant\u00f3nov en un c\u00e9ntrico mercado de Kinshasa (Zaire).<\/p>\n<p>2001.- Entra en vigor en Espa\u00f1a la nueva Ley de Enjuiciamiento Civil (LEC).<\/p>\n<p>2003.- Un avi\u00f3n de las L\u00edneas A\u00e9reas Turcas se estrella al aterrizar en Diyarbakir (Turqu\u00eda). Mueren 75 de los 80 pasajeros.<\/p>\n<p>2004.- La reina Isabel II bautiza en Southampton al \u201cQueen Mary 2\u201d, el mayor barco de pasajeros del mundo.<\/p>\n<p>2007.- El consorcio estatal ruso Transneft corta el suministro de petr\u00f3leo a Europa occidental a trav\u00e9s de Bielorrusia, que no se restablece hasta tres d\u00edas despu\u00e9s.<\/p>\n<p>2011.- La congresista estadounidense Gabrielle Giffords resulta herida por un balazo en la cabeza en Tucson, Arizona. En el tiroteo mueren seis personas.<\/p>\n<p>2015.- La milicia islamista Boko Haram mata a cientos de personas en el noreste de Nigeria.<\/p>\n<p>2016.- M\u00e9xico detiene de nuevo al narcotraficante Joaqu\u00edn \u201cel Chapo\u201d Guzm\u00e1n, seis meses despu\u00e9s de su fuga.<\/p>\n<p>2017.- El musical \u201cLa La Land\u201d hace historia en los Globos de Oro al convertirse en la pel\u00edcula con el mayor n\u00famero de premios obtenidos, un total de siete, todos a los que aspiraba.<\/p>\n<p>2018.- EE.UU. cancela el Estatus de Protecci\u00f3n Temporal para 250.000 salvadore\u00f1os a partir de septiembre de 2019.<\/p>\n<p>.- El Grupo Zeta anuncia que dejar\u00e1 de publicar Intervi\u00fa y Tiempo.<\/p>\n<p><strong>El\u00a08 de\u00a0enero\u00a0 nacieron:<\/strong><\/p>\n<p>1870.- Miguel Primo de Rivera, general que gobern\u00f3 Espa\u00f1a dictatorialmente durante seis a\u00f1os (1923-1930).<\/p>\n<p>1898.- Carlos Buigas, ingeniero espa\u00f1ol.<\/p>\n<p>1909.- Jos\u00e9 Ferrer, actor y director puertorrique\u00f1o de cine.<\/p>\n<p>1921.- Leonardo Sciascia, escritor pol\u00edtico italiano.<\/p>\n<p>1933.- Juan Mars\u00e9, escritor espa\u00f1ol.<\/p>\n<p>1934.- Jacques Anquetil, campe\u00f3n ciclista franc\u00e9s.<\/p>\n<p>1935.- Elvis Presley, cantante estadounidense.<\/p>\n<p>1939.- Carolina Pacanins, conocida como Carolina Herrera, dise\u00f1adora de moda venezolana nacionalizada estadounidense.<\/p>\n<p>1942.- Stephen Hawking, cient\u00edfico brit\u00e1nico.<\/p>\n<p>\u2013 Junichiro Koizumi, ex primer ministro japon\u00e9s.<\/p>\n<p>1947.- David Bowie, cantante, compositor y actor brit\u00e1nico.<\/p>\n<p>\u2013 Jos\u00e9 Antonio Mart\u00ednez Soler, periodista espa\u00f1ol.<\/p>\n<p>1952.- Rafael Rull\u00e1n, ex jugador de baloncesto espa\u00f1ol.<\/p>\n<p>1953.- Javier Azcargorta, entrenador de f\u00fatbol espa\u00f1ol.<\/p>\n<p>1957.- Nacho Duato, bailar\u00edn y core\u00f3grafo espa\u00f1ol.<\/p>\n<p>1958.- Nacho Solozabal, ex jugador de baloncesto espa\u00f1ol.<\/p>\n<p>1961.- Javier Imbroda, entrenador de baloncesto espa\u00f1ol.<\/p>\n<p>1979.- Sarah Polley, actriz canadiense.<\/p>\n<p>1983.- Kim Jong-un, l\u00edder de Corea del Norte.<\/p>\n<p><strong>El\u00a08 de\u00a0enero murieron:<\/strong><\/p>\n<p>1642.- Galileo Galilei, matem\u00e1tico, f\u00edsico, astr\u00f3nomo e inventor italiano.<\/p>\n<p>1879.- Baldomero Espartero, general y pol\u00edtico espa\u00f1ol, regente y presidente de Gobierno.<\/p>\n<p>1896.- Paul Verlaine, poeta franc\u00e9s, creador del simbolismo.<\/p>\n<p>1941.- Robert Baden Powell, general brit\u00e1nico, fundador de los \u201cboy-scouts\u201d.<\/p>\n<p>1976.- Chu En-Lai, primer ministro chino.<\/p>\n<p>1990.- Jaime Gil de Biedma, poeta espa\u00f1ol.<\/p>\n<p>1992.- Miguel Roca Cabanellas, te\u00f3logo y arzobispo espa\u00f1ol.<\/p>\n<p>1995.- Carlos Monz\u00f3n, boxeador argentino.<\/p>\n<p>1996.- Francois Mitterrand, expresidente de Francia.<\/p>\n<p>\u2013 Carmen Conde, escritora, primera mujer que ingres\u00f3 en la Real Academia Espa\u00f1ola.<\/p>\n<p>1997.- Melvin Calvin, cient\u00edfico estadounidense, Premio Nobel de Qu\u00edmica 1961.<\/p>\n<p>2002.- Alexandr Pr\u00f3jorov, f\u00edsico ruso, Premio Nobel y uno de los \u201cpadres\u201d del l\u00e1ser.<\/p>\n<p>2006.- Tom\u00e1s Ch\u00e1varri, diplom\u00e1tico espa\u00f1ol.<\/p>\n<p>\u2013 Mimmo Rotella, maestro del \u201cpop art\u201d italiano.<\/p>\n<p>2007.- Iwao Takamoto, dibujante estadounidense de origen japon\u00e9s.<\/p>\n<p>2009.- Gaston Len\u00f4tre, cocinero franc\u00e9s.<\/p>\n<p>2011.- Angel Pedraza, futbolista espa\u00f1ol.<\/p>\n<p>2012.- Alexis Weissenberg, pianista franc\u00e9s de origen b\u00falgaro.<\/p>\n<p>2013.- Manuel Mota, dise\u00f1ador de moda espa\u00f1ol.<\/p>\n<p>2015.- Andra\u00e9 Crouch, cantante de gospel estadounidense.<\/p>\n<p>\u2013 Juan Garmendia Larra\u00f1aga, etn\u00f3grafo y acad\u00e9mico de honor de Euskaltzaindia.<\/p>\n<p>2016.- Otis Clay, cantante estadounidense.<\/p>\n<p>2017.- Hashem\u00ed Rafsanyan\u00ed, expresidente de Ir\u00e1n (1989-1997).<\/p>\n<p>&nbsp;<\/p>\n<p>&nbsp;<\/p>\n<!-- AddThis Advanced Settings generic via filter on the_content --><!-- AddThis Share Buttons generic via filter on the_content -->","protected":false},"excerpt":{"rendered":"<p>Hoy cumple a\u00f1os: Carolina Herrera, dise\u00f1adora, 8 de enero de 1939 Fue noticia: &nbsp; Las efem\u00e9rides del d\u00eda: 1914.- El Middlesex Hospital de Londres utiliza el radio para tratar el c\u00e1ncer. 1916.- I Guerra Mundial. Las fuerzas aliadas abandonan la pen\u00ednsula de Gall\u00edpoli, en Turqu\u00eda. 1918.- Publicaci\u00f3n de \u201cLos 14 puntos de Wilson\u201d, origen de [&hellip;]<!-- AddThis Advanced Settings generic via filter on get_the_excerpt --><!-- AddThis Share Buttons generic via filter on get_the_excerpt --><\/p>\n","protected":false},"author":24883,"featured_media":0,"comment_status":"open","ping_status":"closed","sticky":false,"template":"","format":"standard","meta":[],"categories":[1],"tags":[],"_links":{"self":[{"href":"https:\/\/blogs.hoy.es\/cumpleanoshoy\/wp-json\/wp\/v2\/posts\/21925"}],"collection":[{"href":"https:\/\/blogs.hoy.es\/cumpleanoshoy\/wp-json\/wp\/v2\/posts"}],"about":[{"href":"https:\/\/blogs.hoy.es\/cumpleanoshoy\/wp-json\/wp\/v2\/types\/post"}],"author":[{"embeddable":true,"href":"https:\/\/blogs.hoy.es\/cumpleanoshoy\/wp-json\/wp\/v2\/users\/24883"}],"replies":[{"embeddable":true,"href":"https:\/\/blogs.hoy.es\/cumpleanoshoy\/wp-json\/wp\/v2\/comments?post=21925"}],"version-history":[{"count":1,"href":"https:\/\/blogs.hoy.es\/cumpleanoshoy\/wp-json\/wp\/v2\/posts\/21925\/revisions"}],"predecessor-version":[{"id":21929,"href":"https:\/\/blogs.hoy.es\/cumpleanoshoy\/wp-json\/wp\/v2\/posts\/21925\/revisions\/21929"}],"wp:attachment":[{"href":"https:\/\/blogs.hoy.es\/cumpleanoshoy\/wp-json\/wp\/v2\/media?parent=21925"}],"wp:term":[{"taxonomy":"category","embeddable":true,"href":"https:\/\/blogs.hoy.es\/cumpleanoshoy\/wp-json\/wp\/v2\/categories?post=21925"},{"taxonomy":"post_tag","embeddable":true,"href":"https:\/\/blogs.hoy.es\/cumpleanoshoy\/wp-json\/wp\/v2\/tags?post=21925"}],"curies":[{"name":"wp","href":"https:\/\/api.w.org\/{rel}","templated":true}]}}