{"id":21948,"date":"2024-01-11T14:53:16","date_gmt":"2024-01-11T14:53:16","guid":{"rendered":"https:\/\/blogs.hoy.es\/cumpleanoshoy\/?p=21948"},"modified":"2024-01-11T14:55:15","modified_gmt":"2024-01-11T14:55:15","slug":"tal-dia-como-hoy-12-de-enero-11","status":"publish","type":"post","link":"https:\/\/blogs.hoy.es\/cumpleanoshoy\/2024\/01\/11\/tal-dia-como-hoy-12-de-enero-11\/","title":{"rendered":"Tal d\u00eda como HOY, 12 de enero"},"content":{"rendered":"<p data-gtm-element-container=\"modulo-texto-link\"><strong>Tal d\u00eda como HOY naci\u00f3:\u00a0<\/strong><\/p>\n<p>Haruki Murakami, escritor, naci\u00f3 hace <strong>75\u00a0a\u00f1os<\/strong> en Kioto (Jap\u00f3n). 12 de enero de 1949.<\/p>\n<p data-gtm-element-container=\"modulo-texto-link\"><strong>Fue noticia:\u00a0<\/strong><\/p>\n<div id=\"attachment_21949\" style=\"width: 202px\" class=\"wp-caption aligncenter\"><img aria-describedby=\"caption-attachment-21949\" loading=\"lazy\" class=\"size-medium wp-image-21949\" src=\"https:\/\/static-blogs.hoy.es\/wp-content\/uploads\/sites\/19\/2024\/01\/portada-50-anos--192x300.jpg\" alt=\"\" width=\"192\" height=\"300\" srcset=\"https:\/\/static-blogs.hoy.es\/wp-content\/uploads\/sites\/19\/2024\/01\/portada-50-anos--192x300.jpg 192w, https:\/\/static-blogs.hoy.es\/wp-content\/uploads\/sites\/19\/2024\/01\/portada-50-anos--768x1197.jpg 768w, https:\/\/static-blogs.hoy.es\/wp-content\/uploads\/sites\/19\/2024\/01\/portada-50-anos--657x1024.jpg 657w, https:\/\/static-blogs.hoy.es\/wp-content\/uploads\/sites\/19\/2024\/01\/portada-50-anos-.jpg 785w\" sizes=\"(max-width: 192px) 100vw, 192px\" \/><p id=\"caption-attachment-21949\" class=\"wp-caption-text\">Hace 50 a\u00f1os.<\/p><\/div>\n<div id=\"attachment_21950\" style=\"width: 222px\" class=\"wp-caption aligncenter\"><img aria-describedby=\"caption-attachment-21950\" loading=\"lazy\" class=\"size-medium wp-image-21950\" src=\"https:\/\/static-blogs.hoy.es\/wp-content\/uploads\/sites\/19\/2024\/01\/12-25anos--212x300.jpg\" alt=\"\" width=\"212\" height=\"300\" srcset=\"https:\/\/static-blogs.hoy.es\/wp-content\/uploads\/sites\/19\/2024\/01\/12-25anos--212x300.jpg 212w, https:\/\/static-blogs.hoy.es\/wp-content\/uploads\/sites\/19\/2024\/01\/12-25anos--768x1086.jpg 768w, https:\/\/static-blogs.hoy.es\/wp-content\/uploads\/sites\/19\/2024\/01\/12-25anos--724x1024.jpg 724w, https:\/\/static-blogs.hoy.es\/wp-content\/uploads\/sites\/19\/2024\/01\/12-25anos-.jpg 802w\" sizes=\"(max-width: 212px) 100vw, 212px\" \/><p id=\"caption-attachment-21950\" class=\"wp-caption-text\">Hace 25 a\u00f1os.<\/p><\/div>\n<p class=\"paragraph\" data-gtm-element-container=\"modulo-texto-link\"><strong>Efem\u00e9rides para el jueves 12 de enero de 2023:<\/strong><\/p>\n<p class=\"paragraph\" data-gtm-element-container=\"modulo-texto-link\">1807.- Parte de la ciudad de Leiden (Pa\u00edses Bajos) queda destruida por la explosi\u00f3n de un buque cargado de p\u00f3lvora.<\/p>\n<p class=\"paragraph\" data-gtm-element-container=\"modulo-texto-link\">1874.- Finaliza la insurrecci\u00f3n cantonal de Cartagena (Espa\u00f1a) tras seis meses de asedio.<\/p>\n<p class=\"paragraph\" data-gtm-element-container=\"modulo-texto-link\">1899.- La fragata escuela argentina &#8220;Presidente Sarmiento&#8221; emprende su primer viaje de circunnavegaci\u00f3n.<\/p>\n<p class=\"paragraph\" data-gtm-element-container=\"modulo-texto-link\">1909.- El Gobierno turco acepta la propuesta austr\u00edaca de renunciar a sus derechos sobre Bosnia-Herzegovina a cambio de compensaciones financieras.<\/p>\n<p class=\"paragraph\" data-gtm-element-container=\"modulo-texto-link\">1924.- El general Primo de Rivera disuelve las Diputaciones provinciales de toda Espa\u00f1a, menos las de \u00c1lava, Guip\u00fazcoa, Vizcaya y Navarra.<\/p>\n<p class=\"paragraph\" data-gtm-element-container=\"modulo-texto-link\">1936.- El aviador hispano-cubano Antonio Men\u00e9ndez Pel\u00e1ez despega del aeropuerto de Camag\u00fcey (Cuba) para realizar un vuelo transatl\u00e1ntico en solitario hasta Sevilla, donde lleg\u00f3 el 14 de febrero.<\/p>\n<p class=\"paragraph\" data-gtm-element-container=\"modulo-texto-link\">1959.- Cinco j\u00f3venes descubren la Cueva de Nerja (M\u00e1laga).<\/p>\n<p class=\"paragraph\" data-gtm-element-container=\"modulo-texto-link\">1969.- Led Zeppelin lanza su primer \u00e1lbum.<\/p>\n<p class=\"paragraph\" data-gtm-element-container=\"modulo-texto-link\">1976.- Con la marcha del general G\u00f3mez de Salazar termina la presencia espa\u00f1ola en el S\u00e1hara.<\/p>\n<p class=\"paragraph\" data-gtm-element-container=\"modulo-texto-link\">1981.- Se emite el primer cap\u00edtulo de la serie de televisi\u00f3n &#8220;Dinast\u00eda&#8221;.<\/p>\n<p class=\"paragraph\" data-gtm-element-container=\"modulo-texto-link\">1988.- Nacen en Michigan (EEUU) los primeros quintillizos &#8220;probeta&#8221; del mundo.<\/p>\n<p class=\"paragraph\" data-gtm-element-container=\"modulo-texto-link\">.- Se firma en Vitoria el Pacto de Ajuria Enea para la normalizaci\u00f3n y pacificaci\u00f3n del Pa\u00eds Vasco.<\/p>\n<p class=\"paragraph\" data-gtm-element-container=\"modulo-texto-link\">1991.- El vicepresidente del Gobierno socialista, Alfonso Guerra, anuncia su dimisi\u00f3n, decisi\u00f3n que se relaciona con el esc\u00e1ndalo del caso Juan Guerra.<\/p>\n<p class=\"paragraph\" data-gtm-element-container=\"modulo-texto-link\">1995.- El presidente franc\u00e9s, Fran\u00e7ois Mitterrand, inaugura en Par\u00eds el mayor complejo musical de Europa, de 50.000 metros cuadrados de superficie.<\/p>\n<p class=\"paragraph\" data-gtm-element-container=\"modulo-texto-link\">1998.- Diecinueve pa\u00edses europeos, entre ellos Espa\u00f1a, firman en Par\u00eds el protocolo del Consejo de Europa que proh\u00edbe la clonaci\u00f3n de seres humanos, el primer texto jur\u00eddico internacional en esa materia.<\/p>\n<p class=\"paragraph\" data-gtm-element-container=\"modulo-texto-link\">1999.- La cantante estadounidense Britney Spears lanza su primer \u00e1lbum, &#8220;&#8230;Baby One More Time&#8221;.<\/p>\n<p class=\"paragraph\" data-gtm-element-container=\"modulo-texto-link\">2005.- Estados Unidos anuncia el fin de la b\u00fasqueda de armas de destrucci\u00f3n masiva en Irak.<\/p>\n<p class=\"paragraph\" data-gtm-element-container=\"modulo-texto-link\">.- La NASA lanza la misi\u00f3n Deep Impact cuyo objetivo es analizar la composici\u00f3n del cometa Tempel 1.<\/p>\n<p class=\"paragraph\" data-gtm-element-container=\"modulo-texto-link\">2006.- M\u00e1s de trescientos peregrinos mueren en La Meca (Arabia Saud\u00ed) por una avalancha.<\/p>\n<p class=\"paragraph\" data-gtm-element-container=\"modulo-texto-link\">.- El turco Ali Agca, que en 1981 intent\u00f3 asesinar al papa Juan Pablo II, es puesto en libertad por un error de c\u00e1lculo, aunque ocho d\u00edas despu\u00e9s vuelve a prisi\u00f3n.<\/p>\n<p class=\"paragraph\" data-gtm-element-container=\"modulo-texto-link\">2009.- Se realiza la primer transacci\u00f3n en la red de la moneda digital bitcoin.<\/p>\n<p class=\"paragraph\" data-gtm-element-container=\"modulo-texto-link\">2010.- Un terremoto de 7,2 grados en la escala de Richter sacude Hait\u00ed causando unos 300.000 muertos.<\/p>\n<p class=\"paragraph\" data-gtm-element-container=\"modulo-texto-link\">2016.- Un terrorista suicida del Estado Isl\u00e1mico (EI) mata a diez turistas alemanes cerca de la Mezquita Azul de Estambul (Turqu\u00eda).<\/p>\n<p class=\"paragraph\" data-gtm-element-container=\"modulo-texto-link\">2017.- El exministro de Defensa Federico Trillo dimite como embajador en el Reino Unido tras el informe del Consejo de Estado que le responsabiliza del accidente a\u00e9reo del Yak-42 en el que, en mayo de 2003, murieron en Turqu\u00eda 62 militares que regresaban a Espa\u00f1a tras una misi\u00f3n de paz en Afganist\u00e1n.<\/p>\n<p class=\"paragraph\" data-gtm-element-container=\"modulo-texto-link\">.- EEUU pone fin a la pol\u00edtica de &#8220;pies secos\/pies mojados&#8221; para cubanos, que les permit\u00eda obtener la residencia permanente al a\u00f1o de llegar, incluso ilegalmente.<\/p>\n<p class=\"paragraph\" data-gtm-element-container=\"modulo-texto-link\">.- Lanzamiento del videoclip &#8220;Despacito&#8221;, canci\u00f3n de Luis Fonsi con Daddy Yankee, que lleg\u00f3 a ser el v\u00eddeo musical m\u00e1s visto en YouTube.<\/p>\n<p class=\"paragraph\" data-gtm-element-container=\"modulo-texto-link\">2019.- Una explosi\u00f3n fortuita en una panader\u00eda de Par\u00eds causa tres muertos, entre ellos una espa\u00f1ola, y decenas de heridos.<\/p>\n<p class=\"paragraph\" data-gtm-element-container=\"modulo-texto-link\">2021.- Una ola de fr\u00edo hist\u00f3rica azota Espa\u00f1a. Municipios como Torremocha del Jiloca y Bello, en Teruel, y Molina de Arag\u00f3n, en Guadalajara, registran temperaturas por debajo de 25 grados bajo cero.<\/p>\n<p class=\"paragraph\" data-gtm-element-container=\"modulo-texto-link\"><strong>NACIMIENTOS<\/strong><\/p>\n<p class=\"paragraph\" data-gtm-element-container=\"modulo-texto-link\">&#8212;&#8212;&#8212;&#8212;&#8212;&#8212;&#8211;<\/p>\n<p class=\"paragraph\" data-gtm-element-container=\"modulo-texto-link\">1628.- Charles Perrault, escritor franc\u00e9s de cuentos infantiles.<\/p>\n<p class=\"paragraph\" data-gtm-element-container=\"modulo-texto-link\">1716.- Antonio de Ulloa, cient\u00edfico, militar y marino espa\u00f1ol.<\/p>\n<p class=\"paragraph\" data-gtm-element-container=\"modulo-texto-link\">1746.- Johann Heinrich Pestalozzi, pedagogo suizo.<\/p>\n<p class=\"paragraph\" data-gtm-element-container=\"modulo-texto-link\">1809.- Leopoldo O&#8217;Donnell, militar y gobernante espa\u00f1ol.<\/p>\n<p class=\"paragraph\" data-gtm-element-container=\"modulo-texto-link\">1893.- Hermann Goering, militar y pol\u00edtico alem\u00e1n.<\/p>\n<p class=\"paragraph\" data-gtm-element-container=\"modulo-texto-link\">1907.- Sergu\u00e9i Koroliov, ingeniero ucraniano, considerado el padre del programa espacial sovi\u00e9tico.<\/p>\n<p class=\"paragraph\" data-gtm-element-container=\"modulo-texto-link\">1914.- Enrique Miret Magdalena, te\u00f3logo espa\u00f1ol.<\/p>\n<p class=\"paragraph\" data-gtm-element-container=\"modulo-texto-link\">1916.- Pieter Wilhelm Botha, pol\u00edtico sudafricano.<\/p>\n<p class=\"paragraph\" data-gtm-element-container=\"modulo-texto-link\">1925.- Miguel Cordero del Campillo, veterinario espa\u00f1ol.<\/p>\n<p class=\"paragraph\" data-gtm-element-container=\"modulo-texto-link\">1933.- Francisco Bustelo, profesor y pol\u00edtico espa\u00f1ol.<\/p>\n<p class=\"paragraph\" data-gtm-element-container=\"modulo-texto-link\">.- Liliana Cavani, directora de cine italiana.<\/p>\n<p class=\"paragraph\" data-gtm-element-container=\"modulo-texto-link\">1939.- Josep Mar\u00eda Flotats, actor y director teatral espa\u00f1ol.<\/p>\n<p class=\"paragraph\" data-gtm-element-container=\"modulo-texto-link\">1948.- Carme Riera, escritora espa\u00f1ola.<\/p>\n<p class=\"paragraph\" data-gtm-element-container=\"modulo-texto-link\">1949.- Haruki Murakami, escritor japon\u00e9s.<\/p>\n<p class=\"paragraph\" data-gtm-element-container=\"modulo-texto-link\">1956.- Ana Rosa Quintana, periodista espa\u00f1ola.<\/p>\n<p class=\"paragraph\" data-gtm-element-container=\"modulo-texto-link\">1958.- Cecilio Alonso, jugador de balonmano espa\u00f1ol.<\/p>\n<p class=\"paragraph\" data-gtm-element-container=\"modulo-texto-link\">1961.- Francisco Marhuenda, periodista espa\u00f1ol.<\/p>\n<p class=\"paragraph\" data-gtm-element-container=\"modulo-texto-link\">1963.- Juan Carlos Monedero, profesor y pol\u00edtico espa\u00f1ol, fundador de Podemos.<\/p>\n<p class=\"paragraph\" data-gtm-element-container=\"modulo-texto-link\">1964.- Jeff Bezos, empresario estadounidense, fundador de Amazon.<\/p>\n<p class=\"paragraph\" data-gtm-element-container=\"modulo-texto-link\">1966.- Olivier Martinez, actor franc\u00e9s.<\/p>\n<p class=\"paragraph\" data-gtm-element-container=\"modulo-texto-link\">1968.- Mauro da Silva Gomes, futbolista brasile\u00f1o.<\/p>\n<p class=\"paragraph\" data-gtm-element-container=\"modulo-texto-link\">1969.- Robert Prosinecki, futbolista y entrenador croata.<\/p>\n<p class=\"paragraph\" data-gtm-element-container=\"modulo-texto-link\">1972.- Quique Dacosta, cocinero espa\u00f1ol.<\/p>\n<p class=\"paragraph\" data-gtm-element-container=\"modulo-texto-link\">1975.- Carlota Pereda, cineasta espa\u00f1ola.<\/p>\n<p class=\"paragraph\" data-gtm-element-container=\"modulo-texto-link\">1985.- Yohana Cobo, actriz espa\u00f1ola.<\/p>\n<p class=\"paragraph\" data-gtm-element-container=\"modulo-texto-link\">1993.- Zayn Malik, cantante brit\u00e1nico.<\/p>\n<p class=\"paragraph\" data-gtm-element-container=\"modulo-texto-link\">1995.- Nathy Peluso, cantante argentina.<\/p>\n<p class=\"paragraph\" data-gtm-element-container=\"modulo-texto-link\">.- Maverick Vi\u00f1ales, piloto de motociclismo espa\u00f1ol.<\/p>\n<p class=\"paragraph\" data-gtm-element-container=\"modulo-texto-link\">1998.- Nathan Gamble, actor estadounidense.<\/p>\n<p class=\"paragraph\" data-gtm-element-container=\"modulo-texto-link\">DEFUNCIONES<\/p>\n<p class=\"paragraph\" data-gtm-element-container=\"modulo-texto-link\">&#8212;&#8212;&#8212;&#8212;&#8212;&#8212;&#8212;<\/p>\n<p class=\"paragraph\" data-gtm-element-container=\"modulo-texto-link\">1960.- Pedro Puig Adam, matem\u00e1tico e ingeniero espa\u00f1ol.<\/p>\n<p class=\"paragraph\" data-gtm-element-container=\"modulo-texto-link\">1963.- Ram\u00f3n G\u00f3mez de la Serna, escritor espa\u00f1ol.<\/p>\n<p class=\"paragraph\" data-gtm-element-container=\"modulo-texto-link\">1976.- Agatha Christie, escritora brit\u00e1nica de novelas polic\u00edacas.<\/p>\n<p class=\"paragraph\" data-gtm-element-container=\"modulo-texto-link\">1991.- Vasco Pratolini, escritor italiano.<\/p>\n<p class=\"paragraph\" data-gtm-element-container=\"modulo-texto-link\">2002.- Cyrus Vance, pol\u00edtico estadounidense.<\/p>\n<p class=\"paragraph\" data-gtm-element-container=\"modulo-texto-link\">2003.- Leopoldo Galtieri, pol\u00edtico argentino.<\/p>\n<p class=\"paragraph\" data-gtm-element-container=\"modulo-texto-link\">2004.- Olga Ladyzhenskaya, matem\u00e1tica rusa.<\/p>\n<p class=\"paragraph\" data-gtm-element-container=\"modulo-texto-link\">2008.- \u00c1ngel Gonz\u00e1lez, poeta espa\u00f1ol.<\/p>\n<p class=\"paragraph\" data-gtm-element-container=\"modulo-texto-link\">.- Adriano Gonz\u00e1lez Le\u00f3n, escritor venezolano.<\/p>\n<p class=\"paragraph\" data-gtm-element-container=\"modulo-texto-link\">2009.- Claude Berri, cineasta franc\u00e9s.<\/p>\n<p class=\"paragraph\" data-gtm-element-container=\"modulo-texto-link\">2010.- Fina Calder\u00f3n, poetisa espa\u00f1ola.<\/p>\n<p class=\"paragraph\" data-gtm-element-container=\"modulo-texto-link\">2012.- \u00c1ngel Men\u00e9ndez, Kalikatres, humorista gr\u00e1fico espa\u00f1ol.<\/p>\n<p class=\"paragraph\" data-gtm-element-container=\"modulo-texto-link\">2015.- Juan Jos\u00e9 L\u00f3pez-Ibor Ali\u00f1o, psiquiatra espa\u00f1ol.<\/p>\n<p class=\"paragraph\" data-gtm-element-container=\"modulo-texto-link\">2017.- William Peter Blatty, escritor y guionista estadounidense, autor de &#8220;El exorcista&#8221;.<\/p>\n<p class=\"paragraph\" data-gtm-element-container=\"modulo-texto-link\">2020.- Paulo Gon\u00e7alves, motociclista portugu\u00e9s fallecido en el rally Dakar.<\/p>\n<p class=\"paragraph\" data-gtm-element-container=\"modulo-texto-link\">2021.- Enrique Pineda Barnet, cineasta cubano.<\/p>\n<p class=\"paragraph\" data-gtm-element-container=\"modulo-texto-link\">2022.- Ronnie Spector, cantante estadounidense, vocalista del grupo The Ronettes.<\/p>\n<!-- AddThis Advanced Settings generic via filter on the_content --><!-- AddThis Share Buttons generic via filter on the_content -->","protected":false},"excerpt":{"rendered":"<p>Tal d\u00eda como HOY naci\u00f3:\u00a0 Haruki Murakami, escritor, naci\u00f3 hace 75\u00a0a\u00f1os en Kioto (Jap\u00f3n). 12 de enero de 1949. Fue noticia:\u00a0 Efem\u00e9rides para el jueves 12 de enero de 2023: 1807.- Parte de la ciudad de Leiden (Pa\u00edses Bajos) queda destruida por la explosi\u00f3n de un buque cargado de p\u00f3lvora. 1874.- Finaliza la insurrecci\u00f3n cantonal [&hellip;]<!-- AddThis Advanced Settings generic via filter on get_the_excerpt --><!-- AddThis Share Buttons generic via filter on get_the_excerpt --><\/p>\n","protected":false},"author":24883,"featured_media":0,"comment_status":"open","ping_status":"closed","sticky":false,"template":"","format":"standard","meta":[],"categories":[1],"tags":[],"_links":{"self":[{"href":"https:\/\/blogs.hoy.es\/cumpleanoshoy\/wp-json\/wp\/v2\/posts\/21948"}],"collection":[{"href":"https:\/\/blogs.hoy.es\/cumpleanoshoy\/wp-json\/wp\/v2\/posts"}],"about":[{"href":"https:\/\/blogs.hoy.es\/cumpleanoshoy\/wp-json\/wp\/v2\/types\/post"}],"author":[{"embeddable":true,"href":"https:\/\/blogs.hoy.es\/cumpleanoshoy\/wp-json\/wp\/v2\/users\/24883"}],"replies":[{"embeddable":true,"href":"https:\/\/blogs.hoy.es\/cumpleanoshoy\/wp-json\/wp\/v2\/comments?post=21948"}],"version-history":[{"count":3,"href":"https:\/\/blogs.hoy.es\/cumpleanoshoy\/wp-json\/wp\/v2\/posts\/21948\/revisions"}],"predecessor-version":[{"id":21953,"href":"https:\/\/blogs.hoy.es\/cumpleanoshoy\/wp-json\/wp\/v2\/posts\/21948\/revisions\/21953"}],"wp:attachment":[{"href":"https:\/\/blogs.hoy.es\/cumpleanoshoy\/wp-json\/wp\/v2\/media?parent=21948"}],"wp:term":[{"taxonomy":"category","embeddable":true,"href":"https:\/\/blogs.hoy.es\/cumpleanoshoy\/wp-json\/wp\/v2\/categories?post=21948"},{"taxonomy":"post_tag","embeddable":true,"href":"https:\/\/blogs.hoy.es\/cumpleanoshoy\/wp-json\/wp\/v2\/tags?post=21948"}],"curies":[{"name":"wp","href":"https:\/\/api.w.org\/{rel}","templated":true}]}}