{"id":21961,"date":"2024-01-14T00:10:37","date_gmt":"2024-01-14T00:10:37","guid":{"rendered":"https:\/\/blogs.hoy.es\/cumpleanoshoy\/?p=21961"},"modified":"2024-01-13T14:41:23","modified_gmt":"2024-01-13T14:41:23","slug":"tal-dia-como-hoy-14-de-enero-11","status":"publish","type":"post","link":"https:\/\/blogs.hoy.es\/cumpleanoshoy\/2024\/01\/14\/tal-dia-como-hoy-14-de-enero-11\/","title":{"rendered":"Tal d\u00eda como HOY, 14 de enero"},"content":{"rendered":"<p><strong>Hoy cumple a\u00f1os:<\/strong><\/p>\n<p><strong>Manel Fuentes<\/strong>, periodista y humorista, 14 de enero de 1971: 53 a\u00f1os.<\/p>\n<p>&nbsp;<\/p>\n<p><strong>Fue noticia (hace 25 y 75 a\u00f1os):<\/strong><\/p>\n<p><img loading=\"lazy\" class=\"aligncenter size-medium wp-image-21963\" src=\"https:\/\/static-blogs.hoy.es\/wp-content\/uploads\/sites\/19\/2024\/01\/01199901145BAD_page-0001-207x300.jpg\" alt=\"\" width=\"207\" height=\"300\" srcset=\"https:\/\/static-blogs.hoy.es\/wp-content\/uploads\/sites\/19\/2024\/01\/01199901145BAD_page-0001-207x300.jpg 207w, https:\/\/static-blogs.hoy.es\/wp-content\/uploads\/sites\/19\/2024\/01\/01199901145BAD_page-0001-768x1114.jpg 768w, https:\/\/static-blogs.hoy.es\/wp-content\/uploads\/sites\/19\/2024\/01\/01199901145BAD_page-0001-706x1024.jpg 706w, https:\/\/static-blogs.hoy.es\/wp-content\/uploads\/sites\/19\/2024\/01\/01199901145BAD_page-0001.jpg 947w\" sizes=\"(max-width: 207px) 100vw, 207px\" \/><img loading=\"lazy\" class=\"aligncenter size-medium wp-image-21962\" src=\"https:\/\/static-blogs.hoy.es\/wp-content\/uploads\/sites\/19\/2024\/01\/01194901145BAD_page-0001-209x300.jpg\" alt=\"\" width=\"209\" height=\"300\" srcset=\"https:\/\/static-blogs.hoy.es\/wp-content\/uploads\/sites\/19\/2024\/01\/01194901145BAD_page-0001-209x300.jpg 209w, https:\/\/static-blogs.hoy.es\/wp-content\/uploads\/sites\/19\/2024\/01\/01194901145BAD_page-0001-768x1104.jpg 768w, https:\/\/static-blogs.hoy.es\/wp-content\/uploads\/sites\/19\/2024\/01\/01194901145BAD_page-0001-712x1024.jpg 712w, https:\/\/static-blogs.hoy.es\/wp-content\/uploads\/sites\/19\/2024\/01\/01194901145BAD_page-0001.jpg 956w\" sizes=\"(max-width: 209px) 100vw, 209px\" \/><\/p>\n<p>&nbsp;<\/p>\n<p><strong>Las efem\u00e9rides del d\u00eda:<\/strong><\/p>\n<p>1503.- Creaci\u00f3n de la Casa de Contrataci\u00f3n, en Sevilla, destinada a dep\u00f3sito de mercanc\u00edas de y para Am\u00e9rica.<\/p>\n<p>1514.- Real c\u00e9dula autorizando el matrimonio de espa\u00f1oles con indias americanas.<\/p>\n<p>1526.- Tratado de Madrid, entre Francisco I de Francia y Carlos I de Espa\u00f1a, tras la batalla de Pav\u00eda.<\/p>\n<p>1812.- Las Cortes de C\u00e1diz decretan la supresi\u00f3n de la horca.<\/p>\n<p>1814.- Tratado de Kiel, por el que Dinamarca cede Noruega a Suecia y \u00e9sta renuncia a la regi\u00f3n de Pomerania en favor de Dinamarca.<\/p>\n<p>1858.- Atentado frustrado contra Napole\u00f3n III en Par\u00eds, cuando se dirig\u00eda a la Opera con la Emperatriz Eugenia.<\/p>\n<p>1900.- Estreno de la \u00f3pera \u201cTosca\u201d de Puccini en el teatro Costanzi, en Roma.<\/p>\n<p>1914.- La erupci\u00f3n del volc\u00e1n Strato en la isla de Sakura (Jap\u00f3n) provoca la muerte de 7.000 personas y destruye 13.000 casas.<\/p>\n<p>1931.- Un terremoto destruye la ciudad de Oaxaca (M\u00e9xico).<\/p>\n<p>1935.- Aparece en Madrid el primer n\u00famero del peri\u00f3dico \u201cYa\u201d, de Editorial Cat\u00f3lica.<\/p>\n<p>1986.- Accidente de helic\u00f3ptero en el Rally Par\u00eds-Dakar. Mueren el organizador, Thierry Sabine, y cuatro personas m\u00e1s.<\/p>\n<p>1990.- Cuarenta y tres personas mueren asfixiadas en un incendio en la discoteca \u201cFlying\u201d, de Zaragoza.<\/p>\n<p>1993.- Supresi\u00f3n del monopolio de Campsa y liberalizaci\u00f3n del sector petrolero en Espa\u00f1a.<\/p>\n<p>1994.- Los presidentes de Rusia, Bor\u00eds Yeltsin, Estados Unidos, Bill Clinton, y Ucrania, Leonid Kravchuk, suscriben un tratado para la eliminaci\u00f3n del arsenal nuclear ucraniano.<\/p>\n<p>2003.- Inaugurado en Torrej\u00f3n de Ardoz (Madrid) el Centro de Astrobiolog\u00eda de Madrid (CAB), \u00fanico asociado a la NASA que opera fuera de EEUU.<\/p>\n<p>2005.- La sonda espacial europea \u201cHuygens\u201d se posa en la superficie de Tit\u00e1n, la mayor luna de Saturno, tras siete a\u00f1os de viaje.<\/p>\n<p>2006.- La Infanta Leonor, primera hija de los Pr\u00edncipes de Asturias, es bautizada en el Palacio de la Zarzuela.<\/p>\n<p>2011.- El presidente de T\u00fanez, Zine el Abidine Ben Al\u00ed, abandona el pa\u00eds tras un mes de protestas con m\u00e1s de 200 muertos.<\/p>\n<p>2013.- Entra en vigor en Cuba una reforma migratoria que pone fin a d\u00e9cadas de restricciones para viajar.<\/p>\n<p>.- El ciclista estadounidense Lance Armstrong, ganador de siete Tours de Francia, reconoce que se dop\u00f3 durante su carrera.<\/p>\n<p>2014.- Tras cinco d\u00edas de protestas vecinales, el Ayuntamiento de Burgos paraliza las obras de construcci\u00f3n de un bulevar en el barrio de Gamonal.<\/p>\n<p>2019.- Fallece el alcalde polaco de Gdansk, Pawel Adamowicz, tras ser apu\u00f1alado la noche anterior en un acto ben\u00e9fico.<\/p>\n<p>&nbsp;<\/p>\n<p><strong>El 14 de\u00a0enero nacieron:<\/strong><\/p>\n<p>1807.- Hilario Ascasubi, poeta argentino.<\/p>\n<p>1896.- John Dos Passos, novelista estadounidense.<\/p>\n<p>1909.- Joseph Losey, cineasta estadounidense.<\/p>\n<p>1919.- Giulio Andreotti, pol\u00edtico italiano.<\/p>\n<p>1924.- Fernando Alvarez de Miranda, pol\u00edtico espa\u00f1ol.<\/p>\n<p>1928.- Carlos Luis Alvarez \u201cC\u00e1ndido\u201d, periodista espa\u00f1ol.<\/p>\n<p>1931.- Joseph P\u00e9rez, historiador e hispanista franc\u00e9s.<\/p>\n<p>1933.- Jos\u00e9 Mar\u00eda Iglesias, pintor espa\u00f1ol.<\/p>\n<p>1940.- Trevor Nunn, director de teatro brit\u00e1nico.<\/p>\n<p>1941.- Faye Dunaway, actriz estadounidense.<\/p>\n<p>1943.- Jos\u00e9 Luis Rodriguez \u201cEl Puma\u201d, cantante venezolano.<\/p>\n<p>1951.- Carmen El\u00edas, actriz espa\u00f1ola.<\/p>\n<p>1956.- Ben Heppner, tenor canadiense.<\/p>\n<p>1965.- Antonio (Tony) Cant\u00f3, actor y pol\u00edtico espa\u00f1ol.<\/p>\n<p>1967.- Emily Watson, actriz brit\u00e1nica.<\/p>\n<p>1975.- Rodolfo Sancho, actor espa\u00f1ol.<\/p>\n<p>1980.- Carlos Alvarado, presidente de Costa Rica.<\/p>\n<p>.- Paola Tirados, nadadora espa\u00f1ola de sincronizada.<\/p>\n<p>1981.- Rosa L\u00f3pez, \u201cRosa\u201d, cantante espa\u00f1ola.<\/p>\n<p>1982.- Victor Vald\u00e9s, exfutbolista espa\u00f1ol.<\/p>\n<p>1983.- Hanna Gabriel, boxeadora costarricense.<\/p>\n<p>1994.- Gisela Pulido, espa\u00f1ola, campeona del mundo de \u201ckitesurf\u201d.<\/p>\n<p>&nbsp;<\/p>\n<p><strong>El 14 de\u00a0enero murieron:<\/strong><\/p>\n<p>1742.- Edmond Halley, matem\u00e1tico y astr\u00f3nomo brit\u00e1nico.<\/p>\n<p>1898.- Lewis Carroll (Charles Lutwidge Dodgson), escritor ingl\u00e9s, autor de \u201cAlicia en el pa\u00eds de las maravillas\u201d.<\/p>\n<p>1949.- Joaqu\u00edn Turina, compositor espa\u00f1ol.<\/p>\n<p>1957.- Humphrey Bogart, actor estadounidense de cine.<\/p>\n<p>1984.- Jos\u00e9 Fernando Dicenta, actor y escritor espa\u00f1ol, int\u00e9rprete de la serie radiof\u00f3nica \u201cLa saga de los porretas\u201d.<\/p>\n<p>1986.- Thierry Sabine, piloto y organizador del Rallye Par\u00eds-Dakar.<\/p>\n<p>1994.- Delio Rodr\u00edguez, ciclista espa\u00f1ol.<\/p>\n<p>2001.- Julio Robles, matador de toros espa\u00f1ol.<\/p>\n<p>2004.- Joaqu\u00edn Mar\u00eda Nin-Culmell, compositor y pianista nacionalizado espa\u00f1ol en 2001, hermano de la escritora Anais Nin.<\/p>\n<p>2006.- Shelley Winters, actriz estadounidense.<\/p>\n<p>2009.- Ricardo Montalb\u00e1n, actor mexicano.<\/p>\n<p>\u2013 Jan Kaplicky, arquitecto checo.<\/p>\n<p>2010.- Antonio Font\u00e1n, pol\u00edtico espa\u00f1ol.<\/p>\n<p>\u2013 Bobby Charles, m\u00fasico estadounidense.<\/p>\n<p>2012.- Jos\u00e9 Luis \u00c1lvarez Enparantza, \u201cTxillardegi\u201d, escritor y ling\u00fcista vasco, y uno de los fundadores de ETA.<\/p>\n<p>\u2013 Ram\u00f3n Rato, empresario espa\u00f1ol.<\/p>\n<p>2014.- Juan Gelman, poeta argentino.<\/p>\n<p>2015.- Raoul Pantin, poeta y periodista de Trinidad y Tobago.<\/p>\n<p>2016.- Alan Rickman, actor brit\u00e1nico.<\/p>\n<p>2017.- Nicol\u00e1s del Hierro, poeta espa\u00f1ol.<\/p>\n<p>2018.- Dan Gurney, piloto de automovilismo estadounidense.<\/p>\n<p>.- Hugh Wilson, cineasta estadounidense.<\/p>\n<p>.- Pablo Garc\u00eda Baena, poeta espa\u00f1ol.<\/p>\n<p>2019.- Juan Cueto, escritor espa\u00f1ol.<\/p>\n<!-- AddThis Advanced Settings generic via filter on the_content --><!-- AddThis Share Buttons generic via filter on the_content -->","protected":false},"excerpt":{"rendered":"<p>Hoy cumple a\u00f1os: Manel Fuentes, periodista y humorista, 14 de enero de 1971: 53 a\u00f1os. &nbsp; Fue noticia (hace 25 y 75 a\u00f1os): &nbsp; Las efem\u00e9rides del d\u00eda: 1503.- Creaci\u00f3n de la Casa de Contrataci\u00f3n, en Sevilla, destinada a dep\u00f3sito de mercanc\u00edas de y para Am\u00e9rica. 1514.- Real c\u00e9dula autorizando el matrimonio de espa\u00f1oles con [&hellip;]<!-- AddThis Advanced Settings generic via filter on get_the_excerpt --><!-- AddThis Share Buttons generic via filter on get_the_excerpt --><\/p>\n","protected":false},"author":24883,"featured_media":0,"comment_status":"open","ping_status":"closed","sticky":false,"template":"","format":"standard","meta":[],"categories":[1],"tags":[],"_links":{"self":[{"href":"https:\/\/blogs.hoy.es\/cumpleanoshoy\/wp-json\/wp\/v2\/posts\/21961"}],"collection":[{"href":"https:\/\/blogs.hoy.es\/cumpleanoshoy\/wp-json\/wp\/v2\/posts"}],"about":[{"href":"https:\/\/blogs.hoy.es\/cumpleanoshoy\/wp-json\/wp\/v2\/types\/post"}],"author":[{"embeddable":true,"href":"https:\/\/blogs.hoy.es\/cumpleanoshoy\/wp-json\/wp\/v2\/users\/24883"}],"replies":[{"embeddable":true,"href":"https:\/\/blogs.hoy.es\/cumpleanoshoy\/wp-json\/wp\/v2\/comments?post=21961"}],"version-history":[{"count":1,"href":"https:\/\/blogs.hoy.es\/cumpleanoshoy\/wp-json\/wp\/v2\/posts\/21961\/revisions"}],"predecessor-version":[{"id":21964,"href":"https:\/\/blogs.hoy.es\/cumpleanoshoy\/wp-json\/wp\/v2\/posts\/21961\/revisions\/21964"}],"wp:attachment":[{"href":"https:\/\/blogs.hoy.es\/cumpleanoshoy\/wp-json\/wp\/v2\/media?parent=21961"}],"wp:term":[{"taxonomy":"category","embeddable":true,"href":"https:\/\/blogs.hoy.es\/cumpleanoshoy\/wp-json\/wp\/v2\/categories?post=21961"},{"taxonomy":"post_tag","embeddable":true,"href":"https:\/\/blogs.hoy.es\/cumpleanoshoy\/wp-json\/wp\/v2\/tags?post=21961"}],"curies":[{"name":"wp","href":"https:\/\/api.w.org\/{rel}","templated":true}]}}