{"id":22024,"date":"2024-01-24T14:48:51","date_gmt":"2024-01-24T14:48:51","guid":{"rendered":"https:\/\/blogs.hoy.es\/cumpleanoshoy\/?p=22024"},"modified":"2024-01-24T14:50:35","modified_gmt":"2024-01-24T14:50:35","slug":"tal-dia-como-hoy-25-de-enero-12","status":"publish","type":"post","link":"https:\/\/blogs.hoy.es\/cumpleanoshoy\/2024\/01\/24\/tal-dia-como-hoy-25-de-enero-12\/","title":{"rendered":"Tal d\u00eda como HOY 25 de enero"},"content":{"rendered":"<p><strong>Hoy cumple a\u00f1os:<\/strong><\/p>\n<p><strong>Xavi Hern\u00e1ndez<\/strong>, exfutbolista y entrenador, 25 de enero de 1980: 44 a\u00f1os<\/p>\n<p><strong>Fue noticia<\/strong>:<\/p>\n<p>&nbsp;<\/p>\n<p><img loading=\"lazy\" class=\"aligncenter size-medium wp-image-22025\" src=\"https:\/\/static-blogs.hoy.es\/wp-content\/uploads\/sites\/19\/2024\/01\/25_page-0001-4-205x300.jpg\" alt=\"\" width=\"205\" height=\"300\" srcset=\"https:\/\/static-blogs.hoy.es\/wp-content\/uploads\/sites\/19\/2024\/01\/25_page-0001-4-205x300.jpg 205w, https:\/\/static-blogs.hoy.es\/wp-content\/uploads\/sites\/19\/2024\/01\/25_page-0001-4-768x1123.jpg 768w, https:\/\/static-blogs.hoy.es\/wp-content\/uploads\/sites\/19\/2024\/01\/25_page-0001-4-701x1024.jpg 701w, https:\/\/static-blogs.hoy.es\/wp-content\/uploads\/sites\/19\/2024\/01\/25_page-0001-4.jpg 940w\" sizes=\"(max-width: 205px) 100vw, 205px\" \/> <img loading=\"lazy\" class=\"aligncenter size-medium wp-image-22026\" src=\"https:\/\/static-blogs.hoy.es\/wp-content\/uploads\/sites\/19\/2024\/01\/50_page-0001-4-191x300.jpg\" alt=\"\" width=\"191\" height=\"300\" srcset=\"https:\/\/static-blogs.hoy.es\/wp-content\/uploads\/sites\/19\/2024\/01\/50_page-0001-4-191x300.jpg 191w, https:\/\/static-blogs.hoy.es\/wp-content\/uploads\/sites\/19\/2024\/01\/50_page-0001-4-768x1203.jpg 768w, https:\/\/static-blogs.hoy.es\/wp-content\/uploads\/sites\/19\/2024\/01\/50_page-0001-4-654x1024.jpg 654w, https:\/\/static-blogs.hoy.es\/wp-content\/uploads\/sites\/19\/2024\/01\/50_page-0001-4.jpg 877w\" sizes=\"(max-width: 191px) 100vw, 191px\" \/> <img loading=\"lazy\" class=\"aligncenter size-medium wp-image-22027\" src=\"https:\/\/static-blogs.hoy.es\/wp-content\/uploads\/sites\/19\/2024\/01\/75_page-0001-4-209x300.jpg\" alt=\"\" width=\"209\" height=\"300\" srcset=\"https:\/\/static-blogs.hoy.es\/wp-content\/uploads\/sites\/19\/2024\/01\/75_page-0001-4-209x300.jpg 209w, https:\/\/static-blogs.hoy.es\/wp-content\/uploads\/sites\/19\/2024\/01\/75_page-0001-4-768x1104.jpg 768w, https:\/\/static-blogs.hoy.es\/wp-content\/uploads\/sites\/19\/2024\/01\/75_page-0001-4-712x1024.jpg 712w, https:\/\/static-blogs.hoy.es\/wp-content\/uploads\/sites\/19\/2024\/01\/75_page-0001-4.jpg 956w\" sizes=\"(max-width: 209px) 100vw, 209px\" \/><\/p>\n<p><strong>Las efem\u00e9rides del d\u00eda:<\/strong><\/p>\n<p>1533.- El rey Enrique VIII se casa con Ana Bolena.<\/p>\n<p>1898.- Entra en el puerto de La Habana el acorazado norteamericano \u201cMaine\u201d, cuya voladura (el 15 de febrero), atribuida falsamente a los espa\u00f1oles, sirvi\u00f3 de pretexto para que EEUU declarara la guerra a Espa\u00f1a.<\/p>\n<p>1912.- El Partido Socialdem\u00f3crata Alem\u00e1n gana las elecciones al Reichstag.<\/p>\n<p>1917.- Estados Unidos compra a Dinamarca las islas V\u00edrgenes o Antillas danesas por 25 millones de d\u00f3lares.<\/p>\n<p>1919.- La Conferencia de Paz acepta la propuesta del presidente estadounidense, Woodrow Wilson, de crear una Asociaci\u00f3n General de Naciones.<\/p>\n<p>1929.- Rusia y Alemania firman un tratado de conciliaci\u00f3n y se comprometen a someter los conflictos que pudieran surgir entre ambas naciones al arbitraje de una Comisi\u00f3n Permanente.<\/p>\n<p>1931.- Gandhi es puesto en libertad en la India.<\/p>\n<p>1946.- El departamento de Defensa de Estados Unidos establece contacto con la Luna por medio del radar.<\/p>\n<p>1948.- El poeta y ensayista D\u00e1maso Alonso ingresa en la Real Academia Espa\u00f1ola.<\/p>\n<p>1971.- El jefe de las Fuerzas Armadas de Uganda, Idi Amin, asume el poder tras un sangriento golpe de Estado.<\/p>\n<p>1986.- La nave espacial estadounidense \u201cVoyager 2\u201d env\u00eda a la Tierra fotograf\u00edas de 12 nuevas lunas que rodean el planeta Urano y cuya existencia se desconoc\u00eda.<\/p>\n<p>1989.- Pek\u00edn y Hanoi llegan a un acuerdo sobre Camboya, por el que las tropas vietnamitas abandonar\u00e1n totalmente el vecino pa\u00eds en septiembre.<\/p>\n<p>1993.- Slobodan Milosevic jura como presidente de Serbia, tras su victoria en las elecciones.<\/p>\n<p>1994.- Fallecen 55 trabajadores en una mina de carb\u00f3n en Bengala Occidental, India.<\/p>\n<p>2001.- Se inaugura el I Foro Social Mundial en Porto Alegre (Brasil) como espacio de reflexi\u00f3n contra el liberalismo econ\u00f3mico.<\/p>\n<p>2002.- Clifford Baxter, expresidente de la compa\u00f1\u00eda energ\u00e9tica estadounidense Enron, aparece muerto en Houston con un disparo en la cabeza y una nota de suicidio.<\/p>\n<p>2006.- El grupo integrista Hamas gana por mayor\u00eda absoluta las elecciones legislativas en la Autoridad Nacional Palestina.<\/p>\n<p>2007.- El Parlamento de Israel suspende al presidente Mosh\u00e9 Katzav hasta que se aclaren las acusaciones contra \u00e9l por supuestos delitos sexuales.<\/p>\n<p>2010.- Ejecutado en Irak \u201cAl\u00ed el qu\u00edmico\u201d, primo de Sadam Hussein.<\/p>\n<p>2011.- Empieza la Revoluci\u00f3n del 25 de enero cuando miles de personas se manifiestan en la plaza Tahrir de El Cairo y en otras ciudades egipcias para exigir reformas pol\u00edticas al presidente, Hosni Mubarak.<\/p>\n<p>2015.- La coalici\u00f3n izquierdista Syriza, liderada por Alexis Tsipras, gana las elecciones generales en Grecia.<\/p>\n<p>2017.- Trump firma la orden ejecutiva para comenzar la construcci\u00f3n del muro con M\u00e9xico.<\/p>\n<p>&nbsp;<\/p>\n<p><strong>El 25 de\u00a0enero nacieron:<\/strong><\/p>\n<p>1882.- Virginia Woolf, escritora brit\u00e1nica.<\/p>\n<p>1897.- Antonio Mart\u00ednez del Castillo, \u201cFlorian Rey\u201d, cineasta espa\u00f1ol.<\/p>\n<p>1928.- Adolfo Marsillach, actor, escritor y director teatral espa\u00f1ol.<\/p>\n<p>.- Eduard Shevardnadze, pol\u00edtico georgiano.<\/p>\n<p>1933.- Coraz\u00f3n Aquino, pol\u00edtica filipina.<\/p>\n<p>1935.- Antonio Ramalho Eanes, pol\u00edtico portugu\u00e9s.<\/p>\n<p>1939.- Francisco Frutos, pol\u00edtico espa\u00f1ol.<\/p>\n<p>1942.- Eusebio da Silva Ferreira, futbolista portugu\u00e9s.<\/p>\n<p>1943.- Fernando P\u00e9rez Royo, pol\u00edtico y catedr\u00e1tico espa\u00f1ol.<\/p>\n<p>1947.- \u00c1ngel Nieto, piloto espa\u00f1ol de motociclismo.<\/p>\n<p>1953.- Diego Valderas, pol\u00edtico espa\u00f1ol.<\/p>\n<p>1980.- Xavi Hern\u00e1ndez, futbolista espa\u00f1ol.<\/p>\n<p>.- Alicia Keys, cantante, pianista y compositora estadounidense.<\/p>\n<p>1984.- Robson da Souza, \u201cRobinho\u201d, futbolista brasile\u00f1o.<\/p>\n<p>&nbsp;<\/p>\n<p><strong>El 25 de\u00a0enero murieron:<\/strong><\/p>\n<p>&nbsp;<\/p>\n<p>&nbsp;<\/p>\n<p>1990.- D\u00e1maso Alonso, poeta y acad\u00e9mico espa\u00f1ol.<\/p>\n<p>.- Ava Gardner, actriz estadounidense.<\/p>\n<p>1997.- Manuel Tu\u00f1\u00f3n de Lara, historiador espa\u00f1ol.<\/p>\n<p>2005.- Philip Johnson, arquitecto estadounidense.<\/p>\n<p>.- Juan Bustos, periodista espa\u00f1ol, cronista oficial de Granada.<\/p>\n<p>2013.- Jaime Salom, dramaturgo espa\u00f1ol.<\/p>\n<p>2015.- Demis Roussos, cantante griego.<\/p>\n<p>2016.- Denise Duval, soprano francesa.<\/p>\n<p>2017.- Mary Tyler Moore, actriz estadounidense.<\/p>\n<p>.- Johon Hurt, actor brit\u00e1nico.<\/p>\n<p>.- Federico Sope\u00f1a, misionero jesuita espa\u00f1ol. EFE<\/p>\n<!-- AddThis Advanced Settings generic via filter on the_content --><!-- AddThis Share Buttons generic via filter on the_content -->","protected":false},"excerpt":{"rendered":"<p>Hoy cumple a\u00f1os: Xavi Hern\u00e1ndez, exfutbolista y entrenador, 25 de enero de 1980: 44 a\u00f1os Fue noticia: &nbsp; Las efem\u00e9rides del d\u00eda: 1533.- El rey Enrique VIII se casa con Ana Bolena. 1898.- Entra en el puerto de La Habana el acorazado norteamericano \u201cMaine\u201d, cuya voladura (el 15 de febrero), atribuida falsamente a los espa\u00f1oles, [&hellip;]<!-- AddThis Advanced Settings generic via filter on get_the_excerpt --><!-- AddThis Share Buttons generic via filter on get_the_excerpt --><\/p>\n","protected":false},"author":24883,"featured_media":0,"comment_status":"open","ping_status":"closed","sticky":false,"template":"","format":"standard","meta":[],"categories":[1],"tags":[],"_links":{"self":[{"href":"https:\/\/blogs.hoy.es\/cumpleanoshoy\/wp-json\/wp\/v2\/posts\/22024"}],"collection":[{"href":"https:\/\/blogs.hoy.es\/cumpleanoshoy\/wp-json\/wp\/v2\/posts"}],"about":[{"href":"https:\/\/blogs.hoy.es\/cumpleanoshoy\/wp-json\/wp\/v2\/types\/post"}],"author":[{"embeddable":true,"href":"https:\/\/blogs.hoy.es\/cumpleanoshoy\/wp-json\/wp\/v2\/users\/24883"}],"replies":[{"embeddable":true,"href":"https:\/\/blogs.hoy.es\/cumpleanoshoy\/wp-json\/wp\/v2\/comments?post=22024"}],"version-history":[{"count":1,"href":"https:\/\/blogs.hoy.es\/cumpleanoshoy\/wp-json\/wp\/v2\/posts\/22024\/revisions"}],"predecessor-version":[{"id":22028,"href":"https:\/\/blogs.hoy.es\/cumpleanoshoy\/wp-json\/wp\/v2\/posts\/22024\/revisions\/22028"}],"wp:attachment":[{"href":"https:\/\/blogs.hoy.es\/cumpleanoshoy\/wp-json\/wp\/v2\/media?parent=22024"}],"wp:term":[{"taxonomy":"category","embeddable":true,"href":"https:\/\/blogs.hoy.es\/cumpleanoshoy\/wp-json\/wp\/v2\/categories?post=22024"},{"taxonomy":"post_tag","embeddable":true,"href":"https:\/\/blogs.hoy.es\/cumpleanoshoy\/wp-json\/wp\/v2\/tags?post=22024"}],"curies":[{"name":"wp","href":"https:\/\/api.w.org\/{rel}","templated":true}]}}