{"id":22058,"date":"2024-01-30T14:52:47","date_gmt":"2024-01-30T14:52:47","guid":{"rendered":"https:\/\/blogs.hoy.es\/cumpleanoshoy\/?p=22058"},"modified":"2024-01-30T14:52:47","modified_gmt":"2024-01-30T14:52:47","slug":"tal-dia-como-hoy-31-de-enero-11","status":"publish","type":"post","link":"https:\/\/blogs.hoy.es\/cumpleanoshoy\/2024\/01\/30\/tal-dia-como-hoy-31-de-enero-11\/","title":{"rendered":"Tal d\u00eda como HOY 31 de enero"},"content":{"rendered":"<p><strong>Hoy cumple a\u00f1os:<\/strong><\/p>\n<p>Justin Timberlake. Actor,\u00a0 43 a\u00f1os (31 de enero de 1981)<\/p>\n<p><strong>Fue noticia<\/strong>:<\/p>\n<p><img loading=\"lazy\" class=\"aligncenter size-medium wp-image-22059\" src=\"https:\/\/static-blogs.hoy.es\/wp-content\/uploads\/sites\/19\/2024\/01\/25_page-0001-6-213x300.jpg\" alt=\"\" width=\"213\" height=\"300\" srcset=\"https:\/\/static-blogs.hoy.es\/wp-content\/uploads\/sites\/19\/2024\/01\/25_page-0001-6-213x300.jpg 213w, https:\/\/static-blogs.hoy.es\/wp-content\/uploads\/sites\/19\/2024\/01\/25_page-0001-6-768x1082.jpg 768w, https:\/\/static-blogs.hoy.es\/wp-content\/uploads\/sites\/19\/2024\/01\/25_page-0001-6-727x1024.jpg 727w, https:\/\/static-blogs.hoy.es\/wp-content\/uploads\/sites\/19\/2024\/01\/25_page-0001-6.jpg 975w\" sizes=\"(max-width: 213px) 100vw, 213px\" \/> <img loading=\"lazy\" class=\"aligncenter size-medium wp-image-22060\" src=\"https:\/\/static-blogs.hoy.es\/wp-content\/uploads\/sites\/19\/2024\/01\/50_page-0001-6-191x300.jpg\" alt=\"\" width=\"191\" height=\"300\" srcset=\"https:\/\/static-blogs.hoy.es\/wp-content\/uploads\/sites\/19\/2024\/01\/50_page-0001-6-191x300.jpg 191w, https:\/\/static-blogs.hoy.es\/wp-content\/uploads\/sites\/19\/2024\/01\/50_page-0001-6-768x1203.jpg 768w, https:\/\/static-blogs.hoy.es\/wp-content\/uploads\/sites\/19\/2024\/01\/50_page-0001-6-654x1024.jpg 654w, https:\/\/static-blogs.hoy.es\/wp-content\/uploads\/sites\/19\/2024\/01\/50_page-0001-6.jpg 877w\" sizes=\"(max-width: 191px) 100vw, 191px\" \/><\/p>\n<p>&nbsp;<\/p>\n<p><strong>Las efem\u00e9rides del d\u00eda:<\/strong><\/p>\n<p>1917.- Los cient\u00edficos alemanes Otto Hahn y Lise Meitner descubren el protactinio, elemento radiactivo.<br \/>\n1918.- Primera Guerra Mundial: ataque a\u00e9reo alem\u00e1n a Par\u00eds.<br \/>\n1925.- Ajmed Zogu, elegido presidente de la Rep\u00fablica de Albania.<br \/>\n1927.- Fin del control militar interaliado en Alemania.<br \/>\n1938.- Se constituye oficialmente en Burgos el primer Gobierno espa\u00f1ol presidido por el general Franco.<br \/>\n1943.- Segunda Guerra Mundial: Termina la batalla de Stalingrado, con la victoria de las tropas sovi\u00e9ticas sobre las alemanas.<br \/>\n1944.- Los estadounidenses desembarcan en las islas Marshall, en el Pac\u00edfico.<br \/>\n1946.- El presidente Tito de Yugoslavia apoya la aprobaci\u00f3n de una Constituci\u00f3n marxista y federal.<br \/>\n1949.- El Papa P\u00edo XII anuncia, en una audiencia p\u00fablica, el descubrimiento de la tumba de San Pedro, bajo la c\u00fapula vaticana.<br \/>\n1950.- El presidente de EEUU, Harry S. Truman, ordena la producci\u00f3n en su pa\u00eds de la bomba de hidr\u00f3geno.<br \/>\n1958.- Lanzamiento al espacio del primer sat\u00e9lite estadounidense \u201cExplorer-1\u201d.<br \/>\n1971.- Estados Unidos lanza al espacio el \u201cApolo XIV\u201d en un tercer experimento de alunizaje.<br \/>\n1980.- Mueren 37 personas en el asalto e incendio de la Embajada espa\u00f1ola en Guatemala por parte de las fuerzas de seguridad del pa\u00eds, entre ellos, dos espa\u00f1oles.<br \/>\n.- La reina Juliana de Holanda abdica la corona en favor de su hija Beatriz.<br \/>\n1992.- El presidente ruso, Boris Yeltsin, toma posesi\u00f3n del esca\u00f1o de la desaparecida URSS en el Consejo de Seguridad de la ONU.<br \/>\n1994.- Un incendio destruye el Gran Teatro del Liceo de Barcelona, construido en 1847.<br \/>\n2003.- En Ruanda se abren los \u201ccampos de solidaridad\u201d para la reeducaci\u00f3n de entre 30.000 y 40.000 presos relacionados con el genocidio de 1994.<\/p>\n<p>2016.- El Gobierno de Israel aprueba una hist\u00f3rica iniciativa para que hombres y mujeres puedan rezar juntos en el Muro de las Lamentaciones en Jerusal\u00e9n.<\/p>\n<p>2020.- Un turista alem\u00e1n, aislado en La Gomera por haber tenido contacto con una persona infectada, primer caso de coronavirus en Espa\u00f1a.<\/p>\n<p><strong>El\u00a031 de enero\u00a0nacieron:<\/strong><\/p>\n<p>1797.- Franz Peter Schubert, compositor austriaco.<br \/>\n1881.- Ana Paulova, bailarina rusa.<br \/>\n1921.- Alfredo Cocozza Lanza, \u201cMario Lanza\u201d, cantante y actor estadounidense.<br \/>\n1923.- Norman Mailer, escritor y periodista estadounidense.<br \/>\n1929.- Jean Simmons, actriz brit\u00e1nica.<br \/>\n1935.- Kenzaburo Oe, escritor japon\u00e9s y Premio Nobel de literatura 1994.<br \/>\n1938.- Beatriz de Orange-Nassau, reina de los Pa\u00edses Bajos.<br \/>\n1939.- Lilian de Celis, cantante espa\u00f1ola.<br \/>\n1946.- Juan Jos\u00e9 Millas, escritor espa\u00f1ol.<br \/>\n1950.- Augusto Delkader, periodista espa\u00f1ol.<br \/>\n1956.- Artur Mas, pol\u00edtico espa\u00f1ol.<br \/>\n1958.- Manuel Doreste, deportista espa\u00f1ol, campe\u00f3n mundial de vela.<br \/>\n1970.- Amelia Driver (Minnie Driver), actriz brit\u00e1nica.<\/p>\n<p><strong>El 31 de enero murieron:<\/strong><\/p>\n<p>1944.- Jean Giraudoux, dramaturgo franc\u00e9s.<br \/>\n1981.- Carlos El\u00f3segui Sarasola, m\u00e9dico espa\u00f1ol.<br \/>\n1984.- Ricardo Garc\u00eda L\u00f3pez, \u201cK-Ito\u201d, humorista y periodista espa\u00f1ol.<br \/>\n1987.- Yves Allegret, director franc\u00e9s de cine.<br \/>\n2003.- Werenfriend van Straatenm, fundador y l\u00edder de la asociaci\u00f3n cat\u00f3lica internacional Ayuda a la Iglesia Necesitada.<br \/>\n2007.- Francisco Rallo, escultor espa\u00f1ol.<br \/>\n2008.- Volodia Teitelboim Volosky, escritor y pol\u00edtico chileno.<br \/>\n2012.- Anthony Bevilacqua, cardenal estadounidense.<\/p>\n<p>2013.- Rafael Gonz\u00e1lez Rodriguez, periodista espa\u00f1ol.<\/p>\n<p>2015.- Richard von Weizs\u00e4cker, primer presidente de la Alemania reunificada.<\/p>\n<!-- AddThis Advanced Settings generic via filter on the_content --><!-- AddThis Share Buttons generic via filter on the_content -->","protected":false},"excerpt":{"rendered":"<p>Hoy cumple a\u00f1os: Justin Timberlake. Actor,\u00a0 43 a\u00f1os (31 de enero de 1981) Fue noticia: &nbsp; Las efem\u00e9rides del d\u00eda: 1917.- Los cient\u00edficos alemanes Otto Hahn y Lise Meitner descubren el protactinio, elemento radiactivo. 1918.- Primera Guerra Mundial: ataque a\u00e9reo alem\u00e1n a Par\u00eds. 1925.- Ajmed Zogu, elegido presidente de la Rep\u00fablica de Albania. 1927.- Fin [&hellip;]<!-- AddThis Advanced Settings generic via filter on get_the_excerpt --><!-- AddThis Share Buttons generic via filter on get_the_excerpt --><\/p>\n","protected":false},"author":24883,"featured_media":0,"comment_status":"open","ping_status":"closed","sticky":false,"template":"","format":"standard","meta":[],"categories":[1],"tags":[],"_links":{"self":[{"href":"https:\/\/blogs.hoy.es\/cumpleanoshoy\/wp-json\/wp\/v2\/posts\/22058"}],"collection":[{"href":"https:\/\/blogs.hoy.es\/cumpleanoshoy\/wp-json\/wp\/v2\/posts"}],"about":[{"href":"https:\/\/blogs.hoy.es\/cumpleanoshoy\/wp-json\/wp\/v2\/types\/post"}],"author":[{"embeddable":true,"href":"https:\/\/blogs.hoy.es\/cumpleanoshoy\/wp-json\/wp\/v2\/users\/24883"}],"replies":[{"embeddable":true,"href":"https:\/\/blogs.hoy.es\/cumpleanoshoy\/wp-json\/wp\/v2\/comments?post=22058"}],"version-history":[{"count":1,"href":"https:\/\/blogs.hoy.es\/cumpleanoshoy\/wp-json\/wp\/v2\/posts\/22058\/revisions"}],"predecessor-version":[{"id":22061,"href":"https:\/\/blogs.hoy.es\/cumpleanoshoy\/wp-json\/wp\/v2\/posts\/22058\/revisions\/22061"}],"wp:attachment":[{"href":"https:\/\/blogs.hoy.es\/cumpleanoshoy\/wp-json\/wp\/v2\/media?parent=22058"}],"wp:term":[{"taxonomy":"category","embeddable":true,"href":"https:\/\/blogs.hoy.es\/cumpleanoshoy\/wp-json\/wp\/v2\/categories?post=22058"},{"taxonomy":"post_tag","embeddable":true,"href":"https:\/\/blogs.hoy.es\/cumpleanoshoy\/wp-json\/wp\/v2\/tags?post=22058"}],"curies":[{"name":"wp","href":"https:\/\/api.w.org\/{rel}","templated":true}]}}