{"id":6622,"date":"2015-12-12T00:01:50","date_gmt":"2015-12-12T00:01:50","guid":{"rendered":"http:\/\/blogs.hoy.es\/cumpleanoshoy\/?p=6622"},"modified":"2015-12-12T00:01:50","modified_gmt":"2015-12-12T00:01:50","slug":"tal-dia-como-hoy-12-de-diciembre-3","status":"publish","type":"post","link":"https:\/\/blogs.hoy.es\/cumpleanoshoy\/2015\/12\/12\/tal-dia-como-hoy-12-de-diciembre-3\/","title":{"rendered":"Tal d\u00eda como HOY 12 de diciembre"},"content":{"rendered":"<p><strong>Hoy cumple a\u00f1os:<\/strong><\/p>\n<p><strong>Jos\u00e9 Corbacho<\/strong>, actor, director, guionista y humorista, 12 de diciembre de 1965: 50 a\u00f1os<\/p>\n<p><strong>Eugenia Mar\u00eda \u00c1lvarez Castilla<\/strong>, concejala en el Ayuntamiento de Los Santos de Maimona (PP), 12 de diciembre de 1972: 43 a\u00f1os<\/p>\n<p><strong>Fue noticia:<\/p>\n<p><\/strong><\/p>\n<p><strong>Las efem\u00e9rides del d\u00eda:<\/strong><\/p>\n<p>1492.- Crist\u00f3bal Col\u00f3n ordena la construcci\u00f3n del fuerte de la Natividad, en el que deja una guarnici\u00f3n, con los restos de la carabela &#8220;Santa Mar\u00eda&#8221;.<\/p>\n<p>1834.- Guerra carlista. Batalla de Mendaza (Navarra), en la que el general isabelino Fern\u00e1ndez de C\u00f3rdoba vence a Zumalac\u00e1rregui.<\/p>\n<p>1900.- Max Planck expone su &#8220;teor\u00eda de los quanta&#8221;, que abri\u00f3 a la F\u00edsica nuevos horizontes.<\/p>\n<p>1901.- Marconi env\u00eda el primer mensaje por telegraf\u00eda sin hilos que cruz\u00f3 el Atl\u00e1ntico, desde Gran Breta\u00f1a hasta Terranova.<\/p>\n<p>1911.- Jorge V de Inglaterra funda la ciudad de Nueva Delhi, donde se establece la sede del Gobierno colonial brit\u00e1nico en la India.<\/p>\n<p>1915.- Se presenta en Berl\u00edn el primer avi\u00f3n, totalmente met\u00e1lico, inventado por el aviador e industrial alem\u00e1n Hugo Junkers.<\/p>\n<p>1924.- El autogiro La Cierva recibe su consagraci\u00f3n al realizar el viaje de Cuatro Vientos a Getafe, en Madrid.<\/p>\n<p>1930.- Sublevaci\u00f3n militar de car\u00e1cter republicano en Jaca (Huesca).<\/p>\n<p>1946.- El socialista franc\u00e9s Leon Blum, elegido Jefe del Gobierno por la Asamblea Nacional.<\/p>\n<p>1952.- Inauguraci\u00f3n en Viena de la Conferencia de los Pueblos por la Paz.<\/p>\n<p>1954.- Se efect\u00faa en Newport News, Virginia (EE.UU.), la botadura del buque m\u00e1s grande del mundo hasta entonces: el portaaviones &#8220;Forrestal&#8221;.<\/p>\n<p>1956.- Entrega a Juan Ram\u00f3n Jim\u00e9nez del Nobel de Literatura.<\/p>\n<p>1975.- Carlos Arias Navarro es nombrado presidente del Gobierno espa\u00f1ol.<\/p>\n<p>1979.- Centenares de muertos y heridos en puerto de Tumaco (Colombia) por un terremoto submarino de entre 7,7 y 8,1 grados Richter.<\/p>\n<p>1981.- El diplom\u00e1tico peruano Javier P\u00e9rez de Cuellar es elegido secretario general de la ONU.<\/p>\n<p>1984.- Golpe de estado incruento en Mauritania: El presidente Mohamed Uld Haidalla es derrocado por el ex primer ministro Hauya Sid Ahmed Taya.<\/p>\n<p>1988.- Ghulam Ishaq Jan, es elegido presidente de Pakist\u00e1n.<\/p>\n<p>1991.- El Congreso espa\u00f1ol aprueba la Ley del Servicio Militar, que mantiene el modelo mixto de Fuerzas Armadas y reduce el tiempo de prestaci\u00f3n a nueve meses.<\/p>\n<p>1993.- Aprobada en refer\u00e9ndum por mayor\u00eda (58,4 %) la nueva Constituci\u00f3n rusa.<\/p>\n<p>1994.- Sud\u00e1frica se reincorpora a la UNESCO tras 38 a\u00f1os de ausencia.<\/p>\n<p>1999.- Naufraga frente a la costa bretona el petrolero malt\u00e9s &#8220;Erika&#8221;, que vierte al mar m\u00e1s de 10.000 toneladas de fuel.<\/p>\n<p>2000.- El Partido Popular y el PSOE firman el Pacto Antiterrorista.<\/p>\n<p>.- El escritor espa\u00f1ol Francisco Umbral gana el Premio Cervantes.<\/p>\n<p>2002.- Inauguraci\u00f3n de L&#8217;Oceanogr\u00e1fic de la Ciudad de las Artes y las Ciencias de Valencia.<\/p>\n<p>.- Corea del Norte anuncia la reapertura inmediata de todos sus centros nucleares por necesidad energ\u00e9tica.<\/p>\n<p>2006.- El exdictador et\u00edope Mengistu Haile Mariam declarado culpable de genocidio por un tribunal de Adis Abeba.<\/p>\n<p>2010.- Kosovo celebra las primeras elecciones parlamentarias desde su independencia unilateral de Serbia en febrero de 2008, con la victoria del primer ministro en funciones, Hashim Thaci.<\/p>\n<p>2011.- La Casa del Rey anuncia que el duque de Palma, I\u00f1aki Urdangar\u00edn, dejar\u00e1 de participar en actividades oficiales por su conducta &#8220;no ejemplar&#8221;.<\/p>\n<p>.- La Asamblea Nacional elige a Moncef Marzuki nuevo presidente de T\u00fanez, convirti\u00e9ndose en el primer presidente electo de pa\u00eds tras la ca\u00edda de Ben Al\u00ed.<\/p>\n<p>2013.- Corea del Norte ejecuta al n\u00famero dos del r\u00e9gimen, Jang Song-thaek, t\u00edo del l\u00edder norcoreano tras ser condenado a muerte por corrupci\u00f3n.<\/p>\n<p><strong>El 12 <strong>de diciembre<\/strong> nacieron:<\/strong><\/p>\n<p>1821.- Gustave Flaubert, novelista franc\u00e9s.<\/p>\n<p>1823.- Carolina Coronado, poetisa espa\u00f1ola.<\/p>\n<p>1859.- Sinesio Delgado, escritor espa\u00f1ol.<\/p>\n<p>1901.- Ram\u00f3n Serrano S\u00fa\u00f1er, pol\u00edtico espa\u00f1ol.<\/p>\n<p>1911.- Mar\u00eda Cristina de Borb\u00f3n y Battenberg, infanta de Espa\u00f1a.<\/p>\n<p>1915.- Frank Sinatra, cantante y actor estadounidense.<\/p>\n<p>1929.- John Osborne, dramaturgo brit\u00e1nico.<\/p>\n<p>1934.- Miguel de la Madrid, expresidente de M\u00e9xico.<\/p>\n<p>1946.- Emerson Fittipaldi, campe\u00f3n automovilista brasile\u00f1o.<\/p>\n<p>1950.- Francisco Montesinos, modisto y dise\u00f1ador espa\u00f1ol.<\/p>\n<p>1957.- Susana Tamaro, escritora italiana.<\/p>\n<p><strong>El 12 <strong>de diciembre<\/strong> murieron:<\/strong><\/p>\n<p>1777.- Albert Von Haller, fisi\u00f3logo suizo.<\/p>\n<p>1859.- Robert Stephenson, ingeniero ingl\u00e9s.<\/p>\n<p>1983.- Jos\u00e9 Mar\u00eda Legaza, compositor l\u00edrico espa\u00f1ol.<\/p>\n<p>1985.- Anne Baxter, actriz estadounidense de cine.<\/p>\n<p>1989.- Carlos Barral, poeta, editor y pol\u00edtico espa\u00f1ol.<\/p>\n<p>1990.- Concha Piquer, cantante espa\u00f1ola.<\/p>\n<p>1993.- Jozef Antall, historiador, primer ministro de Hungr\u00eda.<\/p>\n<p>2003.- Heidar Aliev, expresidente de Azerbay\u00e1n.<\/p>\n<p>2005.- Jon Cortina, jesuita espa\u00f1ol.<\/p>\n<p>2006.- Peter Boyle, actor norteamericano.<\/p>\n<p>2007.- Josep Guinovart, pintor espa\u00f1ol.<\/p>\n<p>.- Ike Turner, cantante estadounidense.<\/p>\n<p>.- Ted Corbitt, corredor (marat\u00f3n) estadounidense.<\/p>\n<p>2008.- Tassos Papadopoulos, expresidente de Chipre.<\/p>\n<p>.- Van Johnson, actor estadounidense.<\/p>\n<!-- AddThis Advanced Settings generic via filter on the_content --><!-- AddThis Share Buttons generic via filter on the_content -->","protected":false},"excerpt":{"rendered":"<p>Hoy cumple a\u00f1os: Jos\u00e9 Corbacho, actor, director, guionista y humorista, 12 de diciembre de 1965: 50 a\u00f1os Eugenia Mar\u00eda \u00c1lvarez Castilla, concejala en el Ayuntamiento de Los Santos de Maimona (PP), 12 de diciembre de 1972: 43 a\u00f1os Fue noticia: Las efem\u00e9rides del d\u00eda: 1492.- Crist\u00f3bal Col\u00f3n ordena la construcci\u00f3n del fuerte de la Natividad, [&hellip;]<!-- AddThis Advanced Settings generic via filter on get_the_excerpt --><!-- AddThis Share Buttons generic via filter on get_the_excerpt --><\/p>\n","protected":false},"author":3,"featured_media":0,"comment_status":"open","ping_status":"closed","sticky":false,"template":"","format":"standard","meta":[],"categories":[2],"tags":[],"_links":{"self":[{"href":"https:\/\/blogs.hoy.es\/cumpleanoshoy\/wp-json\/wp\/v2\/posts\/6622"}],"collection":[{"href":"https:\/\/blogs.hoy.es\/cumpleanoshoy\/wp-json\/wp\/v2\/posts"}],"about":[{"href":"https:\/\/blogs.hoy.es\/cumpleanoshoy\/wp-json\/wp\/v2\/types\/post"}],"author":[{"embeddable":true,"href":"https:\/\/blogs.hoy.es\/cumpleanoshoy\/wp-json\/wp\/v2\/users\/3"}],"replies":[{"embeddable":true,"href":"https:\/\/blogs.hoy.es\/cumpleanoshoy\/wp-json\/wp\/v2\/comments?post=6622"}],"version-history":[{"count":0,"href":"https:\/\/blogs.hoy.es\/cumpleanoshoy\/wp-json\/wp\/v2\/posts\/6622\/revisions"}],"wp:attachment":[{"href":"https:\/\/blogs.hoy.es\/cumpleanoshoy\/wp-json\/wp\/v2\/media?parent=6622"}],"wp:term":[{"taxonomy":"category","embeddable":true,"href":"https:\/\/blogs.hoy.es\/cumpleanoshoy\/wp-json\/wp\/v2\/categories?post=6622"},{"taxonomy":"post_tag","embeddable":true,"href":"https:\/\/blogs.hoy.es\/cumpleanoshoy\/wp-json\/wp\/v2\/tags?post=6622"}],"curies":[{"name":"wp","href":"https:\/\/api.w.org\/{rel}","templated":true}]}}