{"id":119,"date":"2016-06-20T11:15:05","date_gmt":"2016-06-20T09:15:05","guid":{"rendered":"http:\/\/blogs.hoy.es\/de-lo-divino-y-lo-humano\/?p=119"},"modified":"2016-06-20T11:15:05","modified_gmt":"2016-06-20T09:15:05","slug":"ser-hermanos-gabriel-pepe-y-maxi","status":"publish","type":"post","link":"https:\/\/blogs.hoy.es\/de-lo-divino-y-lo-humano\/2016\/06\/20\/ser-hermanos-gabriel-pepe-y-maxi\/","title":{"rendered":"Ser hermanos: Gabriel, Pepe y Maxi"},"content":{"rendered":"<p><strong>Somos tres<\/strong><\/p>\n<p><img loading=\"lazy\" class=\"alignright\" src=\"\/\/www.revistaecclesia.com\/wp-content\/uploads\/2015\/11\/nino.jpg\" alt=\"\" width=\"400\" height=\"290\" \/><strong>FELICIDADES. <\/strong><\/p>\n<p><strong>Hoy mi hermano el peque\u00f1o, Maxi, cumple 56 a\u00f1os y siento el deseo de felicitarle expresando sentimientos de fraternidad vividos<\/strong> en nuestra familia, en especial entre los tres hermanos: Gabriel, el mayor, Pepe (yo), y Maxi (el menor).<\/p>\n<p><strong>Nuestros padres, nuestras vidas<\/strong><\/p>\n<p>No s\u00e9 por qu\u00e9 no fuimos cuatro o solamente dos, pero<strong> el caso es que somos tres<\/strong>. Entiendo que cada uno vive la fraternidad de un modo original y \u00fanico y que ninguna experiencia es repetible. En nuestro caso, padres sencillos de pueblo, <img loading=\"lazy\" class=\"alignleft\" src=\"https:\/\/scontent.xx.fbcdn.net\/v\/t1.0-9\/11540976_10207075853085850_9196480538066421794_n.jpg?oh=e3c4c1c7d0903337072a8cd67449f26e&#038;oe=57D3744C\" alt=\"\" width=\"257\" height=\"346\" \/>Gabriel y Dolores, casados en Granja de Torrehermosa. De aquellos que se casaban con pocas cosas y el primer a\u00f1o lo pasaban en casa de sus padres, hasta que despu\u00e9s se independizaban y buscaban su casita propia. Y normalmente iban ya con el primer hijo nacido en esa casa de los abuelos, en nuestro caso Gabriel, que creo que naci\u00f3 en una casa all\u00e1 cerca del Cristo, porque fue despu\u00e9s cuando los abuelos compraron la casa en la calle Cervantes, donde vivimos \u00a0a\u00f1os con ellos, en su enfermedad y vejez, despu\u00e9s\u00a0 ya \u00a0quedamos all\u00ed nosotros. La casa humilde de la Calle de Guadalupe (Sevilleta, dijimos siempre de ni\u00f1o) fue la vivienda de nuestros padres, la propia, all\u00ed vine yo al mundo cuatro a\u00f1os despu\u00e9s del mayor, y all\u00ed arrib\u00f3 a la vida el m\u00e1s peque\u00f1o, Maxi, dos a\u00f1os despu\u00e9s, completando el tr\u00edo de esta fraternidad original y \u00fanica. Hoy hace 56 a\u00f1os que naci\u00f3 ese peque\u00f1o de color moreno, inquieto, impulsivo, vivaz, luchador, cari\u00f1oso, sensible, amigo, hermano\u2026<\/p>\n<p><strong>Aquella casa de Sevilleta<\/strong><\/p>\n<p><img loading=\"lazy\" class=\"alignright\" src=\"\/\/es.housenode.com\/photo\/Calle%20Ntra%20Sra%20Guadalupe%2036%2C%20Granja%20de%20Torrehermosa%2C%20Espa%C3%B1a\" alt=\"\" width=\"230\" height=\"226\" \/>Aquella casa ya en el recuerdo, fue nuestro mundo de infancia serena, sencilla y feliz. All\u00ed nos sentimos queridos, reconocidos, valorados, y all\u00ed sufrimos, lloramos, nos castigaron, estudiamos. Aquella calle fue nuestra calle, nuestro reino, nuestros vecinos, nuestros amigos, nuestros juegos, nuestras peleas. Una infancia donde vimos llegar el agua corriente, las llaves de la luz para apagarlas y encenderlas, la cocina de gas butano, el instituto libre adoptado del pueblo. En el que fuimos monaguillos, nos hartamos de moras en las huertas, nos ba\u00f1amos en las albercas, hasta que lleg\u00f3 la gran piscina municipal\u2026 es como para\u00a0 ponerse a so\u00f1ar.<\/p>\n<p><strong>La casa de los abuelos<\/strong><\/p>\n<p><img loading=\"lazy\" class=\"alignleft\" src=\"\/\/es.housenode.com\/photo\/Calle%20Cervantes%2017%2C%20Granja%20de%20Torrehermosa%2C%20Espa%C3%B1a\" alt=\"\" width=\"269\" height=\"269\" \/>Despu\u00e9s nos trasladamos a vivir con los abuelos, en la enfermedad de la abuela, y ya quedamos \u00a0con el abuelo hasta su muerte, y all\u00ed han muerto nuestros padres con esa casa de referencia en Granja, en la calle Cervantes. Donde tambi\u00e9n nos incorporamos a\u00a0 su vida y su ambiente con un cari\u00f1o especial que no sigue uniendo a todos ellos, los vecinos \u2013muchos ya en el recuerdo vivo y esperanzado-, como\u00a0 a una familia.<\/p>\n<p>Todo esto con el am\u00e9n de un sentido familiar de abuelos, t\u00edos y primos, donde no hab\u00eda separaci\u00f3n, ni l\u00edmite. Una unidad a\u00f1orada y sentida, que el tiempo nos ha ido robando y las\u00a0 opciones de vida tomada. Y esa casa como referencia de la urdimbre que ven\u00eda de los mayores y todos sent\u00edan como propia.<\/p>\n<p>En esa casa fue donde nos fuimos haciendo conscientes de las dificultades de la vida, cuando ca\u00edan las canales y los\u00a0 padres\u00a0 no pod\u00edan salir a trabajar, cuando el dinero no llegaba, cuando muchos sal\u00edan en autobuses llenos a tope para Alemania de la calle central del pueblo y ve\u00edamos muchas l\u00e1grimas en muchos ojos, de los problemas y dolores familiares, muertes, rupturas&#8230;<\/p>\n<p>Pero todo eso lo vivimos unidos y unidos nos adentramos en los vericuetos en los que cada hermano iba tomando posiciones para ser y hacer en la vida.<\/p>\n<p><strong>El mayor<\/strong><\/p>\n<p><img loading=\"lazy\" class=\"alignright\" src=\"https:\/\/scontent.xx.fbcdn.net\/v\/t1.0-9\/12931065_10209264783447741_6594770581293506471_n.jpg?oh=a5b2fa57504d5c138df277be296b8c5c&#038;oe=57E7D84D\" alt=\"\" width=\"260\" height=\"195\" \/>El mayor rompiendo los moldes, haciendo el papel de m\u00e1s rebelde porque con \u00e9l ensayaban, y arroj\u00e1ndose\u00a0 a trabajar temprano en la aspereza del campo en el pueblo, en los hoteles en Mallorca, para despu\u00e9s deambular, hasta terminar en la gerencia de una empresa donde se ha jubilado. Tras casarse con Rafi, que fue ATS \u2013de las primeras que se llamaban as\u00ed- en Granja de Torrehermosa, y tener dos hijos H\u00e9ctor , casado ya con Estela y padre de Paula, y Ana Bel\u00e9n que es ahora maestra de infantil y\u00a0 con ilusi\u00f3n de ser en un futuro una buena madre. Con un recuerdo entra\u00f1able de la casa de Cervantes y de los abuelos. Ahora cuida y nos une, ya muy tranquilo, sereno, generoso, bondadoso, atento, alegre&#8230;<\/p>\n<p><strong>El peque\u00f1o<\/strong><\/p>\n<p><img loading=\"lazy\" class=\"alignright\" src=\"https:\/\/scontent.xx.fbcdn.net\/v\/t1.0-9\/13495343_10209846137341225_9205612891040293949_n.jpg?oh=4f7b8e2950707fe8d886b6fa3fa5e91a&#038;oe=57C4B615\" alt=\"\" width=\"194\" height=\"346\" \/>Maxi, siendo el peque\u00f1o, ha sido el que m\u00e1s ha estado con los padres en la etapa\u00a0 m\u00e1s mayor de ellos, el m\u00e1s apoyo, aunque tambi\u00e9n, despu\u00e9s de haber sido voluntario en la base militar de Talavera, muy chulino\u00a0 con su uniforme, se dedic\u00f3 a trabajar muy duro durante toda su vida, ahora ya jubilado, en bares y restaurante. La mayor parte de los a\u00f1os en M\u00e9rida. All\u00ed tuvo que ir a buscar trabajo, junto a Gabriel y Rafi,\u00a0 y despu\u00e9s se uni\u00f3 a \u00e9l Justi, de los que nacieron Sara y Maxi \u2013 el peque\u00f1o-. Sara nos regal\u00f3 a la primera sobrina-nieta, Lidia, por lo que Maxi fue el primer abuelo entre nosotros siendo el m\u00e1s peque\u00f1o. Los dos hermanos viven en M\u00e9rida, y muchos d\u00edas se pasean y toman el caf\u00e9 juntos para darme envidia de su bienestar, aunque tambi\u00e9n \u201cenvidian\u201d el m\u00edo. Por ser el m\u00e1s peque\u00f1o ha sido el m\u00e1s mimado y, tambi\u00e9n, el que m\u00e1s ha sufrido nuestras impertinencias de mayores, aunque, a veces aliado con el mayor, he sido yo, el del medio, el que me he llevado todos los palos, jejejeje\u2026<\/p>\n<p><strong>El del medio<\/strong><img loading=\"lazy\" class=\"alignright\" src=\"\/\/www.vidareligiosa.es\/blogs\/alaluzdetumirada\/wp-content\/uploads\/2013\/07\/gonzalo-2.jpg\" alt=\"\" width=\"451\" height=\"95\" \/><\/p>\n<p>Yo con once a\u00f1os, gracias a mucha gente, me incorpor\u00e9 al Seminario de Badajoz y all\u00ed comenc\u00e9 una vida de estudios que todav\u00eda ando en ella, tras ordenarme sacerdote en el a\u00f1o 1981, ejerciendo el ministerio en distintos lugares, hoy en Badajoz.<\/p>\n<p style=\"text-align: center;\"><img loading=\"lazy\" class=\"alignleft\" src=\"https:\/\/scontent.xx.fbcdn.net\/v\/t1.0-9\/11350435_10206824723687772_1342188102923393542_n.jpg?oh=e7c47e1a60bc327c9f6f3bab60ead495&#038;oe=57DDD1EC\" alt=\"\" width=\"250\" height=\"187\" \/>Al d\u00eda de hoy, mirando el proceso de nuestra fraternidad, es para dar gracias a Dios. Poder mirarnos y sentir el cari\u00f1o y la entrega fecundada por\u00a0 mi padre y mi madre, nos llena de orgullo, de ternura y de cuidado mutuo, entre nosotros y para con los dem\u00e1s. Y le pedimos a Dios, a trav\u00e9s de la Virgen de los Dolores y el Cristo del Humilladero, que nos mantenga unidos hasta el final de nuestras vidas. Pasado ma\u00f1ana que es el segundo aniversario de nuestra madre Dolores, nos uniremos para rezar por ella y por mi padre, y estaremos juntos abraz\u00e1ndonos y queri\u00e9ndonos para mostrarles que lo que ellos nos dieron como el mayor regalo lo seguimos guardando: el ser hermanos.<\/p>\n<!-- AddThis Advanced Settings generic via filter on the_content --><!-- AddThis Share Buttons generic via filter on the_content -->","protected":false},"excerpt":{"rendered":"<p>Somos tres FELICIDADES. Hoy mi hermano el peque\u00f1o, Maxi, cumple 56 a\u00f1os y siento el deseo de felicitarle expresando sentimientos de fraternidad vividos en nuestra familia, en especial entre los tres hermanos: Gabriel, el mayor, Pepe (yo), y Maxi (el menor). Nuestros padres, nuestras vidas No s\u00e9 por qu\u00e9 no fuimos cuatro o solamente dos, [&hellip;]<!-- AddThis Advanced Settings generic via filter on get_the_excerpt --><!-- AddThis Share Buttons generic via filter on get_the_excerpt --><\/p>\n","protected":false},"author":138,"featured_media":0,"comment_status":"open","ping_status":"closed","sticky":false,"template":"","format":"standard","meta":[],"categories":[3],"tags":[],"_links":{"self":[{"href":"https:\/\/blogs.hoy.es\/de-lo-divino-y-lo-humano\/wp-json\/wp\/v2\/posts\/119"}],"collection":[{"href":"https:\/\/blogs.hoy.es\/de-lo-divino-y-lo-humano\/wp-json\/wp\/v2\/posts"}],"about":[{"href":"https:\/\/blogs.hoy.es\/de-lo-divino-y-lo-humano\/wp-json\/wp\/v2\/types\/post"}],"author":[{"embeddable":true,"href":"https:\/\/blogs.hoy.es\/de-lo-divino-y-lo-humano\/wp-json\/wp\/v2\/users\/138"}],"replies":[{"embeddable":true,"href":"https:\/\/blogs.hoy.es\/de-lo-divino-y-lo-humano\/wp-json\/wp\/v2\/comments?post=119"}],"version-history":[{"count":0,"href":"https:\/\/blogs.hoy.es\/de-lo-divino-y-lo-humano\/wp-json\/wp\/v2\/posts\/119\/revisions"}],"wp:attachment":[{"href":"https:\/\/blogs.hoy.es\/de-lo-divino-y-lo-humano\/wp-json\/wp\/v2\/media?parent=119"}],"wp:term":[{"taxonomy":"category","embeddable":true,"href":"https:\/\/blogs.hoy.es\/de-lo-divino-y-lo-humano\/wp-json\/wp\/v2\/categories?post=119"},{"taxonomy":"post_tag","embeddable":true,"href":"https:\/\/blogs.hoy.es\/de-lo-divino-y-lo-humano\/wp-json\/wp\/v2\/tags?post=119"}],"curies":[{"name":"wp","href":"https:\/\/api.w.org\/{rel}","templated":true}]}}