{"id":13,"date":"2012-12-03T18:07:49","date_gmt":"2012-12-03T18:07:49","guid":{"rendered":"http:\/\/blogs.hoy.es\/delhuertoalagranja\/?p=13"},"modified":"2012-12-03T18:07:49","modified_gmt":"2012-12-03T18:07:49","slug":"miguel-un-ganadero-desconcertante","status":"publish","type":"post","link":"https:\/\/blogs.hoy.es\/delhuertoalagranja\/2012\/12\/03\/miguel-un-ganadero-desconcertante\/","title":{"rendered":"Miguel, un ganadero desconcertante"},"content":{"rendered":"<div id=\"attachment_14\" style=\"width: 586px\" class=\"wp-caption aligncenter\"><a href=\"\/delhuertoalagranja\/wp-content\/uploads\/sites\/64\/2012\/12\/miguel-ganaderofeten.jpg\"><img aria-describedby=\"caption-attachment-14\" loading=\"lazy\" class=\" wp-image-14  \" title=\"Miguel Cabello Carde\u00f1osa est\u00e1 creando una reserva de razas aut\u00f3ctonas en Siruela.\" src=\"\/delhuertoalagranja\/wp-content\/uploads\/sites\/64\/2012\/12\/miguel-ganaderofeten.jpg\" alt=\"Miguel Cabello Carde\u00f1osa est\u00e1 creando una reserva de razas aut\u00f3ctonas en Siruela.\" width=\"576\" height=\"650\" srcset=\"https:\/\/static-blogs.hoy.es\/wp-content\/uploads\/sites\/64\/2012\/12\/miguel-ganaderofeten.jpg 900w, https:\/\/static-blogs.hoy.es\/wp-content\/uploads\/sites\/64\/2012\/12\/miguel-ganaderofeten-266x300.jpg 266w, https:\/\/static-blogs.hoy.es\/wp-content\/uploads\/sites\/64\/2012\/12\/miguel-ganaderofeten-768x866.jpg 768w\" sizes=\"(max-width: 576px) 100vw, 576px\" \/><\/a><p id=\"caption-attachment-14\" class=\"wp-caption-text\">Miguel Cabello Carde\u00f1osa est\u00e1 creando una reserva de razas aut\u00f3ctonas en Siruela.<\/p><\/div>\n<p>Imaginen a un <strong>tipo normal<\/strong>, de pueblo peque\u00f1o,\u00a0 avispado en los negocios y con tipo de torero que, como en la zarzuela, alterna el canto con el recitado. Con su familia, todos a una, lo mismo lleva un negocio de pintura, que un supermercado, que una explotaci\u00f3n ganadera.<\/p>\n<p>Pues bien, a este caballero se le mete en la cabeza que las<strong> razas ganaderas aut\u00f3ctonas son un bien con futuro<\/strong>. Precisamente ahora que \u00e9<strong>stas no reciben m\u00e1s que pu\u00f1aladas<\/strong> de eso que llaman \u201cel mercado\u201d, de la administraci\u00f3n, de los t\u00e9cnicos, de los ganaderos, que tienen\u00a0 que producir canales como las que exigen los compradores, etc.<!--more--><\/p>\n<p><strong>A nuestras razas aut\u00f3ctona<\/strong>s (cerdo ib\u00e9rico, ovejas merinas, cabras retintas, vaca blanca cacere\u00f1a) <strong>solo les queda muy buena literatura y muy malos hechos<\/strong>.<\/p>\n<p>Al <a href=\"http:\/\/www.hoy.es\/20121117\/mas-actualidad\/campo\/norma-ibrico-como-intentar-201211171300.html\" target=\"_blank\"><strong>ib\u00e9rico<\/strong><\/a> le hacen la <strong>burbuja<\/strong>, inundan el mercado de una cosa que llaman ib\u00e9rico y que no lo es.<\/p>\n<p>A la <a href=\"http:\/\/www.hoy.es\/v\/20101101\/regional\/seiscientas-ovejas-merinas-extremenas-20101101.html\" target=\"_blank\"><strong>merina<\/strong><\/a> <strong>le cobran las subvenciones<\/strong> por raza aut\u00f3ctona y <strong>la cruzan<\/strong> cada d\u00eda m\u00e1s con otra cosa que tampoco es merina.<\/p>\n<p>De las <a href=\"http:\/\/www.hoy.es\/20100128\/opinion\/oveja-merina-negra-20100128.html\" target=\"_blank\"><strong>merinas negras<\/strong><\/a> quedan 2.500 0vejas en Espa\u00f1a.<\/p>\n<p>De la <a href=\"http:\/\/www.hoy.es\/v\/20120106\/regional\/razas-salvadas-ciencia-20120106.html\" target=\"_blank\">retinta<\/a> apenas quedan 1.000 cabras, y de la <a href=\"http:\/\/www.hoy.es\/v\/20120106\/regional\/razas-salvadas-ciencia-20120106.html\" target=\"_blank\">blanca cacere\u00f1a<\/a>, unas 500 vacas.<\/p>\n<p>Miguel empieza a recorrer las subastas y las ganader\u00edas, y se hace con el <strong>mejor reba\u00f1o de merinas negras de Espa\u00f1a<\/strong>.<\/p>\n<div id=\"attachment_18\" style=\"width: 610px\" class=\"wp-caption aligncenter\"><a href=\"\/delhuertoalagranja\/wp-content\/uploads\/sites\/64\/2012\/12\/ovejas-merinasfeten.jpg\"><img aria-describedby=\"caption-attachment-18\" loading=\"lazy\" class=\"size-full wp-image-18\" title=\"Ovejas merinas negras que ya forman parte del reba\u00f1o de Miguel.\" src=\"\/delhuertoalagranja\/wp-content\/uploads\/sites\/64\/2012\/12\/ovejas-merinasfeten.jpg\" alt=\"Ovejas merinas negras que ya forman parte del reba\u00f1o de Miguel.\" width=\"600\" height=\"450\" srcset=\"https:\/\/static-blogs.hoy.es\/wp-content\/uploads\/sites\/64\/2012\/12\/ovejas-merinasfeten.jpg 600w, https:\/\/static-blogs.hoy.es\/wp-content\/uploads\/sites\/64\/2012\/12\/ovejas-merinasfeten-300x225.jpg 300w\" sizes=\"(max-width: 600px) 100vw, 600px\" \/><\/a><p id=\"caption-attachment-18\" class=\"wp-caption-text\">Ovejas merinas negras que ya forman parte del reba\u00f1o de Miguel.<\/p><\/div>\n<p>Ya tiene <strong>10 burros andaluces, un lote de cabras retintas, y otro de veratas, y un centenar de <a href=\"http:\/\/www.hoy.es\/20081102\/sociedad\/gallina-azul-extremena-postin-20081102.html\" target=\"_blank\">gallinas extreme\u00f1a azul<\/a><\/strong>, entre otras adquisiciones.<\/p>\n<p>Su pueblo, Siruela, es el que tiene mayor n\u00famero de ovinos de Espa\u00f1a, y ahora se empe\u00f1a en participar en <a href=\"http:\/\/www.hoy.es\/v\/20101022\/campo\/ovejas-merinas-extremenas-protagonizaran-20101022.html\" target=\"_blank\">l<strong>a Trashumancia<\/strong><\/a>, que es otra <strong>actividad de alto riesgo<\/strong> dado el estado en que se encuentran hoy nuestras ca\u00f1adas.<\/p>\n<p>Y cada vez que vas a verle tiene nuevas adquisiciones y \u201cnuevas-viejas\u201d ideas en la cabeza, con lo que sus granjas, aunque peque\u00f1as, van constituyendo cada d\u00eda una <strong>Reserva de Razas Ganaderas Aut\u00f3ctonas considerable<\/strong>.<\/p>\n<p>Hasta que su ganader\u00eda coja una escala adecuada no podr\u00e1 vender sus animales como reproductores, lo que le lleva a invertir durante un tiempo de su bolsillo, tanto en la compra\u00a0 de nuevas razas, como en el manejo, la sanidad y la alimentaci\u00f3n de los mismos. Esto es creer en su proyecto.<\/p>\n<p>Ustedes dir\u00e1n que <strong>\u00bfpor qu\u00e9 se empe\u00f1a este hombre en recuperar estas tradiciones ganaderas si las carnes rojas no pueden competir con las blancas en el mercado existente<\/strong>?<\/p>\n<p>La <strong>canal pesada o del cordero de hierbas<\/strong> (que es a donde \u00e9l quiere ir a parar) poca gente sabe lo qu\u00e9 es.<\/p>\n<p>El <strong>pollo cap\u00f3n<\/strong>, criado con al menos seis meses tendr\u00eda que competir con los que se \u201cfabrican\u201d en 50 d\u00edas (que encima son lo que quieren nuestros ni\u00f1os).<\/p>\n<p>O, \u00bf<strong>para qu\u00e9 sirven hoy los burros?<\/strong> Pues yo creo que Miguel est\u00e1 persuadido de que hay un espacio para estas tradiciones, aunque sea poco a poco. El <strong>se va preparando para una demanda<\/strong> que en principio es para poca gente y de buen paladar, pero cre\u00e9 que acabar\u00e1 encontrando eso que ahora llaman \u201c<strong>nicho de mercado\u201d<\/strong>, y se gasta su dinero porque le da la gana en estas jodiuras porque le gustan, y porque cree que hay gente que acabar\u00e1 apostando por ellas.<\/p>\n<p>Desde luego puedo asegurarles que es un espect\u00e1culo bello acercarse a sus peque\u00f1as dehesas y ver \u00a0a todo este conjunto de razas ganaderas, en trance de desaparici\u00f3n, conviviendo juntas.<\/p>\n<p><strong>Un tipo que recorre fincas y cortijos buscando merinas cornudas, gallinas tradicionales, perros mastines o careas bien adiestrados, instrumentos y aperos antiguos como campanos, carrancas, etc., es un tipo a \u201cproteger\u201d<\/strong>. Y lo es no s\u00f3lo por su romanticismo y sensibilidad, sino porque adem\u00e1s de disfrutar con lo que hace est\u00e1 convencido de que acabar\u00e1 haciendo de ello un negocio y un medio de vida, que es la \u00fanica forma de que todas estas tradiciones se desarrollen y pierdan el riesgo de desaparici\u00f3n.<\/p>\n<p>Acabo de venir con \u00e9l de una reuni\u00f3n con la <a href=\"avicolaelcorral@hotmail.com\" target=\"_blank\">Asociaci\u00f3n Av\u00edcola \u201cEl Corral\u201d en Don Benito<\/a> y ya est\u00e1 pensando en organizar en la <strong>Feria Ganadera de su pueblo una secci\u00f3n de Gallinas Aut\u00f3ctonas espectacular<\/strong>, aparte de asistir a Exposiciones y Cert\u00e1menes Av\u00edcolas en distintos puntos de Espa\u00f1a.<\/p>\n<p>Y ya tiene pensado su proyecto para <strong>producir \u201cpollos capones \u201c de la raza extreme\u00f1a azul<\/strong> para introducirlos\u00a0 en la mejor gastronom\u00eda de Extremadura.<\/p>\n<p>Me escapo en cuanto puedo a verle y siempre me sorprende con algo nuevo. Y en los mejores cocidos que se comen en esta tierra (en \u201cEl Alejandro\u201d de Don Benito), me cuenta de vez en cuando lo \u00faltimo que est\u00e1 tramando. No me digan que un tipo as\u00ed no deber\u00eda estar protegido e incluso declarado bien de Estado.<\/p>\n<p>Este personaje singular y at\u00edpico, con una gran familia, su mujer, Marisa, y sus cuatro hijos, tiene nombre y apellidos: se llama <strong>Miguel Cabello Carde\u00f1osa<\/strong> y es natural de Siruela, un bello pueblo de la comarca extreme\u00f1a de La Siberia.<\/p>\n<p>&nbsp;<\/p>\n<p>&nbsp;<\/p>\n<!-- AddThis Advanced Settings generic via filter on the_content --><!-- AddThis Share Buttons generic via filter on the_content -->","protected":false},"excerpt":{"rendered":"<p>Imaginen a un tipo normal, de pueblo peque\u00f1o,\u00a0 avispado en los negocios y con tipo de torero que, como en la zarzuela, alterna el canto con el recitado. Con su familia, todos a una, lo mismo lleva un negocio de pintura, que un supermercado, que una explotaci\u00f3n ganadera. Pues bien, a este caballero se le [&hellip;]<!-- AddThis Advanced Settings generic via filter on get_the_excerpt --><!-- AddThis Share Buttons generic via filter on get_the_excerpt --><\/p>\n","protected":false},"author":3,"featured_media":0,"comment_status":"open","ping_status":"closed","sticky":false,"template":"","format":"standard","meta":[],"categories":[5,7],"tags":[61,117,126,141,143,148,158,217,265,302,309,335,337,341,392,475,476,477,482,540,557,610,656,659,705,724],"_links":{"self":[{"href":"https:\/\/blogs.hoy.es\/delhuertoalagranja\/wp-json\/wp\/v2\/posts\/13"}],"collection":[{"href":"https:\/\/blogs.hoy.es\/delhuertoalagranja\/wp-json\/wp\/v2\/posts"}],"about":[{"href":"https:\/\/blogs.hoy.es\/delhuertoalagranja\/wp-json\/wp\/v2\/types\/post"}],"author":[{"embeddable":true,"href":"https:\/\/blogs.hoy.es\/delhuertoalagranja\/wp-json\/wp\/v2\/users\/3"}],"replies":[{"embeddable":true,"href":"https:\/\/blogs.hoy.es\/delhuertoalagranja\/wp-json\/wp\/v2\/comments?post=13"}],"version-history":[{"count":0,"href":"https:\/\/blogs.hoy.es\/delhuertoalagranja\/wp-json\/wp\/v2\/posts\/13\/revisions"}],"wp:attachment":[{"href":"https:\/\/blogs.hoy.es\/delhuertoalagranja\/wp-json\/wp\/v2\/media?parent=13"}],"wp:term":[{"taxonomy":"category","embeddable":true,"href":"https:\/\/blogs.hoy.es\/delhuertoalagranja\/wp-json\/wp\/v2\/categories?post=13"},{"taxonomy":"post_tag","embeddable":true,"href":"https:\/\/blogs.hoy.es\/delhuertoalagranja\/wp-json\/wp\/v2\/tags?post=13"}],"curies":[{"name":"wp","href":"https:\/\/api.w.org\/{rel}","templated":true}]}}