{"id":194,"date":"2014-05-22T10:57:03","date_gmt":"2014-05-22T10:57:03","guid":{"rendered":"http:\/\/blogs.hoy.es\/delhuertoalagranja\/?p=194"},"modified":"2014-05-22T10:57:03","modified_gmt":"2014-05-22T10:57:03","slug":"la-maestria-del-iberico-y-la-cerveza-extremena","status":"publish","type":"post","link":"https:\/\/blogs.hoy.es\/delhuertoalagranja\/2014\/05\/22\/la-maestria-del-iberico-y-la-cerveza-extremena\/","title":{"rendered":"La maestr\u00eda del ib\u00e9rico y la cerveza extreme\u00f1a"},"content":{"rendered":"<div id=\"attachment_195\" style=\"width: 810px\" class=\"wp-caption aligncenter\"><a href=\"\/delhuertoalagranja\/wp-content\/uploads\/sites\/64\/2014\/05\/maldonado.jpg\"><img aria-describedby=\"caption-attachment-195\" loading=\"lazy\" class=\"size-full wp-image-195\" title=\"El ganadero Maldonado con los cerdos de raza ib\u00e9rica.\" src=\"\/delhuertoalagranja\/wp-content\/uploads\/sites\/64\/2014\/05\/maldonado.jpg\" alt=\"El ganadero Maldonado con los cerdos de raza ib\u00e9rica.\" width=\"800\" height=\"600\" srcset=\"https:\/\/static-blogs.hoy.es\/wp-content\/uploads\/sites\/64\/2014\/05\/maldonado.jpg 800w, https:\/\/static-blogs.hoy.es\/wp-content\/uploads\/sites\/64\/2014\/05\/maldonado-300x225.jpg 300w, https:\/\/static-blogs.hoy.es\/wp-content\/uploads\/sites\/64\/2014\/05\/maldonado-768x576.jpg 768w\" sizes=\"(max-width: 800px) 100vw, 800px\" \/><\/a><p id=\"caption-attachment-195\" class=\"wp-caption-text\">El ganadero Maldonado con los cerdos de raza ib\u00e9rica.<\/p><\/div>\n<p>Conoc\u00ed a <a href=\"https:\/\/blogs.hoy.es\/delhuertoalagranja\/2013\/02\/05\/manuel-maldonado-el-iberico-sin-apellidos\/\" target=\"_blank\">Maldonado<\/a> y <a href=\"https:\/\/blogs.hoy.es\/delhuertoalagranja\/2013\/09\/06\/seve-maestro-de-la-cerveza-artesana-extremena\/\" target=\"_blank\">Seve<\/a> en distintos eventos. Ambos son personajes de este Blog y es un placer acompa\u00f1arles de vez en cuando en sus correr\u00edas.<\/p>\n<p>A <strong>Maldonado le conoc\u00ed en el<\/strong> <strong>Hotel Wellington<\/strong>, en un sarao gastron\u00f3mico de la alta braga madrile\u00f1a en la que la materia prima que se elaboraba por grandes maestros (<strong>Arzak<\/strong> era el oficiante) era carne de sus cerdos.<\/p>\n<p><strong>A Seve<\/strong>, tras visitar su peque\u00f1a cervecer\u00eda artesana, nos corrimos una fiesta inolvidable en su Stand de la Feria Hispano-Portuguesa (FEHISPOR),\u00a0 en Badajoz, por la que circularon gentes de todos los pelajes. En ella, su cerveza puso la frescura y el placer de nuevos sabores que muchos no conoc\u00edamos en esta bebida y las tapas de ib\u00e9ricos puros de Maldonado hicieron el resto. Los que pasaron por all\u00ed, y fueron muchos, son testigos de unas horas inolvidables, incluso los portugueses, que aportaron al final sus vinos alentejanos y ya no sab\u00edamos si aquello era una monarqu\u00eda o una rep\u00fablica ib\u00e9rica como dios manda.<\/p>\n<p>A medida que pasa el tiempo ambos personajes van evolucionando y con ellos su arte y su producto. <strong>A Seve<\/strong>, una vez que ha corrido todas las ferias y saraos de pueblos y ciudades con su cerveza a cuestas, <strong>se la va quedando peque\u00f1a Extremadura<\/strong>. Ya se mueve con soltura por Madrid y las<strong> cinco cervezas<\/strong> que hoy elabora se van extendiendo como una mancha de aceite imparable, aunque \u00e9l tenga claro que hace un producto artesano que est\u00e1 re\u00f1ido con la cantidad.<\/p>\n<p>Su \u00faltima haza\u00f1a es el <strong>premio que le han otorgado en Sanghai<\/strong> cuya peripecia es la siguiente: <strong>Boris de Mesones<\/strong>, su gran amigo y gur\u00fa de la cerveza artesana, que ha sido su maestro, tiene un peque\u00f1o <strong>Brew-pub en Corea del Sur<\/strong> donde fabrica y vende su propia cerveza; aprovechando una visita de \u00e9ste a Villanueva hicieron un ensayo para hacer una cerveza <strong>Indian Pale Ale<\/strong> con l\u00fapulos americanos.<\/p>\n<div id=\"attachment_196\" style=\"width: 810px\" class=\"wp-caption aligncenter\"><a href=\"\/delhuertoalagranja\/wp-content\/uploads\/sites\/64\/2014\/05\/seve.jpg\"><img aria-describedby=\"caption-attachment-196\" loading=\"lazy\" class=\"size-full wp-image-196\" title=\"El cervecero artesano Seve en su taberna.\" src=\"\/delhuertoalagranja\/wp-content\/uploads\/sites\/64\/2014\/05\/seve.jpg\" alt=\"El cervecero artesano Seve en su taberna.\" width=\"800\" height=\"450\" srcset=\"https:\/\/static-blogs.hoy.es\/wp-content\/uploads\/sites\/64\/2014\/05\/seve.jpg 800w, https:\/\/static-blogs.hoy.es\/wp-content\/uploads\/sites\/64\/2014\/05\/seve-300x169.jpg 300w, https:\/\/static-blogs.hoy.es\/wp-content\/uploads\/sites\/64\/2014\/05\/seve-768x432.jpg 768w\" sizes=\"(max-width: 800px) 100vw, 800px\" \/><\/a><p id=\"caption-attachment-196\" class=\"wp-caption-text\">El cervecero artesano Seve en su taberna.<\/p><\/div>\n<p>Despu\u00e9s de mandar muestras a distintos amigos expertos coincidieron en que ten\u00eda una gran calidad y han decidido elaborarla juntos. Me inform\u00f3 tambi\u00e9n de que la<strong> Brewers Asociations<\/strong> (asociaci\u00f3n americana de cerveceros artesanos) organizaba en<strong> Corea del Sur la copa del mundo<\/strong> en esta especialidad cervecera. \u201cEl itinerario seguido para hacer llegar mi cerveza reduciendo gastos fue de lo m\u00e1s pintoresco. A trav\u00e9s de <strong>David Castro<\/strong>, maestro de la <strong>cervecer\u00eda La Cibeles de Madrid<\/strong>, llegaron a Denver, donde se celebraba la copa del mundo.<\/p>\n<p>Despu\u00e9s de un periplo por diversos aeropuertos de EE UU y Jap\u00f3n llegaron a Corea, desde donde Boris las hizo llegar al campeonato de Sangahi ganando el tercer premio.\u201d El orgullo de Seve es haber ganado un premio en China con una cerveza elaborada en su casa, con su maestro, que ahora se disponen a poner en el mercado conjuntamente.<\/p>\n<p><strong>Maldonado<\/strong> por su parte no para de expandirse por sitios selectos de algunos pa\u00edses, dado el alto valor a\u00f1adido de sus productos ib\u00e9ricos, en momentos adem\u00e1s dif\u00edciles ya que la caba\u00f1a de porcino ib\u00e9rico ha disminuido dr\u00e1sticamente y el precio de los cerdos ha subido casi un cincuenta por ciento. Sus jamones, enteros y con un loncheado especial <strong>han salido ya para Hong Kong.<\/strong> En Reino Unido trabaja regularmente con <strong>Fortum &#038; Maison<\/strong>, una de las firmas del m\u00e1s alto nivel de alimentos gourmet, y se prepara para iniciar su comercio en Italia con <strong>Eatali-Gourmets,<\/strong> cadena extendida por EE UU y otros pa\u00edses.<\/p>\n<p>Tambi\u00e9n sigue dedicando especial inter\u00e9s a <strong>Portugal<\/strong>, donde mantiene el doble comercio de venta de sus productos ib\u00e9ricos a la vez que compra una parte importante de los cerdos pretos alentejanos. Todo ello manteniendo el car\u00e1cter tradicional y semiartesano de su peque\u00f1a industria. Desde el jam\u00f3n Albarragena de la m\u00e1s alta gama, hasta sus productos m\u00e1s populares, como la patatera y la papada ahumada, Maldonado sigue sacando productos ib\u00e9ricos puros a un mercado reducido cada d\u00eda m\u00e1s selecto.<\/p>\n<p>Ahora, en la cervecer\u00eda <strong>Severbrau Tavern<\/strong>, ambos emprendedores ofrecen juntos <strong>la cerveza artesana y las tapas de productos ib\u00e9ricos puros los fines de semana<\/strong>, aunando el genio creador de dos promotores peque\u00f1os de grandes productos y demostrando que la productos artesan\u00eda alimentaria extreme\u00f1a tiene espacios de amplio recorrido regional, nacional e internacional, de los que no sabemos hasta d\u00f3nde ser\u00e1n capaces de llegar.<\/p>\n<p>Estoy convencido de que estos dos personajes, creadores de una artesan\u00eda que les abre un espacio propio dentro de dos productos de gran consumo, como son la cerveza y los embutidos y piezas nobles de los cerdos ib\u00e9ricos, <strong>van a dar mucho que hablar en el futuro<\/strong> para bien de esta tierra que no anda sobrada de gentes con imaginaci\u00f3n y capacidad de riesgo.<\/p>\n<p>&nbsp;<\/p>\n<!-- AddThis Advanced Settings generic via filter on the_content --><!-- AddThis Share Buttons generic via filter on the_content -->","protected":false},"excerpt":{"rendered":"<p>Conoc\u00ed a Maldonado y Seve en distintos eventos. Ambos son personajes de este Blog y es un placer acompa\u00f1arles de vez en cuando en sus correr\u00edas. A Maldonado le conoc\u00ed en el Hotel Wellington, en un sarao gastron\u00f3mico de la alta braga madrile\u00f1a en la que la materia prima que se elaboraba por grandes maestros [&hellip;]<!-- AddThis Advanced Settings generic via filter on get_the_excerpt --><!-- AddThis Share Buttons generic via filter on get_the_excerpt --><\/p>\n","protected":false},"author":70,"featured_media":0,"comment_status":"open","ping_status":"closed","sticky":false,"template":"","format":"standard","meta":[],"categories":[4,7,9],"tags":[],"_links":{"self":[{"href":"https:\/\/blogs.hoy.es\/delhuertoalagranja\/wp-json\/wp\/v2\/posts\/194"}],"collection":[{"href":"https:\/\/blogs.hoy.es\/delhuertoalagranja\/wp-json\/wp\/v2\/posts"}],"about":[{"href":"https:\/\/blogs.hoy.es\/delhuertoalagranja\/wp-json\/wp\/v2\/types\/post"}],"author":[{"embeddable":true,"href":"https:\/\/blogs.hoy.es\/delhuertoalagranja\/wp-json\/wp\/v2\/users\/70"}],"replies":[{"embeddable":true,"href":"https:\/\/blogs.hoy.es\/delhuertoalagranja\/wp-json\/wp\/v2\/comments?post=194"}],"version-history":[{"count":0,"href":"https:\/\/blogs.hoy.es\/delhuertoalagranja\/wp-json\/wp\/v2\/posts\/194\/revisions"}],"wp:attachment":[{"href":"https:\/\/blogs.hoy.es\/delhuertoalagranja\/wp-json\/wp\/v2\/media?parent=194"}],"wp:term":[{"taxonomy":"category","embeddable":true,"href":"https:\/\/blogs.hoy.es\/delhuertoalagranja\/wp-json\/wp\/v2\/categories?post=194"},{"taxonomy":"post_tag","embeddable":true,"href":"https:\/\/blogs.hoy.es\/delhuertoalagranja\/wp-json\/wp\/v2\/tags?post=194"}],"curies":[{"name":"wp","href":"https:\/\/api.w.org\/{rel}","templated":true}]}}