{"id":247,"date":"2015-07-09T16:01:42","date_gmt":"2015-07-09T16:01:42","guid":{"rendered":"http:\/\/blogs.hoy.es\/delhuertoalagranja\/?p=247"},"modified":"2015-07-09T16:01:42","modified_gmt":"2015-07-09T16:01:42","slug":"a-por-el-jamon-de-oveja-merina","status":"publish","type":"post","link":"https:\/\/blogs.hoy.es\/delhuertoalagranja\/2015\/07\/09\/a-por-el-jamon-de-oveja-merina\/","title":{"rendered":"A por el jam\u00f3n de oveja merina"},"content":{"rendered":"<div id=\"attachment_248\" style=\"width: 610px\" class=\"wp-caption aligncenter\"><a href=\"\/delhuertoalagranja\/wp-content\/uploads\/sites\/64\/2015\/07\/jamon1.jpg\"><img aria-describedby=\"caption-attachment-248\" loading=\"lazy\" class=\"size-full wp-image-248\" title=\"Los jamones de oveja merina enel secadero.\" src=\"\/delhuertoalagranja\/wp-content\/uploads\/sites\/64\/2015\/07\/jamon1.jpg\" alt=\"Los jamones de oveja merina enel secadero.\" width=\"600\" height=\"360\" srcset=\"https:\/\/static-blogs.hoy.es\/wp-content\/uploads\/sites\/64\/2015\/07\/jamon1.jpg 600w, https:\/\/static-blogs.hoy.es\/wp-content\/uploads\/sites\/64\/2015\/07\/jamon1-300x180.jpg 300w\" sizes=\"(max-width: 600px) 100vw, 600px\" \/><\/a><p id=\"caption-attachment-248\" class=\"wp-caption-text\">Los jamones de oveja merina en el secadero.<\/p><\/div>\n<p><strong>Faysal Mrad Dali<\/strong> es un belga-tunecino pionero de la charcuter\u00eda Gourmet pensada para el mundo musulm\u00e1n. Desde principios de 2015, <strong>Jaume Garicano<\/strong> es su socio colaborador, catal\u00e1n amable que me explica los\u00a0\u00a0pormenores de este proyecto. Y <a href=\"https:\/\/blogs.hoy.es\/delhuertoalagranja\/2012\/12\/03\/miguel-un-ganadero-desconcertante\/\" target=\"_blank\"><strong>Miguel Cabello<\/strong><\/a> es el primer personaje con el que abr\u00ed este <a href=\"https:\/\/blogs.hoy.es\/delhuertoalagranja\" target=\"_blank\">Blog del diario HOY<\/a>. Ganadero tradicional, rey de las ovejas merinas negras en Espa\u00f1a, y de otro pu\u00f1ado de razas ganaderas aut\u00f3ctonas por las que se le conoce en todas partes.<\/p>\n<p>Hace tiempo que Miguel, visionario del sector ganadero, viene habl\u00e1ndome de la <strong>necesidad de estrechar lazos con el mundo musulm\u00e1n<\/strong>\u00a0 para dar salida a los corderos y a las canales pesadas de nuestra caba\u00f1a ovina, dado el escaso consumo en Espa\u00f1a y en Extremadura de esta especie. Pero hace unas semanas me ense\u00f1\u00f3 una foto que me impact\u00f3: Una red de <strong>perniles (jamones) de merinos negros<\/strong>, colgados en un secadero de la mejor zona de curaci\u00f3n de jamones y embutidos, como es <strong>Cumbres Mayores<\/strong>, donde Faysal y Jaume curan sus chacinas de cordero, cabra y a\u00f1ojo.\u00a0 Desde entonces no he podido resistir la tentaci\u00f3n de traer a este Blog el relato de una experiencia impulsada por gentes que merece la pena conocer y seguir.<br \/>\nFaysal, el belga-tunecino, lleva diez a\u00f1os d\u00e1ndole vueltas al tema de una <strong>charcuter\u00eda natura<\/strong>l, conservada solo con sal y especias, sin ning\u00fan otro conservante, seg\u00fan las recetas tradicionales de nuestro terru\u00f1o, pensada para el mundo musulm\u00e1n. A esta idea va unida la de <strong>seleccionar bien los animales<\/strong>, materia prima de este producto ecol\u00f3gico y gourmet, en el mejor sentido de ambos conceptos: animales criados y alimentados naturalmente. Jaume, el catal\u00e1n,\u00a0 compart\u00eda los mismos ideales y deseaba unirse a este novedoso proyecto.<\/p>\n<div id=\"attachment_251\" style=\"width: 610px\" class=\"wp-caption aligncenter\"><a href=\"\/delhuertoalagranja\/wp-content\/uploads\/sites\/64\/2015\/07\/ovejas31.jpg\"><img aria-describedby=\"caption-attachment-251\" loading=\"lazy\" class=\"size-full wp-image-251\" title=\"Faysal Mrad Dali y Miguel Cabello observan las ovejas merinas.\" src=\"\/delhuertoalagranja\/wp-content\/uploads\/sites\/64\/2015\/07\/ovejas31.jpg\" alt=\"Faysal Mrad Dali y Miguel Cabello observan las ovejas merinas.\" width=\"600\" height=\"340\" srcset=\"https:\/\/static-blogs.hoy.es\/wp-content\/uploads\/sites\/64\/2015\/07\/ovejas31.jpg 600w, https:\/\/static-blogs.hoy.es\/wp-content\/uploads\/sites\/64\/2015\/07\/ovejas31-300x170.jpg 300w\" sizes=\"(max-width: 600px) 100vw, 600px\" \/><\/a><p id=\"caption-attachment-251\" class=\"wp-caption-text\">Faysal Mrad Dali y Miguel Cabello observan las ovejas merinas.<\/p><\/div>\n<p>En cuanto se informaron por la <a href=\"http:\/\/www.razamerina.com\/\" target=\"_blank\"><strong>Asociaci\u00f3n Nacional de la Raza Merina<\/strong><\/a> vieron que el tronco racial de las merinas negras, es la base de esta raza ganadera aut\u00f3ctona, y que Miguel Cabello es un ganadero que ha sabido hacer uno de los mejores reba\u00f1os que existe en Espa\u00f1a y lo maneja en una zona, <strong>\u201cLa Siberia\u201d<\/strong>, excepcional en cuanto a pastos, clima y naturaleza, bondades que se transmiten a los productos y luego a los comensales.<\/p>\n<p>Y as\u00ed naci\u00f3 el principio de esta buena amistad que ya est\u00e1 poniendo un bello proyecto en marcha. El <strong>salchich\u00f3n<\/strong> es el primer producto cuya elaboraci\u00f3n y curaci\u00f3n ya est\u00e1 terminada, pero tambi\u00e9n elaboran <strong>chorizo, panceta, lomito, morc\u00f3n y cecina<\/strong>. De todas formas el producto estrella va a ser el <strong>jam\u00f3n de merino<\/strong>, del que cuelgan en estos momentos los<strong> primeros mil perniles<\/strong> en los secaderos.<br \/>\nL\u00f3gicamente realizan el <a href=\"https:\/\/sites.google.com\/site\/sacrificioislamico\/\" target=\"_blank\">sacrificio HALAL<\/a>, en mataderos certificados, como es el caso de <a href=\"http:\/\/www.hoy.es\/agro\/201412\/11\/compania-extremena-oviso-entra-20141211003534-v.html\" target=\"_blank\"><strong>OVISO en Extremadura<\/strong><\/a>. Este rito exige que <strong>el matarife sea musulm\u00e1n<\/strong> y trata de darle <strong>valor y agradecimiento ante Dios (Al\u00e1)<\/strong> a la muerte del animal, que ha de desangrar bien. Pero para Faysal, Halal significa <strong>tambi\u00e9n elegir el mejor animal criado de la manera m\u00e1s natural posible<\/strong>.<\/p>\n<p>Este belga &#8211; tunecino va a abrir la <strong>primera tienda en Bruselas<\/strong> con su marca BALKIS GOURMET\u00a0\u00a0y su lema, \u201cahora s\u00ed podemos\u201d,\u00a0 pensando en que ya <strong>los musulmanes podr\u00e1n comer unos huevos fritos con chorizo, jam\u00f3n, o panceta<\/strong>.<\/p>\n<p>&nbsp;<\/p>\n<div id=\"attachment_252\" style=\"width: 610px\" class=\"wp-caption aligncenter\"><a href=\"\/delhuertoalagranja\/wp-content\/uploads\/sites\/64\/2015\/07\/ovejas4.jpg\"><img aria-describedby=\"caption-attachment-252\" loading=\"lazy\" class=\"size-full wp-image-252\" title=\"Las ovejas merinas pastan en la finca de Miguel Cabello en La Siberia.\" src=\"\/delhuertoalagranja\/wp-content\/uploads\/sites\/64\/2015\/07\/ovejas4.jpg\" alt=\"Las ovejas merinas pastan en la finca de Miguel Cabello en La Siberia.\" width=\"600\" height=\"450\" srcset=\"https:\/\/static-blogs.hoy.es\/wp-content\/uploads\/sites\/64\/2015\/07\/ovejas4.jpg 600w, https:\/\/static-blogs.hoy.es\/wp-content\/uploads\/sites\/64\/2015\/07\/ovejas4-300x225.jpg 300w\" sizes=\"(max-width: 600px) 100vw, 600px\" \/><\/a><p id=\"caption-attachment-252\" class=\"wp-caption-text\">Las ovejas merinas pastan en la finca de Miguel Cabello en La Siberia.<\/p><\/div>\n<p>Esta iniciativa no se limita al mundo musulm\u00e1n, tienen clientes de todos los horizontes culturales. Recuerdan e invocan el <strong>esp\u00edritu de AL ANDALUS<\/strong>,\u00a0\u00a0donde tres civilizaciones supieron convivir durante siglos y compartir tantas cosas de la vida cotidiana.\u00a0\u00a0A partir de ahora ir\u00e1n extendiendo sus productos para una red de clientes, no solamente musulmanes, y Miguel ira adaptando sus producciones ganaderas al ritmo que la demanda vaya exigiendo, para toda esta gama de embutidos y piezas nobles que abren un espacio nuevo de comercializaci\u00f3n para ovinos, caprinos y vacunos, producidos en sistemas de manejo extensivos.<\/p>\n<p>Ello implicar\u00e1 el entendimiento con otros actores del mundo ganadero y exigir\u00e1 presentarlos tambi\u00e9n adecuadamente en los circuitos de la gastronom\u00eda y la cultura de los alimentos tradicionales.<\/p>\n<!-- AddThis Advanced Settings generic via filter on the_content --><!-- AddThis Share Buttons generic via filter on the_content -->","protected":false},"excerpt":{"rendered":"<p>Faysal Mrad Dali es un belga-tunecino pionero de la charcuter\u00eda Gourmet pensada para el mundo musulm\u00e1n. Desde principios de 2015, Jaume Garicano es su socio colaborador, catal\u00e1n amable que me explica los\u00a0\u00a0pormenores de este proyecto. Y Miguel Cabello es el primer personaje con el que abr\u00ed este Blog del diario HOY. Ganadero tradicional, rey de [&hellip;]<!-- AddThis Advanced Settings generic via filter on get_the_excerpt --><!-- AddThis Share Buttons generic via filter on get_the_excerpt --><\/p>\n","protected":false},"author":70,"featured_media":0,"comment_status":"open","ping_status":"closed","sticky":false,"template":"","format":"standard","meta":[],"categories":[4,5,6,8],"tags":[],"_links":{"self":[{"href":"https:\/\/blogs.hoy.es\/delhuertoalagranja\/wp-json\/wp\/v2\/posts\/247"}],"collection":[{"href":"https:\/\/blogs.hoy.es\/delhuertoalagranja\/wp-json\/wp\/v2\/posts"}],"about":[{"href":"https:\/\/blogs.hoy.es\/delhuertoalagranja\/wp-json\/wp\/v2\/types\/post"}],"author":[{"embeddable":true,"href":"https:\/\/blogs.hoy.es\/delhuertoalagranja\/wp-json\/wp\/v2\/users\/70"}],"replies":[{"embeddable":true,"href":"https:\/\/blogs.hoy.es\/delhuertoalagranja\/wp-json\/wp\/v2\/comments?post=247"}],"version-history":[{"count":0,"href":"https:\/\/blogs.hoy.es\/delhuertoalagranja\/wp-json\/wp\/v2\/posts\/247\/revisions"}],"wp:attachment":[{"href":"https:\/\/blogs.hoy.es\/delhuertoalagranja\/wp-json\/wp\/v2\/media?parent=247"}],"wp:term":[{"taxonomy":"category","embeddable":true,"href":"https:\/\/blogs.hoy.es\/delhuertoalagranja\/wp-json\/wp\/v2\/categories?post=247"},{"taxonomy":"post_tag","embeddable":true,"href":"https:\/\/blogs.hoy.es\/delhuertoalagranja\/wp-json\/wp\/v2\/tags?post=247"}],"curies":[{"name":"wp","href":"https:\/\/api.w.org\/{rel}","templated":true}]}}