{"id":93,"date":"2013-05-21T11:48:29","date_gmt":"2013-05-21T09:48:29","guid":{"rendered":"http:\/\/blogs.hoy.es\/derechoaldia\/?p=93"},"modified":"2013-05-21T11:48:29","modified_gmt":"2013-05-21T09:48:29","slug":"para-hacienda-la-vivienda-no-ha-bajado-de-precio","status":"publish","type":"post","link":"https:\/\/blogs.hoy.es\/derechoaldia\/2013\/05\/21\/para-hacienda-la-vivienda-no-ha-bajado-de-precio\/","title":{"rendered":"Para Hacienda la vivienda no ha bajado de precio"},"content":{"rendered":"<div id=\"attachment_95\" style=\"width: 277px\" class=\"wp-caption aligncenter\"><a href=\"\/derechoaldia\/wp-content\/uploads\/sites\/71\/2013\/05\/impuestosfeten.jpg\"><img aria-describedby=\"caption-attachment-95\" loading=\"lazy\" class=\"size-medium wp-image-95\" title=\"Los precios de las viviendas bajan, pero los impuestos no.\" src=\"\/derechoaldia\/wp-content\/uploads\/sites\/71\/2013\/05\/impuestosfeten.jpg\" alt=\"Los precios de las viviendas bajan, pero los impuestos no.\" width=\"267\" height=\"300\" srcset=\"https:\/\/static-blogs.hoy.es\/wp-content\/uploads\/sites\/71\/2013\/05\/impuestosfeten.jpg 600w, https:\/\/static-blogs.hoy.es\/wp-content\/uploads\/sites\/71\/2013\/05\/impuestosfeten-268x300.jpg 268w\" sizes=\"(max-width: 267px) 100vw, 267px\" \/><\/a><p id=\"caption-attachment-95\" class=\"wp-caption-text\">Los precios de las viviendas bajan, pero los impuestos no.<\/p><\/div>\n<p>Todas las <strong>estad\u00edsticas sobre el precio de la vivienda<\/strong> se\u00f1alan una ca\u00edda continua d<a href=\"http:\/\/www.ine.es\/jaxiBD\/menu.do?L=0&#038;divi=IPV&#038;his=1&#038;type=db\" target=\"_blank\"><strong>esde el a\u00f1o 2008 hasta ahora<\/strong><\/a> y no es previsible un cambio de tendencia a corto plazo. Es decir quien decida comprar ahora estar\u00e1 pagando un precio muy inferior al que se pagaba en a\u00f1os anteriores. Sin embargo, <strong>los impuestos ligados a la titularidad o transmisi\u00f3n de viviendas, y de inmuebles en general, no han bajado<\/strong>. Es m\u00e1s, no solo se mantienen, sino que <strong>en determinados supuestos han subido<\/strong>.<\/p>\n<p>El <strong>caso m\u00e1s sangrante<\/strong> son los impuestos derivados de la venta de un bien, <strong>el Impuesto de Transmisiones Patrimoniales<\/strong>, o de la aceptaci\u00f3n de una herencia, el I<strong>mpuesto sobre Sucesiones<\/strong>. Las comunidades aut\u00f3nomas, cuyas \u201dhaciendas\u201d son las competentes para recaudar estos tributos, tienen la facultad legal de fijar unos valores de referencia sobre los cuales exigen los impuestos con independencia del valor que se haya acordado entre comprador y vendedor. <a href=\"http:\/\/www.boe.es\/buscar\/act.php?id=BOE-A-2003-23186\" target=\"_blank\">La Ley General Tributaria<\/a> contempla este medio de valoraci\u00f3n y los Tribunales est\u00e1n considerando como bien motivadas las valoraciones resultantes.<\/p>\n<p>Estos valores de referencia, normalmente <strong>un coeficiente que puede llegar a multiplicar por dos o tres el valor catastral<\/strong>, se han mantenido pr\u00e1cticamente constantes desde 2008, de manera que l<strong>as haciendas auton\u00f3micas no los han adaptado a la situaci\u00f3n<\/strong> de un mercado que contin\u00faa a la baja.<\/p>\n<p>As\u00ed, hay compradores que se est\u00e1n viendo sorprendidos por <strong>liquidaciones que incrementan el valor escriturado hasta en un 50%<\/strong>. Si adem\u00e1s tenemos en cuenta la subida de tipos impositivos, <strong>en Extremadura hasta hace tres a\u00f1os ten\u00edamos un 7%<\/strong> y <strong>ahora hay un m\u00ednimo del 8% y un m\u00e1ximo del 11%<\/strong>, es f\u00e1cil concluir que la carga impositiva de viviendas e inmuebles en general <strong>ha crecido en proporciones espectaculares<\/strong>.<\/p>\n<p>Y no olviden <strong>el IBI<\/strong>, que se basa en los valores catastrales, <strong>que no han sido corregidos tampoco a la baja<\/strong> y cuyo tipo impositivo ha sido igualmente incrementado.<\/p>\n<p><strong>Para oponerse a la liquidaci\u00f3n<\/strong> que practicar\u00e1 Hacienda en estos casos, <strong>hay que empezar por rascarse el bolsillo<\/strong> y que, en primer lugar, un abogado nos oriente sobre las posibilidades de \u00e9xito de un recurso que se base en la falta de idoneidad jur\u00eddica del sistema de valoraci\u00f3n. Y en caso de que no sea posible atacar el medio de valoraci\u00f3n, <strong>ser\u00e1 imprescindible conseguir un informe de un perito<\/strong> que acredite que el valor fijado por las partes en la compraventa es el de mercado o real.<\/p>\n<p>Hay que pedir <strong>un poco de racionalidad a las comunidades aut\u00f3nomas<\/strong> para que modifiquen los valores de referencia que aplican en la liquidaci\u00f3n de los tributos mencionados acompas\u00e1ndolos a las variaciones a la baja que ha sufrido el\u00a0 mercado estos a\u00f1os.<\/p>\n<p>De esta forma, las valoraciones que practicar\u00edan las haciendas auton\u00f3micas se ajustar\u00edan a las reales, y <strong>se tendr\u00eda una menor sensaci\u00f3n de indefensi\u00f3n e inseguridad<\/strong>, sin llegar a la situaci\u00f3n aberrante que supone <strong>soportar impuestos por precios que no se han pagado<\/strong>.<\/p>\n<!-- AddThis Advanced Settings generic via filter on the_content --><!-- AddThis Share Buttons generic via filter on the_content -->","protected":false},"excerpt":{"rendered":"<p>Todas las estad\u00edsticas sobre el precio de la vivienda se\u00f1alan una ca\u00edda continua desde el a\u00f1o 2008 hasta ahora y no es previsible un cambio de tendencia a corto plazo. Es decir quien decida comprar ahora estar\u00e1 pagando un precio muy inferior al que se pagaba en a\u00f1os anteriores. Sin embargo, los impuestos ligados a [&hellip;]<!-- AddThis Advanced Settings generic via filter on get_the_excerpt --><!-- AddThis Share Buttons generic via filter on get_the_excerpt --><\/p>\n","protected":false},"author":80,"featured_media":0,"comment_status":"open","ping_status":"closed","sticky":false,"template":"","format":"standard","meta":[],"categories":[2],"tags":[241,247,255,262,388,479,494,514,520],"_links":{"self":[{"href":"https:\/\/blogs.hoy.es\/derechoaldia\/wp-json\/wp\/v2\/posts\/93"}],"collection":[{"href":"https:\/\/blogs.hoy.es\/derechoaldia\/wp-json\/wp\/v2\/posts"}],"about":[{"href":"https:\/\/blogs.hoy.es\/derechoaldia\/wp-json\/wp\/v2\/types\/post"}],"author":[{"embeddable":true,"href":"https:\/\/blogs.hoy.es\/derechoaldia\/wp-json\/wp\/v2\/users\/80"}],"replies":[{"embeddable":true,"href":"https:\/\/blogs.hoy.es\/derechoaldia\/wp-json\/wp\/v2\/comments?post=93"}],"version-history":[{"count":0,"href":"https:\/\/blogs.hoy.es\/derechoaldia\/wp-json\/wp\/v2\/posts\/93\/revisions"}],"wp:attachment":[{"href":"https:\/\/blogs.hoy.es\/derechoaldia\/wp-json\/wp\/v2\/media?parent=93"}],"wp:term":[{"taxonomy":"category","embeddable":true,"href":"https:\/\/blogs.hoy.es\/derechoaldia\/wp-json\/wp\/v2\/categories?post=93"},{"taxonomy":"post_tag","embeddable":true,"href":"https:\/\/blogs.hoy.es\/derechoaldia\/wp-json\/wp\/v2\/tags?post=93"}],"curies":[{"name":"wp","href":"https:\/\/api.w.org\/{rel}","templated":true}]}}