{"id":181,"date":"2013-05-21T17:29:33","date_gmt":"2013-05-21T17:29:33","guid":{"rendered":"http:\/\/blogs.hoy.es\/desdelacofa\/?p=181"},"modified":"2013-05-21T17:29:33","modified_gmt":"2013-05-21T17:29:33","slug":"el-turismo-motor-de-desarrollo","status":"publish","type":"post","link":"https:\/\/blogs.hoy.es\/desdelacofa\/2013\/05\/21\/el-turismo-motor-de-desarrollo\/","title":{"rendered":"El turismo, motor de desarrollo"},"content":{"rendered":"<p><a href=\"\/desdelacofa\/wp-content\/uploads\/sites\/32\/2013\/05\/turismo9.jpg\"><img loading=\"lazy\" class=\"aligncenter size-medium wp-image-182\" title=\"calleja de Arenillas. Plasencia\" src=\"\/desdelacofa\/wp-content\/uploads\/sites\/32\/2013\/05\/turismo9.jpg\" alt=\"\" width=\"300\" height=\"200\" srcset=\"https:\/\/static-blogs.hoy.es\/wp-content\/uploads\/sites\/32\/2013\/05\/turismo9.jpg 1701w, https:\/\/static-blogs.hoy.es\/wp-content\/uploads\/sites\/32\/2013\/05\/turismo9-300x200.jpg 300w, https:\/\/static-blogs.hoy.es\/wp-content\/uploads\/sites\/32\/2013\/05\/turismo9-768x512.jpg 768w, https:\/\/static-blogs.hoy.es\/wp-content\/uploads\/sites\/32\/2013\/05\/turismo9-1024x683.jpg 1024w\" sizes=\"(max-width: 300px) 100vw, 300px\" \/><\/a><\/p>\n<p class=\"MsoNormal\" style=\"text-align: justify;\"><span style=\"font-size: 12.0pt; mso-bidi-font-size: 11.0pt; line-height: 115%;\">Inicio esta singladura, no con <strong>un descubrimiento<\/strong>, sino, mas<span style=\"mso-spacerun: yes;\">\u00a0 <\/span>bien con <strong>un aserto cient\u00edfic<\/strong>o de teor\u00eda econ\u00f3mica. Decir que <strong>el turismo es motor de desarrollo<\/strong>, para cualquier espa\u00f1ol, <strong>no es novedad<\/strong>. Dado el papel que representa para el<strong> PIB nacional<\/strong> este sector econ\u00f3mico. <\/span><\/p>\n<p class=\"MsoNormal\" style=\"text-align: justify;\"><span style=\"font-size: 12.0pt; mso-bidi-font-size: 11.0pt; line-height: 115%;\">Pero quiero significar en esta singladura el papel que puede y lo est\u00e1 haciendo ya en la <strong>Capital placentina. <\/strong><\/span><\/p>\n<p class=\"MsoNormal\" style=\"text-align: justify;\"><span style=\"font-size: 12.0pt; mso-bidi-font-size: 11.0pt; line-height: 115%;\">Los pasos que est\u00e1 dando el <strong>Equipo de Gobierno<\/strong> municipal en este sentido, <strong>son plausibles,<\/strong> por <strong>el rigor<\/strong> que est\u00e1 poniendo en su planeamiento. Parte de una realidad que otros gobiernos municipales <strong>no quisieron ver<\/strong>. Que la Capital placentina junto con las <strong>Comarcas del Norte Extreme\u00f1o<\/strong>, es el paquete tur\u00edstico <strong>ideal<\/strong> para vender conjuntamente esta interesante zona a los<strong> tour operadores. <\/strong><\/span><\/p>\n<p class=\"MsoNormal\" style=\"text-align: justify;\"><a href=\"\/desdelacofa\/wp-content\/uploads\/sites\/32\/2013\/05\/turismo3ok.jpg\"><img loading=\"lazy\" class=\"aligncenter size-medium wp-image-190\" title=\"Piscina natural Las Mestas\" src=\"\/desdelacofa\/wp-content\/uploads\/sites\/32\/2013\/05\/turismo3ok.jpg\" alt=\"\" width=\"300\" height=\"201\" \/><\/a><\/p>\n<p class=\"MsoNormal\" style=\"text-align: justify;\"><span style=\"font-size: 12.0pt; mso-bidi-font-size: 11.0pt; line-height: 115%;\"><strong>Plasencia<\/strong> es monumental, Plasencia es <strong>la Vera<\/strong>, Plasencia es <strong>el Valle<\/strong>, Plasencia es <strong>Monfrag\u00fce<\/strong>, Plasencia es <strong>Ambroz<\/strong>, Plasencia es <strong>las Hurdes<\/strong>, Plasencia es <strong>Sierra de Gata<\/strong> y todas esta Comarcas tambi\u00e9n <strong>son Plasencia<\/strong>, esta conjunci\u00f3n norte\u00f1a junto con las dos poblaciones significadas como<strong> Coria<\/strong> con su historia y <strong>Catedral<\/strong>, y <strong>Navalmoral\u00a0 <\/strong>con su <strong>Campo Ara\u00f1uelo<\/strong> y la futura <strong>Isla de Valdeca\u00f1as<\/strong>, hacen de toda esta zona al <strong>norte del Tajo<\/strong>, un <strong>\u00fanico paquete tur\u00edstico<\/strong> de mucho inter\u00e9s. <\/span><\/p>\n<p class=\"MsoNormal\" style=\"text-align: justify;\"><a href=\"\/desdelacofa\/wp-content\/uploads\/sites\/32\/2013\/05\/turismo8.jpg\"><img loading=\"lazy\" class=\"aligncenter size-medium wp-image-189\" title=\"catedral de Coria\" src=\"\/desdelacofa\/wp-content\/uploads\/sites\/32\/2013\/05\/turismo8.jpg\" alt=\"\" width=\"300\" height=\"225\" \/><\/a><\/p>\n<p class=\"MsoNormal\" style=\"text-align: justify;\"><span style=\"font-size: 12.0pt; mso-bidi-font-size: 11.0pt; line-height: 115%;\">La Capital<\/span><span style=\"font-size: 12.0pt; mso-bidi-font-size: 11.0pt; line-height: 115%;\"> placentina, es el <strong>aglutinante<\/strong> necesario para hacer realidad este destino tur\u00edstico de<strong> primer orden<\/strong>, dado que engloba en <span style=\"mso-spacerun: yes;\">\u00a0<\/span>ella misma, <strong>monumentalidad, historia y naturaleza.<\/strong><\/span><\/p>\n<p class=\"MsoNormal\" style=\"text-align: justify;\"><span style=\"font-size: 12.0pt; mso-bidi-font-size: 11.0pt; line-height: 115%;\">Solo falta <span style=\"mso-spacerun: yes;\">\u00a0<\/span>saber vender este conjunto arm\u00f3nico de <strong>Plasencia con sus Comarcas<\/strong> y estas con su capital natural.<\/span><\/p>\n<p class=\"MsoNormal\" style=\"text-align: justify;\"><a href=\"\/desdelacofa\/wp-content\/uploads\/sites\/32\/2013\/05\/turismo1.jpg\"><img loading=\"lazy\" class=\"aligncenter size-medium wp-image-183\" title=\"garganta de los infiernos. Paraje de los pilones. Valle del jerte.\" src=\"\/desdelacofa\/wp-content\/uploads\/sites\/32\/2013\/05\/turismo1.jpg\" alt=\"\" width=\"300\" height=\"183\" \/><\/a><\/p>\n<p class=\"MsoNormal\" style=\"text-align: justify;\"><span style=\"font-size: 12.0pt; mso-bidi-font-size: 11.0pt; line-height: 115%;\">Todas las <strong>pol\u00edticas anteriores<\/strong> han estado fomentadas por otros organismos ajenos a esta zona que han tenido como finalidad el <strong>mantener divididos<\/strong> y separados en sus paquetes tur\u00edsticos, con un solo objetivo, el que <strong>no despeguemos tur\u00edsticamente. <\/strong><\/span><\/p>\n<p class=\"MsoNormal\" style=\"text-align: justify;\"><span style=\"font-size: 12.0pt; mso-bidi-font-size: 11.0pt; line-height: 115%;\">Todo esto est\u00e1 cambiando, no solo desde el <strong>Gobierno de Extremadura<\/strong> con su Direcci\u00f3n General de Turismo, apostando por <strong>el norte regional<\/strong>, sino tambi\u00e9n por <strong>la Concejal\u00eda de Turismo<\/strong> por el <strong>impulso<\/strong> dado por el <strong>Gobierno local,<\/strong> para relanzar con rigor y objetivos claros,<span style=\"mso-spacerun: yes;\">\u00a0 <\/span>este segmento econ\u00f3mico que tanto <strong>nos puede beneficiar.<\/strong><\/span><\/p>\n<p class=\"MsoNormal\" style=\"text-align: justify;\"><a href=\"\/desdelacofa\/wp-content\/uploads\/sites\/32\/2013\/05\/turismo7.jpg\"><img loading=\"lazy\" class=\"aligncenter size-medium wp-image-188\" title=\"Monfrag\u00fce\" src=\"\/desdelacofa\/wp-content\/uploads\/sites\/32\/2013\/05\/turismo7.jpg\" alt=\"\" width=\"300\" height=\"200\" \/><\/a><\/p>\n<p class=\"MsoNormal\" style=\"text-align: justify;\"><span style=\"font-size: 12.0pt; mso-bidi-font-size: 11.0pt; line-height: 115%;\"><strong>Me alegro como placentino<\/strong>, de que nuestra ciudad, haya encontrado <strong>el rumbo<\/strong> conveniente para llegar <strong>al puerto que necesitamos<\/strong>. Con este<strong> empujoncito<\/strong> de la <strong>directora general<\/strong> de Turismo y las <strong>ideas claras<\/strong> del <strong>concejal<\/strong> de Turismo, con <strong>el apoyo<\/strong> como lo tiene, del <strong>equipo de gobierno<\/strong>, dentro de muy poco veremos <strong>resultados. <\/strong><\/span><\/p>\n<p class=\"MsoNormal\" style=\"text-align: justify;\"><span style=\"font-size: 12.0pt; mso-bidi-font-size: 11.0pt; line-height: 115%;\">Dec\u00eda al principio que el turismo es <strong>motor de desarrollo<\/strong>, pues el hecho de llenar la ciudad y comarcas de turistas se ven potenciados <strong>otros sectores econ\u00f3micos<\/strong> que hacen de locomotora para<strong> fijar empleo y poblaci\u00f3n<\/strong>. <\/span><\/p>\n<p class=\"MsoNormal\" style=\"text-align: justify;\"><a href=\"\/desdelacofa\/wp-content\/uploads\/sites\/32\/2013\/05\/turismo4.jpg\"><img loading=\"lazy\" class=\"aligncenter size-medium wp-image-185\" title=\"Castalo en el Ambroz\" src=\"\/desdelacofa\/wp-content\/uploads\/sites\/32\/2013\/05\/turismo4.jpg\" alt=\"\" width=\"225\" height=\"300\" \/><\/a><\/p>\n<p class=\"MsoNormal\" style=\"text-align: justify;\"><span style=\"font-size: 12.0pt; mso-bidi-font-size: 11.0pt; line-height: 115%;\">Tenemos que creernos que <strong>el potencial tur\u00edstico<\/strong> del norte extreme\u00f1o, <strong>es real<\/strong> y no ficticio. Podemos ser receptores de turismo <strong>hist\u00f3rico y monumental<\/strong> y de turismo de <strong>naturaleza<\/strong> y todo esto se da en nuestra zona. <\/span><\/p>\n<p class=\"MsoNormal\" style=\"text-align: justify;\"><span style=\"font-size: 12.0pt; mso-bidi-font-size: 11.0pt; line-height: 115%;\">Pero ojo, hay <strong>poderes soterrados,<\/strong> que<span style=\"mso-spacerun: yes;\">\u00a0 <\/span>intentaran<strong> torpedear y reavivar los localismos<\/strong> que tanto <strong>da\u00f1o<\/strong> nos han producido, pero una vez conocido por los tour operadores, ya nada podr\u00e1 frenarlo. <\/span><\/p>\n<p class=\"MsoNormal\" style=\"text-align: justify;\"><a href=\"\/desdelacofa\/wp-content\/uploads\/sites\/32\/2013\/05\/turismo5.jpg\"><img loading=\"lazy\" class=\"aligncenter size-medium wp-image-186\" title=\"La Vera\" src=\"\/desdelacofa\/wp-content\/uploads\/sites\/32\/2013\/05\/turismo5.jpg\" alt=\"\" width=\"300\" height=\"200\" \/><\/a><\/p>\n<p class=\"MsoNormal\" style=\"text-align: justify;\"><span style=\"font-size: 12.0pt; mso-bidi-font-size: 11.0pt; line-height: 115%;\">Tambi\u00e9n es necesario que el<strong> sector servicios<\/strong> se <strong>actualice<\/strong> y piense que esto es verdad, que es fuente de riqueza y que tenemos que<strong> adaptar nuestro comercio<\/strong> a este fen\u00f3meno.<\/span><\/p>\n<p class=\"MsoNormal\" style=\"text-align: justify;\"><span style=\"font-size: 12.0pt; mso-bidi-font-size: 11.0pt; line-height: 115%;\">Los poderes p\u00fablicos, tambi\u00e9n tienen que <strong>adaptar la ciudad<\/strong> para <strong>poner en valor<\/strong> todo el potencial art\u00edstico y monumental que tenemos. Es mucho m\u00e1s el que no se ve que el que se ve. <strong>Y esto hay que cambiarlo.<\/strong><\/span><\/p>\n<p class=\"MsoNormal\" style=\"text-align: justify;\"><a href=\"\/desdelacofa\/wp-content\/uploads\/sites\/32\/2013\/05\/turismo2.jpg\"><img loading=\"lazy\" class=\"aligncenter size-medium wp-image-184\" title=\"CEREZO FLOR\" src=\"\/desdelacofa\/wp-content\/uploads\/sites\/32\/2013\/05\/turismo2.jpg\" alt=\"\" width=\"300\" height=\"199\" \/><\/a><\/p>\n<p class=\"MsoNormal\" style=\"text-align: justify;\"><span style=\"font-size: 12.0pt; mso-bidi-font-size: 11.0pt; line-height: 115%;\">Para ello proponemos <strong>una comisi\u00f3n asesora,<\/strong> que aporte ideas y que tenga como componentes a las <strong>Asociaciones culturales de Patrimonio<\/strong> como \u201cPedro de Trejo\u201d, \u201cAmigos de las Catedrales y Patrimonio, \u201dArqueol\u00f3gica\u201d. <strong>Los hosteleros<\/strong> con sus respectivas asociaciones. La asociaci\u00f3n de <strong>comerciantes<\/strong>. El Centro de Iniciativas y Turismo y <strong>asociaci\u00f3n de empresas tur\u00edsticas<\/strong>.<\/span><\/p>\n<p class=\"MsoNormal\" style=\"text-align: justify;\"><span style=\"font-size: 12.0pt; mso-bidi-font-size: 11.0pt; line-height: 115%;\"><span style=\"font-size: 12.0pt; mso-bidi-font-size: 11.0pt; line-height: 115%;\">Con ello conseguiremos <strong>la sinergia <\/strong>necesaria para esta finalidad y que la Concejal\u00eda de Turismo<span style=\"mso-spacerun: yes;\">\u00a0 <\/span><strong>adaptar\u00eda<\/strong> a su proyecto y transmitir\u00eda al resto de instituciones implicadas. Con ello Plasencia se une a <strong>las Comarcas<\/strong><span style=\"mso-spacerun: yes;\">\u00a0 <\/span>y las Comarcas a <strong>Plasencia<\/strong>. Todos juntos podremos conseguir el <strong>referente tur\u00edstico.<\/strong><\/span><\/span><\/p>\n<p class=\"MsoNormal\" style=\"text-align: justify;\"><a href=\"\/desdelacofa\/wp-content\/uploads\/sites\/32\/2013\/05\/turismo6.jpg\"><img loading=\"lazy\" class=\"aligncenter size-medium wp-image-187\" title=\"Tabacales en la Vera\" src=\"\/desdelacofa\/wp-content\/uploads\/sites\/32\/2013\/05\/turismo6.jpg\" alt=\"\" width=\"300\" height=\"213\" \/><\/a><\/p>\n<!-- AddThis Advanced Settings generic via filter on the_content --><!-- AddThis Share Buttons generic via filter on the_content -->","protected":false},"excerpt":{"rendered":"<p>Inicio esta singladura, no con un descubrimiento, sino, mas\u00a0 bien con un aserto cient\u00edfico de teor\u00eda econ\u00f3mica. Decir que el turismo es motor de desarrollo, para cualquier espa\u00f1ol, no es novedad. Dado el papel que representa para el PIB nacional este sector econ\u00f3mico. Pero quiero significar en esta singladura el papel que puede y lo [&hellip;]<!-- AddThis Advanced Settings generic via filter on get_the_excerpt --><!-- AddThis Share Buttons generic via filter on get_the_excerpt --><\/p>\n","protected":false},"author":43,"featured_media":0,"comment_status":"open","ping_status":"closed","sticky":false,"template":"","format":"standard","meta":[],"categories":[2],"tags":[33,78,117,159,169,178,234,241,308,353,420,423,453,515,540,603,617,703,835,842,861,869,903],"_links":{"self":[{"href":"https:\/\/blogs.hoy.es\/desdelacofa\/wp-json\/wp\/v2\/posts\/181"}],"collection":[{"href":"https:\/\/blogs.hoy.es\/desdelacofa\/wp-json\/wp\/v2\/posts"}],"about":[{"href":"https:\/\/blogs.hoy.es\/desdelacofa\/wp-json\/wp\/v2\/types\/post"}],"author":[{"embeddable":true,"href":"https:\/\/blogs.hoy.es\/desdelacofa\/wp-json\/wp\/v2\/users\/43"}],"replies":[{"embeddable":true,"href":"https:\/\/blogs.hoy.es\/desdelacofa\/wp-json\/wp\/v2\/comments?post=181"}],"version-history":[{"count":0,"href":"https:\/\/blogs.hoy.es\/desdelacofa\/wp-json\/wp\/v2\/posts\/181\/revisions"}],"wp:attachment":[{"href":"https:\/\/blogs.hoy.es\/desdelacofa\/wp-json\/wp\/v2\/media?parent=181"}],"wp:term":[{"taxonomy":"category","embeddable":true,"href":"https:\/\/blogs.hoy.es\/desdelacofa\/wp-json\/wp\/v2\/categories?post=181"},{"taxonomy":"post_tag","embeddable":true,"href":"https:\/\/blogs.hoy.es\/desdelacofa\/wp-json\/wp\/v2\/tags?post=181"}],"curies":[{"name":"wp","href":"https:\/\/api.w.org\/{rel}","templated":true}]}}