{"id":193,"date":"2013-06-04T10:03:35","date_gmt":"2013-06-04T10:03:35","guid":{"rendered":"http:\/\/blogs.hoy.es\/desdelacofa\/?p=193"},"modified":"2013-06-04T10:03:35","modified_gmt":"2013-06-04T10:03:35","slug":"alta-velocidad-o-velocidad-alta","status":"publish","type":"post","link":"https:\/\/blogs.hoy.es\/desdelacofa\/2013\/06\/04\/alta-velocidad-o-velocidad-alta\/","title":{"rendered":"Alta velocidad o Velocidad alta"},"content":{"rendered":"<p><a href=\"\/desdelacofa\/wp-content\/uploads\/sites\/32\/2013\/06\/AVE2.jpg\"><img loading=\"lazy\" class=\"aligncenter size-medium wp-image-196\" title=\"Consejero de Fomento, presidente de la Junta y ministra de Fomento\" src=\"\/desdelacofa\/wp-content\/uploads\/sites\/32\/2013\/06\/AVE2.jpg\" alt=\"\" width=\"300\" height=\"200\" srcset=\"https:\/\/static-blogs.hoy.es\/wp-content\/uploads\/sites\/32\/2013\/06\/AVE2.jpg 1701w, https:\/\/static-blogs.hoy.es\/wp-content\/uploads\/sites\/32\/2013\/06\/AVE2-300x200.jpg 300w, https:\/\/static-blogs.hoy.es\/wp-content\/uploads\/sites\/32\/2013\/06\/AVE2-768x512.jpg 768w, https:\/\/static-blogs.hoy.es\/wp-content\/uploads\/sites\/32\/2013\/06\/AVE2-1024x683.jpg 1024w\" sizes=\"(max-width: 300px) 100vw, 300px\" \/><\/a><\/p>\n<p class=\"MsoNormal\" style=\"text-align: justify;\"><span style=\"font-size: 12.0pt; line-height: 115%; font-family: 'Times New Roman','serif';\"><strong>Menudo l\u00edo<\/strong> ha preparado<strong> la ministra<\/strong> en su visita a las obras del<strong> AVE<\/strong> , en el norte de <strong>Extremadura<\/strong> y su posterior <strong>declaraci\u00f3n<\/strong> ante los medios de comunicaci\u00f3n.<\/span><\/p>\n<p class=\"MsoNormal\" style=\"text-align: justify;\"><span style=\"font-size: 12.0pt; line-height: 115%; font-family: 'Times New Roman','serif';\">Vayamos por partes, para proceder<strong> al an\u00e1lisis<\/strong> derivado de sus declaraciones o de <strong>sus silencios<\/strong> u <strong>omisiones<\/strong> que quiz\u00e1s es lo que m\u00e1s <strong>nos ha alarmado<\/strong> a los ciudadanos residentes en el norte regional y a <strong>la Capital placentina<\/strong> en particular.<\/span><\/p>\n<p class=\"MsoNormal\" style=\"text-align: justify;\"><span style=\"font-size: 12.0pt; line-height: 115%; font-family: 'Times New Roman','serif';\">Se dijo que en el itinerario <strong>Madrid-Badajoz,<\/strong> solo se realizar\u00edan paradas en<strong> Talavera de la Reina<\/strong> y <strong>C\u00e1ceres<\/strong>. Ya empezamos <strong>discriminando<\/strong> a la <strong>Capital placentina<\/strong> y por ende al <strong>norte extreme\u00f1o<\/strong>. Si esto llega a materializarse,<strong> la sociedad civil<\/strong> no debe esperar a la justificaci\u00f3n que dar\u00e1n enseguida los pol\u00edticos perteneciente a<strong> la casta.<\/strong><\/span><\/p>\n<p class=\"MsoNormal\" style=\"text-align: justify;\"><a href=\"\/desdelacofa\/wp-content\/uploads\/sites\/32\/2013\/06\/AVE1.jpg\"><img loading=\"lazy\" class=\"aligncenter size-medium wp-image-195\" title=\"PARAJE DE RETORTILLO\" src=\"\/desdelacofa\/wp-content\/uploads\/sites\/32\/2013\/06\/AVE1.jpg\" alt=\"\" width=\"300\" height=\"201\" srcset=\"https:\/\/static-blogs.hoy.es\/wp-content\/uploads\/sites\/32\/2013\/06\/AVE1.jpg 2896w, https:\/\/static-blogs.hoy.es\/wp-content\/uploads\/sites\/32\/2013\/06\/AVE1-300x201.jpg 300w, https:\/\/static-blogs.hoy.es\/wp-content\/uploads\/sites\/32\/2013\/06\/AVE1-768x516.jpg 768w, https:\/\/static-blogs.hoy.es\/wp-content\/uploads\/sites\/32\/2013\/06\/AVE1-1024x687.jpg 1024w\" sizes=\"(max-width: 300px) 100vw, 300px\" \/><\/a><\/p>\n<p class=\"MsoNormal\" style=\"text-align: justify;\"><span style=\"font-size: 12.0pt; line-height: 115%; font-family: 'Times New Roman','serif';\"><strong>El Alcalde de Plasencia,<\/strong> no ha tardado en responder como presidente de la<strong> FEMPEX<\/strong>, informando que <strong>el consejero de Fomento<\/strong> le ha asegurado que en este <strong>corredor ferroviario<\/strong>, tendr\u00e1n parada los trenes <strong>en Navalmoral y Plasencia<\/strong>. Esperemos que <strong>sea cierto.<\/strong><\/span><\/p>\n<p class=\"MsoNormal\" style=\"text-align: justify;\"><span style=\"font-size: 12.0pt; line-height: 115%; font-family: 'Times New Roman','serif';\">Por otro lado, el flujo de <strong>usuarios del tren<\/strong> en nuestra ciudad, es <strong>muy alto y rentable<\/strong> en el itinerario <strong>Plasencia-Madrid<\/strong> y viceversa. Si adem\u00e1s, se consigue, <strong>reducir en tiempo<\/strong> del recorrido,<span style=\"mso-spacerun: yes;\">\u00a0 <\/span>los enlaces con <strong>C\u00e1ceres, M\u00e9rida y Badajoz,<\/strong> se aumentar\u00eda el n\u00famero de usuarios.<\/span><\/p>\n<p class=\"MsoNormal\" style=\"text-align: justify;\"><span style=\"font-size: 12.0pt; line-height: 115%; font-family: 'Times New Roman','serif';\"><strong>Otra perla<\/strong> de la visita: <strong>silencio absoluto<\/strong> de la futura ubicaci\u00f3n de la <strong>estaci\u00f3n de Plasencia<\/strong>. El an\u00e1lisis de ello, nos lleva <strong>a lo peor.<\/strong> Se sabe que el Alcalde, consigui\u00f3 del departamento de <strong>Fomento<\/strong> una <strong>moratoria<\/strong> sobre su decisi\u00f3n, pero nadie a\u00fan ha aclarado d<strong>onde se ubicar\u00e1<\/strong> y si se tendr\u00e1 en cuenta el inter\u00e9s de<strong> la Capital placentina<\/strong> y de los<strong> residentes<\/strong> en el norte extreme\u00f1o.<\/span><\/p>\n<p class=\"MsoNormal\" style=\"text-align: justify;\"><a href=\"\/desdelacofa\/wp-content\/uploads\/sites\/32\/2013\/06\/AVE3.jpg\"><img loading=\"lazy\" class=\"aligncenter size-medium wp-image-197\" title=\"Viaducto AVE en Ca\u00f1averal\" src=\"\/desdelacofa\/wp-content\/uploads\/sites\/32\/2013\/06\/AVE3.jpg\" alt=\"\" width=\"300\" height=\"199\" srcset=\"https:\/\/static-blogs.hoy.es\/wp-content\/uploads\/sites\/32\/2013\/06\/AVE3.jpg 1024w, https:\/\/static-blogs.hoy.es\/wp-content\/uploads\/sites\/32\/2013\/06\/AVE3-300x199.jpg 300w, https:\/\/static-blogs.hoy.es\/wp-content\/uploads\/sites\/32\/2013\/06\/AVE3-768x510.jpg 768w\" sizes=\"(max-width: 300px) 100vw, 300px\" \/><\/a><\/p>\n<p class=\"MsoNormal\" style=\"text-align: justify;\"><span style=\"font-size: 12.0pt; line-height: 115%; font-family: 'Times New Roman','serif';\">Es conocido <strong>el planchazo<\/strong> dado por el ministerio con las <strong>estaciones a distancias<\/strong> de sus poblaciones. Recordar, <strong>Guadalajara, Segovia, Cuenca<\/strong>, etc., <strong>nadie las utiliza<\/strong> al estar en <strong>un descampado<\/strong> y perder en el traslado m\u00e1s tiempo que el utilizadoen llegar. Todo <strong>un desprop\u00f3sito<\/strong> para con el ciudadano y un gasto desmesurado en sus proyectos de construcci\u00f3n. <\/span><\/p>\n<p class=\"MsoNormal\" style=\"text-align: justify;\"><span style=\"font-size: 12.0pt; line-height: 115%; font-family: 'Times New Roman','serif';\">Todo ello nos hace pensar, que para <strong>nuestra ciudad,<\/strong> la cosa <strong>pinta mal.<\/strong> Esa <strong>tardanza<\/strong> en la toma de decisi\u00f3n es <strong>se\u00f1al<\/strong> de que la cosa <strong>no est\u00e1 clara.<\/strong> No quiero repetirme sobre este tema que fue ya tratado en <strong>otra singladura<\/strong> espec\u00edfica y que por ahora <strong>nos est\u00e1 dando la raz\u00f3n.<\/strong><\/span><\/p>\n<p class=\"MsoNormal\" style=\"text-align: justify;\"><a href=\"\/desdelacofa\/wp-content\/uploads\/sites\/32\/2013\/06\/AVE4.jpg\"><img loading=\"lazy\" class=\"aligncenter size-medium wp-image-198\" title=\"Obras del AVE cerca de  Navalmoral\" src=\"\/desdelacofa\/wp-content\/uploads\/sites\/32\/2013\/06\/AVE4.jpg\" alt=\"\" width=\"300\" height=\"200\" srcset=\"https:\/\/static-blogs.hoy.es\/wp-content\/uploads\/sites\/32\/2013\/06\/AVE4.jpg 1701w, https:\/\/static-blogs.hoy.es\/wp-content\/uploads\/sites\/32\/2013\/06\/AVE4-300x200.jpg 300w, https:\/\/static-blogs.hoy.es\/wp-content\/uploads\/sites\/32\/2013\/06\/AVE4-768x512.jpg 768w, https:\/\/static-blogs.hoy.es\/wp-content\/uploads\/sites\/32\/2013\/06\/AVE4-1024x683.jpg 1024w\" sizes=\"(max-width: 300px) 100vw, 300px\" \/><\/a><\/p>\n<p class=\"MsoNormal\" style=\"text-align: justify;\"><span style=\"font-size: 12.0pt; line-height: 115%; font-family: 'Times New Roman','serif';\">Es por ello, por lo que la ministra, tampoco quiso decir nada. Pero la preocupaci\u00f3n en el ciudadano est\u00e1 presente. Por ello, los Partidos en la oposici\u00f3n municipal, no han tardado en alertar de estos silencios. <\/span><\/p>\n<p class=\"MsoNormal\" style=\"text-align: justify;\"><span style=\"font-size: 12.0pt; line-height: 115%; font-family: 'Times New Roman','serif';\">La siguiente<strong> perla silenciada por la ministra<\/strong> y que nos lleva a<span style=\"mso-spacerun: yes;\">\u00a0 <\/span><strong>nuestro an\u00e1lisis,<\/strong> es el <strong>no desmentir,<\/strong> lo que el Alcalde <strong>en Pleno Municipal<\/strong>, en contestaci\u00f3n a una pregunta, de la oposici\u00f3n sobre lo definido por su ministerio sobre la conversi\u00f3n en v\u00eda verde del tramo<strong> Plasencia-Astorga.<\/strong> Seg\u00fan el Alcalde, <strong>Fomento<\/strong> en su planimetr\u00eda <strong>cambia el color del trazado<\/strong> y queda en posibilidad de<strong> estudio.<\/strong><\/span><\/p>\n<p class=\"MsoNormal\" style=\"text-align: justify;\"><span style=\"font-size: 12.0pt; line-height: 115%; font-family: 'Times New Roman','serif';\">Si la ministra ya hablo con \u00e9l, de este cambio,<strong> porqu\u00e9 no se pronunci\u00f3<\/strong> en esta visita a nuestra zona. Quedar\u00eda <strong>todo aclarado<\/strong> y adem\u00e1s <strong>tranquilizar\u00eda<\/strong> al ciudadano que mayoritariamente apoya la apertura de esta l\u00ednea.<\/span><\/p>\n<p class=\"MsoNormal\" style=\"text-align: justify;\"><a href=\"\/desdelacofa\/wp-content\/uploads\/sites\/32\/2013\/06\/AVE5.jpg\"><img loading=\"lazy\" class=\"aligncenter size-medium wp-image-194\" title=\"AVE\" src=\"\/desdelacofa\/wp-content\/uploads\/sites\/32\/2013\/06\/AVE5.jpg\" alt=\"\" width=\"300\" height=\"241\" srcset=\"https:\/\/static-blogs.hoy.es\/wp-content\/uploads\/sites\/32\/2013\/06\/AVE5.jpg 1565w, https:\/\/static-blogs.hoy.es\/wp-content\/uploads\/sites\/32\/2013\/06\/AVE5-300x241.jpg 300w, https:\/\/static-blogs.hoy.es\/wp-content\/uploads\/sites\/32\/2013\/06\/AVE5-768x618.jpg 768w, https:\/\/static-blogs.hoy.es\/wp-content\/uploads\/sites\/32\/2013\/06\/AVE5-1024x824.jpg 1024w\" sizes=\"(max-width: 300px) 100vw, 300px\" \/><\/a><\/p>\n<p class=\"MsoNormal\" style=\"text-align: justify;\"><span style=\"font-size: 12.0pt; line-height: 115%; font-family: 'Times New Roman','serif';\">Nada <strong>m\u00e1s me gustar\u00eda<\/strong> en esta singladura, que poder hacer <strong>un an\u00e1lisis m\u00e1s positivo<\/strong> para nuestra ciudad, pero<strong> los hechos son como son<\/strong> y si ten\u00edan que decir algo en esta visita, <strong>menudos son los ministros,<\/strong> lo habr\u00edan dicho. De todos es conocidos que el<strong> AVE, Madrid \u2013Badajoz<\/strong>, en boca de otros ministros <strong>(PP y PSOE)<\/strong> estar\u00eda en <strong>circulaci\u00f3n en 2009<\/strong> y ya ven por donde vamos y<strong> lo que nos queda.<\/strong><\/span><\/p>\n<p><strong><br \/>\n<\/strong><\/p>\n<!-- AddThis Advanced Settings generic via filter on the_content --><!-- AddThis Share Buttons generic via filter on the_content -->","protected":false},"excerpt":{"rendered":"<p>Menudo l\u00edo ha preparado la ministra en su visita a las obras del AVE , en el norte de Extremadura y su posterior declaraci\u00f3n ante los medios de comunicaci\u00f3n. Vayamos por partes, para proceder al an\u00e1lisis derivado de sus declaraciones o de sus silencios u omisiones que quiz\u00e1s es lo que m\u00e1s nos ha alarmado [&hellip;]<!-- AddThis Advanced Settings generic via filter on get_the_excerpt --><!-- AddThis Share Buttons generic via filter on get_the_excerpt --><\/p>\n","protected":false},"author":43,"featured_media":0,"comment_status":"open","ping_status":"closed","sticky":false,"template":"","format":"standard","meta":[],"categories":[2],"tags":[4,33,68,74,78,81,96,115,117,150,195,235,241,247,353,379,399,407,461,462,567,596,617,642,701,703,716,729,736,761,772,819,849,851,870,873,900],"_links":{"self":[{"href":"https:\/\/blogs.hoy.es\/desdelacofa\/wp-json\/wp\/v2\/posts\/193"}],"collection":[{"href":"https:\/\/blogs.hoy.es\/desdelacofa\/wp-json\/wp\/v2\/posts"}],"about":[{"href":"https:\/\/blogs.hoy.es\/desdelacofa\/wp-json\/wp\/v2\/types\/post"}],"author":[{"embeddable":true,"href":"https:\/\/blogs.hoy.es\/desdelacofa\/wp-json\/wp\/v2\/users\/43"}],"replies":[{"embeddable":true,"href":"https:\/\/blogs.hoy.es\/desdelacofa\/wp-json\/wp\/v2\/comments?post=193"}],"version-history":[{"count":0,"href":"https:\/\/blogs.hoy.es\/desdelacofa\/wp-json\/wp\/v2\/posts\/193\/revisions"}],"wp:attachment":[{"href":"https:\/\/blogs.hoy.es\/desdelacofa\/wp-json\/wp\/v2\/media?parent=193"}],"wp:term":[{"taxonomy":"category","embeddable":true,"href":"https:\/\/blogs.hoy.es\/desdelacofa\/wp-json\/wp\/v2\/categories?post=193"},{"taxonomy":"post_tag","embeddable":true,"href":"https:\/\/blogs.hoy.es\/desdelacofa\/wp-json\/wp\/v2\/tags?post=193"}],"curies":[{"name":"wp","href":"https:\/\/api.w.org\/{rel}","templated":true}]}}