{"id":204,"date":"2014-01-28T17:14:15","date_gmt":"2014-01-28T17:14:15","guid":{"rendered":"http:\/\/blogs.hoy.es\/desdelacofa\/?p=204"},"modified":"2014-01-28T17:14:15","modified_gmt":"2014-01-28T17:14:15","slug":"demasiados-accidentes-en-plasencia","status":"publish","type":"post","link":"https:\/\/blogs.hoy.es\/desdelacofa\/2014\/01\/28\/demasiados-accidentes-en-plasencia\/","title":{"rendered":"DEMASIADOS ACCIDENTES EN PLASENCIA"},"content":{"rendered":"<p><strong>DEMASIADOS ACCIDENTES DE TR\u00c1FICO EN PLASENCIA <\/strong><\/p>\n<p>&nbsp;<\/p>\n<p>La Capital placentina, viene sufriendo a\u00f1os tras a\u00f1os, demasiados accidentes de tr\u00e1fico dentro de su \u00e1rea urbana, sin que la autoridad municipal haya corregidos aquellos aspectos necesario para aumentar la seguridad vial de los ciudadanos. Es de se\u00f1alar, que la Polic\u00eda Municipal, es la competente integral en el tema de tr\u00e1fico dentro del t\u00e9rmino municipal.<\/p>\n<p>\u00a0\u00a0 Son muchos los accidentes con resultados de muerte, en una ciudad de 50.000 habitantes de hecho, todos ellos en distintos pasos de peatones de esta capital. No hace muchas fechas, en estas navidades de 2013, el \u00faltimo con resultado de muerte.<\/p>\n<p>\u00a0\u00a0 Todos estos accidentes en trama urbana y por tanto no \u00a0a velocidades alta, dado el flujo circulatorio, nos lleva a realizar un an\u00e1lisis, de las circunstancias que conllevan a tantos accidentes.<\/p>\n<p>\u00a0\u00a0 Existe preocupaci\u00f3n ciudadana por el temor al cruzar los pasos de cebra, todo ello en los ciudadanos conscientes, pero hay otros que piensan que quien ti\u00e9nen que parar por obligaci\u00f3n, es el veh\u00edculo. Ah\u00ed, est\u00e1 el tema en cuesti\u00f3n. La Ley de Circulaci\u00f3n y Seguridad Vial, obliga al conductor a detener el veh\u00edculo ante el paso del peat\u00f3n en el paso de cebra y al peat\u00f3n a no pasar hasta que el veh\u00edculo se haya detenido. Dos consideraciones importantes a tener en cuenta por ambos sujetos (conductor y peat\u00f3n).<\/p>\n<p>\u00a0\u00a0 Pero hay otros elementos coadyuvantes a la seguridad vial, como son una buena se\u00f1alizaci\u00f3n horizontal y vertical, sem\u00e1foros reguladores (cuando sea zona de intensidad circulatoria y peatonal) y sem\u00e1foros inteligentes espec\u00edficos, para pasos de peatones, iluminaci\u00f3n suficiente y complementaria (algunos pasos est\u00e1n en penumbra) y sobre todo una mayor vigilancia de\u00a0 prevenci\u00f3n para supervisi\u00f3n y cumplimiento de la Ley y Ordenanza Municipal de Tr\u00e1fico, por parte de la Polic\u00eda Municipal.<\/p>\n<p>\u00a0\u00a0 Este \u00faltimo elemento, imprescindible para el exacto cumplimiento de la Ley, es donde en la Capital placentina tiene un d\u00e9ficit. El ciudadano, no percibe la vigilancia\u00a0 presencial y est\u00e1tica de la Polic\u00eda, en\u00a0 aquellas calles y avenidas, que el estudio t\u00e9cnico de la polic\u00eda municipal, determine necesario, una mayor vigilancia de acuerdo a factores determinantes como pueden ser: Densidad de tr\u00e1fico en ciertos horarios, actividad comercial, sanitaria y escolar, Iluminaci\u00f3n, etc. Todo ello analizado t\u00e9cnicamente, nos llevar\u00e1 a prever dispositivos presenciales y\/o vigilancias que conlleven, una mayor supervisi\u00f3n y cumplimiento de la Ley de Seguridad Vial y dar mayor tranquilidad y seguridad al ciudadano.<\/p>\n<p>Es fundamental, la acci\u00f3n preventiva en una buena regulaci\u00f3n del tr\u00e1fico, por parte de la Polic\u00eda Municipal y no solo en campa\u00f1as informativas que tambi\u00e9n, sino al igual que hace con los controles preventivos sobre conducci\u00f3n bajo los efectos de estupefaciente y alcohol.<\/p>\n<p>\u00a0\u00a0 No pueden producirse m\u00e1s muertes de peatones en nuestra ciudad, al cruzar un sencillo paso de cebra en el deambular cotidiano de los ciudadanos. Es la Polic\u00eda Municipal, la que tiene que velar porque esto no se repita m\u00e1s y los peatones y conductores, sean m\u00e1s responsables en las v\u00edas urbanas y de circunvalaci\u00f3n.<\/p>\n<p>\u00a0\u00a0 La vigilancia de manera est\u00e1tica y disuasoria, ayudar\u00edan a ello. Desconocemos el porqu\u00e9 no se hace. Si fuese por carencia en la plantilla, podr\u00eda pasarse la competencia en las de circunvalaci\u00f3n a la Guardia Civil de Tr\u00e1fico.<\/p>\n<p>\u00a0\u00a0 El Ayuntamiento, tiene previsto con la Direcci\u00f3n General de Tr\u00e1fico, un Congreso en nuestra ciudad, sobre Seguridad Vial y que seguramente entre sus ponencias se trataran y analizaran en profundidad, todos estos accidentes ocurridos en los \u00faltimos tiempos en los pasos de peatones de la Capital placentina. Tambi\u00e9n, el tratamiento dado por otras ciudades ante estos accidentes y forma de evitarlos.<\/p>\n<p>\u00a0\u00a0 Las conclusiones de este Congreso, servir\u00e1n para poner en marcha los planes necesarios, que hagan posible una disminuci\u00f3n de estos accidentes urbanos, que tanto\u00a0 est\u00e1n preocupando a la ciudadan\u00eda.<\/p>\n<!-- AddThis Advanced Settings generic via filter on the_content --><!-- AddThis Share Buttons generic via filter on the_content -->","protected":false},"excerpt":{"rendered":"<p>DEMASIADOS ACCIDENTES DE TR\u00c1FICO EN PLASENCIA &nbsp; La Capital placentina, viene sufriendo a\u00f1os tras a\u00f1os, demasiados accidentes de tr\u00e1fico dentro de su \u00e1rea urbana, sin que la autoridad municipal haya corregidos aquellos aspectos necesario para aumentar la seguridad vial de los ciudadanos. Es de se\u00f1alar, que la Polic\u00eda Municipal, es la competente integral en el [&hellip;]<!-- AddThis Advanced Settings generic via filter on get_the_excerpt --><!-- AddThis Share Buttons generic via filter on get_the_excerpt --><\/p>\n","protected":false},"author":44,"featured_media":0,"comment_status":"open","ping_status":"closed","sticky":false,"template":"","format":"standard","meta":[],"categories":[2],"tags":[17,18,92,117,223,224,408,424,607,681,725,742,793,822,824,876,934],"_links":{"self":[{"href":"https:\/\/blogs.hoy.es\/desdelacofa\/wp-json\/wp\/v2\/posts\/204"}],"collection":[{"href":"https:\/\/blogs.hoy.es\/desdelacofa\/wp-json\/wp\/v2\/posts"}],"about":[{"href":"https:\/\/blogs.hoy.es\/desdelacofa\/wp-json\/wp\/v2\/types\/post"}],"author":[{"embeddable":true,"href":"https:\/\/blogs.hoy.es\/desdelacofa\/wp-json\/wp\/v2\/users\/44"}],"replies":[{"embeddable":true,"href":"https:\/\/blogs.hoy.es\/desdelacofa\/wp-json\/wp\/v2\/comments?post=204"}],"version-history":[{"count":0,"href":"https:\/\/blogs.hoy.es\/desdelacofa\/wp-json\/wp\/v2\/posts\/204\/revisions"}],"wp:attachment":[{"href":"https:\/\/blogs.hoy.es\/desdelacofa\/wp-json\/wp\/v2\/media?parent=204"}],"wp:term":[{"taxonomy":"category","embeddable":true,"href":"https:\/\/blogs.hoy.es\/desdelacofa\/wp-json\/wp\/v2\/categories?post=204"},{"taxonomy":"post_tag","embeddable":true,"href":"https:\/\/blogs.hoy.es\/desdelacofa\/wp-json\/wp\/v2\/tags?post=204"}],"curies":[{"name":"wp","href":"https:\/\/api.w.org\/{rel}","templated":true}]}}