{"id":206,"date":"2014-02-03T16:51:20","date_gmt":"2014-02-03T16:51:20","guid":{"rendered":"http:\/\/blogs.hoy.es\/desdelacofa\/?p=206"},"modified":"2014-02-03T16:51:20","modified_gmt":"2014-02-03T16:51:20","slug":"la-inseguridad-ciudadana-en-la-capital-placentina","status":"publish","type":"post","link":"https:\/\/blogs.hoy.es\/desdelacofa\/2014\/02\/03\/la-inseguridad-ciudadana-en-la-capital-placentina\/","title":{"rendered":"LA INSEGURIDAD CIUDADANA EN LA CAPITAL PLACENTINA"},"content":{"rendered":"<p><strong>LA INSEGURIDAD CIUDADANA EN LA CAPITAL PLACENTINA<\/strong><\/p>\n<p>&nbsp;<\/p>\n<p>\u00a0\u00a0 Estaba escribiendo un Post, para mi Blog en la tranquilidad de la Cofa, con un horizonte limpio y mucha visibilidad, cuando recibo la noticia de que un ciudadano y su hija de once meses, regresando en su veh\u00edculo y dentro de su garaje, es obligado por un delincuente, a punta de pistola, a subirlo a su coche y trasladar al delincuente a un lugar conocido en la Capital placentina como merenderos del camino de \u201cSan Polo\u201d, en las proximidades de la Presa de abastecimiento de agua.<\/p>\n<p>Llegados a este paraje y al bajarse el delincuente, el conductor aprovech\u00f3 el despiste y dando un fuerte aceler\u00f3n se distanci\u00f3. Momento que aprovech\u00f3 el delincuente para dispararle tres disparos, que dieron en la carrocer\u00eda del veh\u00edculo sin da\u00f1o a la persona.<\/p>\n<p>Hasta aqu\u00ed lo hechos. Pero los ciudadanos nos preguntamos,\u00bf Qu\u00e9 est\u00e1 pasando en nuestra ciudad?,\u00bf Qu\u00e9 es de la Seguridad Ciudadana?, \u00bf Qu\u00e9 est\u00e1n haciendo nuestras autoridades para reducir la inseguridad?, \u00bf C\u00f3mo es posible que los delincuentes tengan tanta impunidad?.<\/p>\n<p>\u00a0La ciudadan\u00eda, viene reiterando a trav\u00e9s de sus asociaciones vecinales, una mayor presencia policial a pi\u00e9 en los distintos Distritos en que se encuentra dividida la capital placentina.<\/p>\n<p>Ante esta reiterada petici\u00f3n, qu\u00e9 ha hecho nuestro Alcalde, como m\u00e1xima autoridad local; \u201cen el mes de enero hemos tenido siete robos en pisos particulares; entrada para robar en el Edificio M\u00faltiple del Gobierno de Extremadura; robo en dos colegios; muerte de un peat\u00f3n al cruzar \u00a0en un paso de cebra, etc, etc.\u201d Bueno, transmite tranquilidad y que la polic\u00eda est\u00e1 investigando.<\/p>\n<p>Dentro de poco nos anunciar\u00e1 la convocatoria de la Junta de Seguridad, como si \u00e9sta fuese la panacea de soluci\u00f3n al problema de seguridad que est\u00e1 viviendo la ciudadan\u00eda. Como si, a la sociedad civil, se la pudiese enga\u00f1ar convocando estas Juntas, que nacen y se desarrollan sin contenidos. Pues siempre tienen el mismo formato y llegan a las mismas soluciones. Pensando que con la simple convocatoria, reducen la sensaci\u00f3n de inseguridad de la ciudadan\u00eda.<\/p>\n<p>Estas juntas, se limitan a barajar, comparar y exponer, estad\u00edsticas que al compararlas con otras poblaciones, siempre salimos airosos. No hay inseguridad, \u201ceso es una cosa subjetiva de los ciudadanos\u201d. Los cuerpos policiales, est\u00e1n perfectamente coordinados, se hacen la foto y hasta la pr\u00f3xima. Que el ciudadano lo aguanta todo y no se acuerda de la anterior. Como si fu\u00e9semos idiotas vaya.<\/p>\n<p>Hasta tal punto llegan a ser inoperantes e ineficaces, que siempre repiten lo mismo y adem\u00e1s en nuestra ciudad, no invitan a las Asociaciones Vecinales, por si le son inc\u00f3modas en sus preguntas y argumentaciones. Se les llena a los pol\u00edticos la boca de Democracia, transparencia y participaci\u00f3n ciudadana y se quedan tan tranquilos.<\/p>\n<p>Adem\u00e1s, llevan a los representantes de la Fuerzas y Cuerpos de Seguridad del Estado y a la Polic\u00eda Municipal, para hacer un papel\u00f3n justificativo, <strong>ante sus Jefes pol\u00edticos<\/strong>, sin salirse del gui\u00f3n. Cuando son los t\u00e9cnicos y conocedores de la materia a tratar, con capacidad, juicio y rigor suficiente, dada su preparaci\u00f3n y alta profesionalidad.<\/p>\n<p>Pero, visto lo visto, intentar\u00e9 realizar un an\u00e1lisis objetivo, del porqu\u00e9 de esta inseguridad.<\/p>\n<p>Estos \u00faltimos incidentes, han ocurrido en el Distrito Centro y Distrito de la Data, pero podr\u00edan pasar en otros Distritos de la ciudad, sin lugar a dudas. Pues los condicionantes y la facilidad para ello, se dan de igual manera.<\/p>\n<p>Pero hagamos un an\u00e1lisis ponderado de c\u00f3mo est\u00e1 nuestra seguridad, en la Capital placentina:<\/p>\n<p>\u00a0\u00a0 1\u00ba.- La seguridad Ciudadana, es competencia exclusiva del Cuerpo Nacional de Polic\u00eda. Es decir, de la Comisar\u00eda de Plasencia.<\/p>\n<p>\u00a0\u00a0 2\u00ba.- Con \u00e9l, puede colaborar la Polic\u00eda Municipal. Teniendo en cuenta que este Cuerpo municipal, es competente exclusivo en el tr\u00e1fico urbano, polic\u00eda urbana, polic\u00eda administrativa en cuanto a velar por el cumplimiento de la Ordenanzas municipales.<\/p>\n<p>\u00a0\u00a0 3\u00ba.- La Guardia Civil, no tiene competencias urbanas, pero puede estar coordinada con la polic\u00eda nacional, en la persecuci\u00f3n de los delincuentes, en su demarcaci\u00f3n territorial y viceversa. Aunque en su \u00e1mbito territorial rural, es polic\u00eda integral. Adem\u00e1s tiene competencias, en Fronteras, Fiscal, Costas y Tr\u00e1fico.<\/p>\n<p>\u00a0\u00a0 4\u00ba.- La Delegaci\u00f3n del Gobierno, debe prestar la atenci\u00f3n suficiente para tener la plantillas de polic\u00eda nacional, acorde a las necesidades y configuraci\u00f3n de nuestra ciudad. Teniendo en cuenta, el flujo delincuencial del Norte de Extremadura y Plasencia como capital natural, siendo un nudo de comunicaciones importante del Oeste peninsular y eje que utiliza la delincuencia como corredor entre Madrid-Plasencia-Lisboa, por la l autov\u00eda auton\u00f3mica, A-1.<\/p>\n<p>Todos estos factores, deben tenerse en cuenta,\u00a0 para tener una plantilla acorde.<\/p>\n<p>\u00a0\u00a0 5\u00ba.- Es necesario el cambio de clasificaci\u00f3n de la Comisaria de Plasencia, debido a su carga de trabajo en su operativa funcional. Con la actual clasificaci\u00f3n no puede ser dotada de m\u00e1s medios operativos, que son necesarios para prestar un mejor servicio y atenci\u00f3n a los ciudadanos.<\/p>\n<p>Este cambio de clasificaci\u00f3n, conllevar\u00eda el cubrir la vacante de Comisario, como Mando superior de la misma, as\u00ed como completar las Brigadas operativas (Informaci\u00f3n, Seguridad Ciudadana, Polic\u00eda Judicial, Polic\u00eda Cient\u00edfica y Extranjer\u00eda y Documentaci\u00f3n). Todas ellas operando, ayudar\u00edan a mejorar la eficacia y aumentar la seguridad.<\/p>\n<p>La Brigada de Seguridad Ciudadana, la que mayor contacto tiene con los ciudadanos, debe tener la plantilla suficiente que pueda cubrir los tres turnos y pueda estar desplegada en los cinco Distritos en que se divide la ciudad. Con patrullas a pi\u00e9, desplegadas en ma\u00f1ana, tarde y noche. Apoyada con los medios m\u00f3viles necesarios para atender las urgencias que demande la ciudadan\u00eda.<\/p>\n<p>Todo este an\u00e1lisis, lo hago desde una distancia, reposada y rigurosa una vez pasados los hechos que nos ocupan. Pensando m\u00e1s, en la prevenci\u00f3n y para ganar en seguridad.<\/p>\n<p>Pero entiendo que desde una posici\u00f3n ciudadana, los responsables pol\u00edticos, tienen que atender esta demanda, que no solucionar\u00e1 el problema delincuencial (seguridad al 100%, es imposible), pero ayudar\u00e1 a minorarlo. Y sobre todo crear en la ciudadan\u00eda, una sensaci\u00f3n de seguridad que ahora no tenemos.<\/p>\n<p>&nbsp;<\/p>\n<p>&nbsp;<\/p>\n<p>&nbsp;<\/p>\n<p>&nbsp;<\/p>\n<p>&nbsp;<\/p>\n<p>&nbsp;<\/p>\n<p>&nbsp;<\/p>\n<!-- AddThis Advanced Settings generic via filter on the_content --><!-- AddThis Share Buttons generic via filter on the_content -->","protected":false},"excerpt":{"rendered":"<p>LA INSEGURIDAD CIUDADANA EN LA CAPITAL PLACENTINA &nbsp; \u00a0\u00a0 Estaba escribiendo un Post, para mi Blog en la tranquilidad de la Cofa, con un horizonte limpio y mucha visibilidad, cuando recibo la noticia de que un ciudadano y su hija de once meses, regresando en su veh\u00edculo y dentro de su garaje, es obligado por [&hellip;]<!-- AddThis Advanced Settings generic via filter on get_the_excerpt --><!-- AddThis Share Buttons generic via filter on get_the_excerpt --><\/p>\n","protected":false},"author":44,"featured_media":0,"comment_status":"open","ping_status":"closed","sticky":false,"template":"","format":"standard","meta":[],"categories":[2],"tags":[],"_links":{"self":[{"href":"https:\/\/blogs.hoy.es\/desdelacofa\/wp-json\/wp\/v2\/posts\/206"}],"collection":[{"href":"https:\/\/blogs.hoy.es\/desdelacofa\/wp-json\/wp\/v2\/posts"}],"about":[{"href":"https:\/\/blogs.hoy.es\/desdelacofa\/wp-json\/wp\/v2\/types\/post"}],"author":[{"embeddable":true,"href":"https:\/\/blogs.hoy.es\/desdelacofa\/wp-json\/wp\/v2\/users\/44"}],"replies":[{"embeddable":true,"href":"https:\/\/blogs.hoy.es\/desdelacofa\/wp-json\/wp\/v2\/comments?post=206"}],"version-history":[{"count":0,"href":"https:\/\/blogs.hoy.es\/desdelacofa\/wp-json\/wp\/v2\/posts\/206\/revisions"}],"wp:attachment":[{"href":"https:\/\/blogs.hoy.es\/desdelacofa\/wp-json\/wp\/v2\/media?parent=206"}],"wp:term":[{"taxonomy":"category","embeddable":true,"href":"https:\/\/blogs.hoy.es\/desdelacofa\/wp-json\/wp\/v2\/categories?post=206"},{"taxonomy":"post_tag","embeddable":true,"href":"https:\/\/blogs.hoy.es\/desdelacofa\/wp-json\/wp\/v2\/tags?post=206"}],"curies":[{"name":"wp","href":"https:\/\/api.w.org\/{rel}","templated":true}]}}