{"id":207,"date":"2014-02-20T17:06:52","date_gmt":"2014-02-20T17:06:52","guid":{"rendered":"http:\/\/blogs.hoy.es\/desdelacofa\/?p=207"},"modified":"2014-02-20T17:06:52","modified_gmt":"2014-02-20T17:06:52","slug":"el-turismo-en-plasencia","status":"publish","type":"post","link":"https:\/\/blogs.hoy.es\/desdelacofa\/2014\/02\/20\/el-turismo-en-plasencia\/","title":{"rendered":"El turismo en Plasencia, una oportunidad para la ciudad"},"content":{"rendered":"<div id=\"attachment_209\" style=\"width: 560px\" class=\"wp-caption aligncenter\"><a href=\"\/desdelacofa\/wp-content\/uploads\/sites\/32\/2014\/02\/turismoplasencia.jpg\"><img aria-describedby=\"caption-attachment-209\" loading=\"lazy\" class=\"size-full wp-image-209\" title=\"Turistas en Plasencia.\" src=\"\/desdelacofa\/wp-content\/uploads\/sites\/32\/2014\/02\/turismoplasencia.jpg\" alt=\"Turistas en Plasencia.\" width=\"550\" height=\"369\" srcset=\"https:\/\/static-blogs.hoy.es\/wp-content\/uploads\/sites\/32\/2014\/02\/turismoplasencia.jpg 550w, https:\/\/static-blogs.hoy.es\/wp-content\/uploads\/sites\/32\/2014\/02\/turismoplasencia-300x201.jpg 300w\" sizes=\"(max-width: 550px) 100vw, 550px\" \/><\/a><p id=\"caption-attachment-209\" class=\"wp-caption-text\">Turistas en Plasencia.<\/p><\/div>\n<p>El <strong>Ayuntamiento de Plasencia<\/strong> y, en particular la Concejal\u00eda de Turismo, est\u00e1 haciendo un gran esfuerzo para que el turismo que visita la capital placentina <strong>siga en aumento<\/strong>.<\/p>\n<p>En estos momentos de crisis econ\u00f3mica el sector turismo puede ser tabla de salvaci\u00f3n para reducir el desempleo. Para ello, hace falta, definir ante los operadores tur\u00edsticos el destino <strong>\u201cPlasencia, Norte de Extremadura\u201d<\/strong>, como paquete conjunto de turismo.<\/p>\n<p>Los pasos dado por el alcalde de la capital placentina, con la creaci\u00f3n de la Asociaci\u00f3n tur\u00edstica \u201cNorte de Extremadura\u201d, a la que pertenecen todas las Comarcas que conforman Plasencia, es un revulsivo para dar a conocer este potencial tur\u00edstico.<\/p>\n<p>Ha sido en <strong>FITUR<\/strong>, donde se dio a conocer esta Asociaci\u00f3n, y donde los tour-operadores, toman nota para definir sus rutas tur\u00edsticas e informar a las cadenas de Agencias de Viajes.<\/p>\n<p>La capital placentina y las ocho Comarcas que la conforman, gozan de historia, cultura, monumentos y naturaleza suficiente para ser destino definido\u00a0 dentro del\u00a0 sector de turismo de interior.<\/p>\n<p>Tenemos muy pr\u00f3xima la <strong>magna exposici\u00f3n de las \u201cEdades del Hombre\u201d<\/strong>, posiblemente para <strong>2016, con Plasencia y B\u00e9jar como destinatarias.<\/strong><\/p>\n<p>Contamos con un <strong>Parque Nacional,<\/strong> \u201cMonfrag\u00fce\u201d,a menos de 20km de la capital placentina. Comarcas como Sierra de Gata, Las Hurdes, Valle del\u00a0 Ambr\u00f3z, Valle de Plasencia, La Vera de Plasencia, Campo Ara\u00f1uelo, todas ellas con innumerables pueblos\u00a0 que conservan su tipismo y costumbres ancestrales; cargadas de historia y conservaci\u00f3n de la naturaleza.<\/p>\n<p>Ciudades hist\u00f3ricas como Plasencia y Coria. Ambas con sedes catedralicias y que forman parte del itinerario dentro de la ruta de <strong>Amigos de las Catedrales de Espa\u00f1a<\/strong> formado por: Madrid, \u00c1vila, Segovia, Toledo, Salamanca, Ciudad Rodrigo, Coria y Plasencia.<\/p>\n<p>La capital placentina tiene por s\u00ed sola monumentalidad suficiente en su centro hist\u00f3rico-medieval. Tanto con los monumentos de car\u00e1cter religioso como de car\u00e1cter civil (palacios, casas se\u00f1oriales), que todav\u00eda lucen y conforman el trazado urbano medieval.<\/p>\n<p>Todo ello, unido a ser la <strong>capital natural de todas las Comarcas que la circundan<\/strong> y a muy pocos kil\u00f3metros de la ciudad (a no m\u00e1s de 45Km.,se encuentra el punto m\u00e1s lejano), nos encontramos con un destino tur\u00edstico de naturaleza y monumental de primer orden.<\/p>\n<p>Pero para poder atender y fijar este flujo tur\u00edstico, <strong>la ciudad necesita de unos \u00a0retoques<\/strong>, que hagan que el turista quiera visitarla.<\/p>\n<p>Tenemos que mejorar nuestra infraestructura tur\u00edstica, en los s<span style=\"text-decoration: underline;\"><strong>iguientes elementos necesarios para su proyecci\u00f3n<\/strong><\/span>:<\/p>\n<p>1\u00ba.- Los <strong>Museos<\/strong> tiene que estar abiertos todos los d\u00edas (ma\u00f1ana y tarde), excepto los Lunes, como en el resto de ciudades tur\u00edsticas.<\/p>\n<p>2\u00ba.- <strong>Horario<\/strong> homog\u00e9neo en todos los monumentos.<\/p>\n<p>3\u00ba.- Abrir tambi\u00e9n las <strong>Iglesias<\/strong> de inter\u00e9s hist\u00f3rico-cultural.<\/p>\n<p>4\u00ba.- El principal monumento de la ciudad, las <strong>Catedrales<\/strong>. Solo en ellas se pueden dise\u00f1ar hasta cinco itinerarios de visita diferentes. Pero no vale decirlo, hay que ponerlo en funcionamiento.<\/p>\n<p>5\u00ba.- Las <strong>murallas<\/strong> gozan de especial atenci\u00f3n entre los turistas. Hay\u00a0 muy pocos tramos de ellas que pueden ser visitables.<\/p>\n<p>Lleva dos a\u00f1os en obras, y a\u00fan no est\u00e1 abierto, el tramo desde el enlosado y la Ermita de la Salud. La Asociaci\u00f3n \u201c<strong>Amigos de las Catedrales y Patrimonio de Plasencia<\/strong>\u201d, propuso el darle continuidad por debajo de la Salud y pasar al tramo de muralla de la C\/ Eulogio Gonz\u00e1lez.<\/p>\n<p>El tramo <strong>Puerta Berrozana \u2013 Ronda del Salvador (Postigo)<\/strong>, hay que ponerlo en valor, separ\u00e1ndolos de las propiedades particulares que la han tomado como suya.<\/p>\n<p>Puesta en valor del lienzo trasero al Colegio de la Salle y \u00faltimos cubos que conectaban con el\u00a0 Alcazar.<\/p>\n<p>7\u00ba.- Es importante el poner en funcionamiento el<strong> Museo Catedralicio<\/strong> y\/o Diocesano. Solamente la colecci\u00f3n de libros corales ( m\u00e1s de cien), es por s\u00ed sola la mayor de toda Espa\u00f1a, digna de ser conocida. Este conjunto de libros corales fue puesto en valor e inventariado, en la primera Semana de M\u00fasica Religiosa de Plasencia.<\/p>\n<p>8\u00ba.- La capital placentina necesita que se la dote de un <strong>Museo Arqueol\u00f3gico<\/strong>, de acuerdo con la legislaci\u00f3n vigente para este tipo de instalaciones, que deben servir no solo para las visitas tur\u00edsticas, sino para recoger todos los restos arqueol\u00f3gicos que se encuentren en el Norte de Extremadura y en la propia ciudad, que son muchos y se encuentran en almacenes municipales y del museo provincial, sin posibilidad de ser expuesto para conocimiento de nuestro pasado, investigaci\u00f3n de los estudiosos y que adem\u00e1s pueda documentar y fijar, todos aquellos yacimientos que se descubran en las comarcas que conforman Plasencia.<\/p>\n<p>9\u00ba.- La <strong>iluminaci\u00f3n monumental<\/strong> es fundamental para los itinerarios nocturnos de la ciudad medieval. Toda la iluminaci\u00f3n vertical de la muralla, Puertas de la ciudad, Plaza de la Torre Luc\u00eda (circundante al convento de los Jesuitas, actual UNED), Catedral y Acueducto, se encuentra deteriorada, inutilizada y sin poder cumplir la misi\u00f3n para la que se instal\u00f3. La sensaci\u00f3n para el turista, es de estado de abandono por parte de los responsables municipales.<\/p>\n<p>La iluminaci\u00f3n de volumen del resto de monumentos dejan mucho que desear. No se hace mantenimiento de las mismas y por consiguiente dejan de cumplir su misi\u00f3n lum\u00ednica.<\/p>\n<p>10\u00ba.- La <strong>se\u00f1alizaci\u00f3n de los accesos<\/strong> por carretera, son muy deficientes, producen confusi\u00f3n y despistes. La se\u00f1alizaci\u00f3n interior tampoco cumple. Todos nos hemos encontrado con turistas perdidos por la ciudad por falta de la m\u00e1s elemental se\u00f1alizaci\u00f3n.<\/p>\n<p>Todo este dec\u00e1logo, junto con la <strong>instalaci\u00f3n de una \u201cC\u00e1mara Oscura\u201d<\/strong> en una de las <strong>Torres<\/strong> de la ciudad monumental, ayudar\u00eda a fijar el turismo en la ciudad y aumentar las pernoctaciones dado que tienen suficientes cosas que ver. Todo este sector emergente, que dinamizar\u00eda la econom\u00eda local, deber\u00eda ser dirigido dentro del\u00a0 Ayuntamiento, por un T\u00e9cnico de Turismo para dise\u00f1o, supervisi\u00f3n y planificaci\u00f3n de un Plan de Turismo para la ciudad.<\/p>\n<p>El concejal debe impulsar a nivel pol\u00edtico todo aquello que la ciudad quiera que sea el turismo como \u00a0motor de desarrollo. La pulsera tur\u00edstica que acaba de anunciar el concejal ser\u00eda un elemento unificador para la visita de la ciudad en su conjunto. La ciudad tiene potencial monumental suficiente.<\/p>\n<p>&nbsp;<\/p>\n<!-- AddThis Advanced Settings generic via filter on the_content --><!-- AddThis Share Buttons generic via filter on the_content -->","protected":false},"excerpt":{"rendered":"<p>El Ayuntamiento de Plasencia y, en particular la Concejal\u00eda de Turismo, est\u00e1 haciendo un gran esfuerzo para que el turismo que visita la capital placentina siga en aumento. En estos momentos de crisis econ\u00f3mica el sector turismo puede ser tabla de salvaci\u00f3n para reducir el desempleo. Para ello, hace falta, definir ante los operadores tur\u00edsticos [&hellip;]<!-- AddThis Advanced Settings generic via filter on get_the_excerpt --><!-- AddThis Share Buttons generic via filter on get_the_excerpt --><\/p>\n","protected":false},"author":44,"featured_media":0,"comment_status":"open","ping_status":"closed","sticky":false,"template":"","format":"standard","meta":[],"categories":[2],"tags":[],"_links":{"self":[{"href":"https:\/\/blogs.hoy.es\/desdelacofa\/wp-json\/wp\/v2\/posts\/207"}],"collection":[{"href":"https:\/\/blogs.hoy.es\/desdelacofa\/wp-json\/wp\/v2\/posts"}],"about":[{"href":"https:\/\/blogs.hoy.es\/desdelacofa\/wp-json\/wp\/v2\/types\/post"}],"author":[{"embeddable":true,"href":"https:\/\/blogs.hoy.es\/desdelacofa\/wp-json\/wp\/v2\/users\/44"}],"replies":[{"embeddable":true,"href":"https:\/\/blogs.hoy.es\/desdelacofa\/wp-json\/wp\/v2\/comments?post=207"}],"version-history":[{"count":0,"href":"https:\/\/blogs.hoy.es\/desdelacofa\/wp-json\/wp\/v2\/posts\/207\/revisions"}],"wp:attachment":[{"href":"https:\/\/blogs.hoy.es\/desdelacofa\/wp-json\/wp\/v2\/media?parent=207"}],"wp:term":[{"taxonomy":"category","embeddable":true,"href":"https:\/\/blogs.hoy.es\/desdelacofa\/wp-json\/wp\/v2\/categories?post=207"},{"taxonomy":"post_tag","embeddable":true,"href":"https:\/\/blogs.hoy.es\/desdelacofa\/wp-json\/wp\/v2\/tags?post=207"}],"curies":[{"name":"wp","href":"https:\/\/api.w.org\/{rel}","templated":true}]}}