{"id":210,"date":"2014-03-07T17:54:18","date_gmt":"2014-03-07T17:54:18","guid":{"rendered":"http:\/\/blogs.hoy.es\/desdelacofa\/?p=210"},"modified":"2014-03-07T17:54:18","modified_gmt":"2014-03-07T17:54:18","slug":"huertas-de-la-isla-problema-municipal","status":"publish","type":"post","link":"https:\/\/blogs.hoy.es\/desdelacofa\/2014\/03\/07\/huertas-de-la-isla-problema-municipal\/","title":{"rendered":"HUERTAS DE LA ISLA. PROBLEMA MUNICIPAL"},"content":{"rendered":"<p><strong>HUERTAS\u00a0 DE LA\u00a0 ISLA. PROBLEMA MUNICIPAL <\/strong><\/p>\n<p>&nbsp;<\/p>\n<p>\u00a0\u00a0 No deja de ser un fiasco la reuni\u00f3n mantenida en el Ministerio de Hacienda por la comisi\u00f3n municipal formada por t\u00e9cnicos y pol\u00edticos, presidida por el Alcalde, para pedir al ministerio elevar el techo de deuda que por otra parte la Ley limita.<\/p>\n<p>\u00a0\u00a0 Toda esta puesta en escena, comenz\u00f3 con declaraciones del propio Alcalde en el mes de Diciembre a los medios de comunicaci\u00f3n de la capital placentina, inform\u00e1ndoles que el 10 de Enero, ser\u00eda recibido por el Ministro de Hacienda, para estudiar el problema derivado de las sentencias condenatorias contra el Ayuntamiento, para pagar a los propietarios de las Huertas de la Isla, unos 40 millones de Euros.<\/p>\n<p>\u00a0\u00a0 Pero, donde est\u00e1 el fiasco a esta informaci\u00f3n. Pues que el Alcalde quiere hacer ver a la ciudadan\u00eda, que el Ministro le recibe despu\u00e9s de haber mantenido conversaciones directas con \u00e9l, en otros actos oficiales y tambi\u00e9n por llamadas telef\u00f3nicas. Y adem\u00e1s el propio Ministro Sr. Montoro, est\u00e1 interesado en ayudar a resolver el grave problema que tiene este Ayuntamiento.<\/p>\n<p>\u00a0\u00a0 En los primeros d\u00edas de Enero, el propio Alcalde, cambia el mensaje a la ciudadan\u00eda, diciendo que se mantiene la reuni\u00f3n en el Ministerio para el d\u00eda 10 de Enero. Pero ya no dice con el ministro sino en el ministerio. Qu\u00e9 curioso, verdad.<\/p>\n<p>\u00a0\u00a0 El d\u00eda 10 se celebra la reuni\u00f3n sin decir a la ciudadan\u00eda con quien, pero nada m\u00e1s finalizada y a demanda de los medios, informa que la reuni\u00f3n hab\u00eda sido muy positiva y sal\u00eda de ella muy satisfecho. Sin dar m\u00e1s detalles.<\/p>\n<p>\u00a0\u00a0 Posteriormente los medios se informan por sus fuentes y comunican que a la reuni\u00f3n citada, hab\u00edan asistido los t\u00e9cnicos municipales (Secretario, Interventor y Asesor Jur\u00eddico) , junto con el edil de Hacienda y el propio Alcalde. Ampl\u00edan, diciendo que el Ministerio en principio se resiste al incumplimiento de la Ley de estabilidad presupuestaria y que una vez estudiado el problema emitir\u00e1 un informe para la viabilidad econ\u00f3mica del Ayuntamiento.<\/p>\n<p>\u00a0\u00a0 En eso ha quedado esa importante reuni\u00f3n, es decir humo, humo y m\u00e1s humo, que le haga ganar tiempo y que los propietarios tomen nota de que el ministro est\u00e1 en el asunto.<\/p>\n<p>\u00a0\u00a0 La sociedad civil, asiste estupefacta ante este ninguneo del Alcalde, que no hace m\u00e1s que vender humo para solucionar este problema. Se sac\u00f3 de la manga las Torres y ya est\u00e1 reculando con nuevas modificaciones en el Plan de Urbanismo, que con tantos cambios nunca llegar\u00e1 a ser aprobado.<\/p>\n<p>No hace caso a las propuestas de los ciudadanos y cuando se da cuenta de ello, empieza a cambiar el discurso. Como si los ciudadanos fu\u00e9semos bobos y no nos di\u00e9semos cuenta de tanta improvisaci\u00f3n.<\/p>\n<p>Tampoco es lo suficientemente riguroso para exigir al Ministro que tiene que recibir al Alcalde de Plasencia, que representa a la ciudad y posteriormente deben reunirse \u00a0las comisiones t\u00e9cnicas del ministerio \u00a0con la placentina para encauzar el problema.<\/p>\n<p>Solo queremos recordar que el gran y recordado alcalde de la ciudad,\u00a0\u00a0\u00a0\u00a0\u00a0\u00a0\u00a0\u00a0\u00a0\u00a0\u00a0<\/p>\n<p>D. Juan Francisco Serrano Pino, cuando acud\u00eda a un ministerio era recibido por el Ministro y despu\u00e9s para concretar y detallar lo comentado en la audiencia con el ministro, se reun\u00edan las comisiones si fuese necesario.<\/p>\n<p>En este caso que nos ocupa, detectamos los ciudadanos, que la cosa no ha sido as\u00ed, que nuestro Alcalde no tiene la suficiente influencia para ser recibido por el Sr. Montoro. Aunque \u00e9l vende que as\u00ed ha sido. Luego que los medios\u00a0 le han insinuado, que precise la informaci\u00f3n dada, la cambia por pasiva:\u201dreunidas las dos comisiones en el ministerio\u201d.<\/p>\n<p>Pasado unos d\u00edas y a pregunta de la prensa, informa, que ya han remitido los informes pedidos por el ministerio. Luego en esa reuni\u00f3n de ambas comisiones, no se aport\u00f3 documentaci\u00f3n alguna, fue despu\u00e9s cuando se les remiti\u00f3 los informes t\u00e9cnicos. Entonces, \u00bfpara que sirvi\u00f3 la reuni\u00f3n?, \u00bfQu\u00e9 intenta el Alcalde transmitir?. El Tribunal ya habl\u00f3 y los propietarios tambi\u00e9n.<\/p>\n<p>Ante estas maniobras de distracci\u00f3n, la ciudadan\u00eda se muestra inquieta y preocupada ante estos cambios informativos procedentes de la alcald\u00eda. Los ciudadanos ya le han dado su aportaci\u00f3n en las alegaciones masivas de un no, a las Torres y un s\u00ed, a otros espacios que el Plan de Urbanismo tiene previsto para el desarrollo de la ciudad.<\/p>\n<!-- AddThis Advanced Settings generic via filter on the_content --><!-- AddThis Share Buttons generic via filter on the_content -->","protected":false},"excerpt":{"rendered":"<p>HUERTAS\u00a0 DE LA\u00a0 ISLA. PROBLEMA MUNICIPAL &nbsp; \u00a0\u00a0 No deja de ser un fiasco la reuni\u00f3n mantenida en el Ministerio de Hacienda por la comisi\u00f3n municipal formada por t\u00e9cnicos y pol\u00edticos, presidida por el Alcalde, para pedir al ministerio elevar el techo de deuda que por otra parte la Ley limita. \u00a0\u00a0 Toda esta puesta [&hellip;]<!-- AddThis Advanced Settings generic via filter on get_the_excerpt --><!-- AddThis Share Buttons generic via filter on get_the_excerpt --><\/p>\n","protected":false},"author":44,"featured_media":0,"comment_status":"open","ping_status":"closed","sticky":false,"template":"","format":"standard","meta":[],"categories":[2],"tags":[],"_links":{"self":[{"href":"https:\/\/blogs.hoy.es\/desdelacofa\/wp-json\/wp\/v2\/posts\/210"}],"collection":[{"href":"https:\/\/blogs.hoy.es\/desdelacofa\/wp-json\/wp\/v2\/posts"}],"about":[{"href":"https:\/\/blogs.hoy.es\/desdelacofa\/wp-json\/wp\/v2\/types\/post"}],"author":[{"embeddable":true,"href":"https:\/\/blogs.hoy.es\/desdelacofa\/wp-json\/wp\/v2\/users\/44"}],"replies":[{"embeddable":true,"href":"https:\/\/blogs.hoy.es\/desdelacofa\/wp-json\/wp\/v2\/comments?post=210"}],"version-history":[{"count":0,"href":"https:\/\/blogs.hoy.es\/desdelacofa\/wp-json\/wp\/v2\/posts\/210\/revisions"}],"wp:attachment":[{"href":"https:\/\/blogs.hoy.es\/desdelacofa\/wp-json\/wp\/v2\/media?parent=210"}],"wp:term":[{"taxonomy":"category","embeddable":true,"href":"https:\/\/blogs.hoy.es\/desdelacofa\/wp-json\/wp\/v2\/categories?post=210"},{"taxonomy":"post_tag","embeddable":true,"href":"https:\/\/blogs.hoy.es\/desdelacofa\/wp-json\/wp\/v2\/tags?post=210"}],"curies":[{"name":"wp","href":"https:\/\/api.w.org\/{rel}","templated":true}]}}