{"id":302,"date":"2016-06-14T12:06:46","date_gmt":"2016-06-14T12:06:46","guid":{"rendered":"http:\/\/blogs.hoy.es\/desdelacofa\/?p=302"},"modified":"2016-06-14T12:06:46","modified_gmt":"2016-06-14T12:06:46","slug":"junta-de-seguridad-para-coordinar-dispositivo-contra-incendios-en-area-periurbana-de-plasencia","status":"publish","type":"post","link":"https:\/\/blogs.hoy.es\/desdelacofa\/2016\/06\/14\/junta-de-seguridad-para-coordinar-dispositivo-contra-incendios-en-area-periurbana-de-plasencia\/","title":{"rendered":"JUNTA DE SEGURIDAD PARA COORDINAR DISPOSITIVO CONTRA INCENDIOS EN \u00c1REA PERIURBANA DE PLASENCIA"},"content":{"rendered":"<p align=\"center\"><strong>JUNTA DE SEGURIDAD PARA COORDINAR DISPOSITIVO CONTRA INCENDIOS EN \u00c1REA PERIURBANA DE PLASENCIA.<\/strong><\/p>\n<p><strong>\u00a0<\/strong><\/p>\n<p><strong>*Solo con medios policiales locales ser\u00e1 muy dif\u00edcil.<\/strong><\/p>\n<p><strong>*Tanto la Comisar\u00eda de Polic\u00eda como la Compa\u00f1\u00eda de la Guardia Civil carecen de unidades especializadas de apoyo.<\/strong><\/p>\n<p><strong>*El Helic\u00f3ptero que proporciona la Guardia Civil es desproporcionado para este operativo tan concreto y limitado. <\/strong><\/p>\n<p>&nbsp;<\/p>\n<p>Iniciamos esta nueva singladura por un mar un poco revuelto, yo dir\u00eda con marejada, dada la cantidad de veces que hemos sufrido en los alrededores de la Capital placentina estos incendios provocados por pir\u00f3manos, y que han puesto en grave riesgo las viviendas lim\u00edtrofes a \u00e9stas \u00e1reas urbanas y a sus residentes.<\/p>\n<p>Pero los ciudadanos nos preguntamos, \u00bfpara qu\u00e9 sirven estas reuniones?. Si siempre acuerdan lo mismo, coordinarse; pero nunca se coordinan. Nos referimos a las Fuerzas y Cuerpos de Seguridad del Estado (FCSE) y la Polic\u00eda Municipal. M\u00e1s de lo mismo y nada sorprendente, pues dicen al final siempre lo mismo.<\/p>\n<p>Pero en esta ocasi\u00f3n,\u00a0 \u201cha saltado la noticia\u201d: Cien agentes participar\u00e1n a diario en este dispositivo contra incendio, pertenecientes a la Polic\u00eda Nacional, Guardia Civil, Polic\u00eda Municipal y Protecci\u00f3n Civil, m\u00e1s el apoyo \u201cinestimable\u201d de un helic\u00f3ptero de la Benem\u00e9rita que, al igual que a los agricultores para que no les roben sus herramientas de trabajo y sus cosechas, volar\u00eda una vez a la semana, de d\u00eda y seguro que a media ma\u00f1ana para poder regresar a tiempo a su base, porque de noche no es operativo por no disponer de instrumental de vuelo para ello.<\/p>\n<p>Y as\u00ed se quedan tan \u201cpanchos\u201d la Delegada del Gobierno y el Alcalde de Plasencia, al explicarlo en rueda de prensa.<\/p>\n<p>Bien es verdad que el Alcalde, mejor conocedor del pa\u00f1o, no detall\u00f3 nada y sali\u00f3 como pudo de la pregunta de un periodista incisivo, sobre de d\u00f3nde saldr\u00e1n los cien agentes diarios.<\/p>\n<p>Pero el Alcalde, que de esto de no decir nada pero\u00a0 hablar mucho se le da muy bien, sali\u00f3 como\u00a0 pudo del embrollo sin aclarar de d\u00f3nde. Se le ocurri\u00f3 que \u201csumando todas las plantillas\u201d. Y desde esta Cofa le a\u00f1adimos: Y el apuntador y los mec\u00e1nicos de vuelo y tierra de la base de helic\u00f3ptero y las Planas Mayores de las FCSE y los funcionarios de la Delegaci\u00f3n del Gobierno, pues concluimos que son unos cien.<\/p>\n<p>As\u00ed queda muy bien para la prensa y para la opini\u00f3n p\u00fablica placentina que como no se enteran de nada, da igual.\u00a0 La Delegada es mucho delegada y el Alcalde mucho alcalde.<\/p>\n<p>Luego explican lo de la coordinaci\u00f3n entre las FCSE y Polic\u00eda Municipal, que es como siempre, es decir, no hay coordinaci\u00f3n alguna seg\u00fan apuntamos en otra ocasi\u00f3n recibiendo informaci\u00f3n de fuentes policiales a esta Cofa. Lo dicen siempre para quedar bien ante la opini\u00f3n p\u00fablica, pero la realidad es que cada Cuerpo marcha por su lado y operan independientemente. Lo repiten como un mantra y piensan que hablando en \u201cpolitiqu\u00e9\u201d, los placentinos no se enteran y ellos quedan pol\u00edticamente correctos, que es solo lo que buscan con estas Juntas de Seguridad. Los Funcionarios se prestan a participar porque no tienen otro remedio, y a florear que es primavera.<\/p>\n<p>Y alguien de la dotaci\u00f3n pregunta al de la Cofa que lo ve todo mejor, \u00bfqu\u00e9 papel es el de la Delegada?. Buena pregunta, navegante. Nada, viene\u00a0 a presidir, muy floreada, y a leernos unas estad\u00edsticas de lo segura que es la Ciudad porque solo hay una media de tres denuncias diarias en Comisar\u00eda. Y\u2026 como cuando habla no se la entiende nada, pues queda muy bien y \u201cque pasen buenas Ferias\u201d. Aqu\u00ed paz y despu\u00e9s gloria; fotos, titulares y regreso a Badajoz.<\/p>\n<p>Si seguimos los postulados y consejos de la Delegada, pues pod\u00edamos reducir la plantilla de Polic\u00eda Nacional, dada la mucha seguridad de que goza la capital placentina, \u201cla mejor de Espa\u00f1a\u201d y dejarla como testimonial a este sufrido Cuerpo que tiene las competencias totales de Seguridad en nuestra Ciudad.<\/p>\n<p>En cambio no se trata en la Junta de Seguridad lo dif\u00edcil que es para las FCSE cualquier dispositivo mantenido en el tiempo, dado el d\u00e9ficit de plantilla que sufren ambos Cuerpos, sin que se resientan los servicios que hay que mantener\u00a0 aparte de este para contra incendio. A la propia Polic\u00eda Nacional, le es imposible mantener patrullas a pi\u00e9 de Seguridad ciudadana por los Distritos de la Ciudad por\u00a0 falta de agentes. Que la Comisar\u00eda carece de Brigada de Informaci\u00f3n que tanto apoyar\u00eda con los Elementos Esenciales de Informaci\u00f3n para el despliegue de sus unidades con informaci\u00f3n precisa de la situaci\u00f3n. Tampoco la Brigada de Polic\u00eda Judicial est\u00e1 lo suficientemente dotada y est\u00e1 siempre saturada de asuntos de investigaci\u00f3n para esclarecer los delitos y apoyo judicial, que hacen imposible un trabajo de investigaci\u00f3n y seguimiento ordenados.<\/p>\n<p>De todo ello no se le informa a la Delegada; que la Comisar\u00eda de Plasencia necesita\u00a0 que se la reclasifique para poder recibir mayores dotaciones,\u00a0 y sea dirigida por un Mando del empleo de Comisario, como ya lo tuvo y tan buenos resultado dio para la operativa de la misma.<\/p>\n<p>Sobre la Guardia Civil, la Compa\u00f1\u00eda de Plasencia tiene muy limitados sus efectivos, carente de Unidad de Seguridad ciudadana e Informaci\u00f3n, no tener reforzado su Grupo de Polic\u00eda Judicial y SEPRONA. Ya me dir\u00e1n como contribuir en la parte que le corresponda a mantener cien agentes diario a un solo dispositivo contra incendios. Por eso se sacan de la manga el helic\u00f3ptero. Llama la atenci\u00f3n verdad.<\/p>\n<p>Pero no todo queda aqu\u00ed, se han dado cuenta que el m\u00e1ximo responsable del Cuerpo de Polic\u00eda Municipal, el Intendente jefe, no aparece en la \u00a0reuni\u00f3n. Qu\u00e9 asunto de m\u00e1s importancia le retiene para no poder asistir y que su Jefe el Alcalde si asiste. \u00bfQu\u00e9 es lo que est\u00e1 pasando con el Intendente? Ser\u00e1 porque no puede aportar efectivos al\u00a0 operativo contra incendios, dada su reducida plantilla y la cantidad de servicios que tiene que cubrir a diario. De noche el turno lo cubre solo dos polic\u00edas y un veh\u00edculo, seg\u00fan denuncia del partido C\u00b4s en Pleno Municipal y no desmentida ni por el Intendente ni por el Alcalde, por mucho que se intente justificar lo injustificable, luego es cierto.<\/p>\n<p>Entonces, qu\u00e9 efectivos podr\u00e1 aportar al\u00a0 operativo que estamos analizando y qu\u00e9 se estudio en mayor profundidad en la reuni\u00f3n. \u00bfPodr\u00e1 solo por la ma\u00f1ana y a ser posible a media ma\u00f1ana que todav\u00eda no aprieta Lorenzo?.<\/p>\n<p>Se dan cuenta que todo es un salir del paso con buenas intenciones pero sin ninguna concreci\u00f3n en el Plan que pretenden acometer.<\/p>\n<p>Entendemos que para que sea efectivo el Plan no se podr\u00e1 dar a conocer los detalles del despliegue operativo, pero como se deduce de lo informado por el Alcalde, todo se hace con los efectivos locales, pues ya me dir\u00e1n. Desplegar y esto lo decimos nosotros, refuerzos de C\u00e1ceres y Badajoz, cuesta mucho dado que la distancia que nos separan obliga a pagar dietas tanto a Polic\u00edas como a Guardia Civiles y adem\u00e1s de las horas que pierden en desplazamientos para realizar el servicio. Por eso, los mandos superiores se resisten a mandar refuerzos.<\/p>\n<p>Por eso el Alcalde incide en realizar el operativo con medios locales solamente. Tiene la lecci\u00f3n bien aprendida.<\/p>\n<p>Si a lo largo del a\u00f1o en sus tres turnos, tanto la Polic\u00eda Nacional como la Municipal\u00a0 le es imposible mantener patrullas a pi\u00e9 en los cinco Distritos en que se divide la Capital placentina, y si ahora tienen que vigilar decenas de hect\u00e1reas de suelo periurbano, no\u00a0 entendemos c\u00f3mo. Habr\u00e1 milagro, porque si no\u2026<\/p>\n<p>De todos es sabido que los v\u00e1ndalos, pir\u00f3manos y delincuentes, operan en horas intempestivas, que seg\u00fan las incidencias de a\u00f1os anteriores fueron en horas de siesta y madrugada, justo cuando menos medios policiales hay y cuesta mucho moverlos. Fueron siempre los vecinos los que tuvieron que avisar porque acci\u00f3n preventiva policial ninguna.<\/p>\n<p>En a\u00f1os anteriores, los delincuentes, se estuvieron riendo de la polic\u00eda conocedores de su escasa presencia por falta de efectivos y\u00a0 con\u00a0 la impunidad que pueden delinquir en\u00a0 esta Ciudad. Todo ello puso al alcalde muy nervioso por no saber qu\u00e9 hacer. Repasen sus declaraciones de a\u00f1os anteriores a los medios: \u201dHabr\u00e1 polic\u00eda de paisano\u201d, \u201dse coordinaran todas las FCSE y PM\u201d, \u201c el SEPRONA tambi\u00e9n participa\u201d. Pensaba que los delincuentes se dar\u00edan por enterados. \u00a1Menudos son!. Claro que se activ\u00f3 mayor presencia policial, pero fue detray\u00e9ndola\u00a0 de otros servicios a la ciudad.<\/p>\n<p>Pero se acuerdan de, \u00bfCu\u00e1ntos detenidos hubo?, \u00bfQu\u00e9 pas\u00f3 con los sospechosos del a\u00f1o pasado?. Nada m\u00e1s se supo.<\/p>\n<p>Despu\u00e9s del verano podremos analizar la eficacia y eficiencia del operativo\u00a0 montado al respecto.<\/p>\n<p>&nbsp;<\/p>\n<p>&nbsp;<\/p>\n<!-- AddThis Advanced Settings generic via filter on the_content --><!-- AddThis Share Buttons generic via filter on the_content -->","protected":false},"excerpt":{"rendered":"<p>JUNTA DE SEGURIDAD PARA COORDINAR DISPOSITIVO CONTRA INCENDIOS EN \u00c1REA PERIURBANA DE PLASENCIA. \u00a0 *Solo con medios policiales locales ser\u00e1 muy dif\u00edcil. *Tanto la Comisar\u00eda de Polic\u00eda como la Compa\u00f1\u00eda de la Guardia Civil carecen de unidades especializadas de apoyo. *El Helic\u00f3ptero que proporciona la Guardia Civil es desproporcionado para este operativo tan concreto y [&hellip;]<!-- AddThis Advanced Settings generic via filter on get_the_excerpt --><!-- AddThis Share Buttons generic via filter on get_the_excerpt --><\/p>\n","protected":false},"author":44,"featured_media":0,"comment_status":"open","ping_status":"closed","sticky":false,"template":"","format":"standard","meta":[],"categories":[2],"tags":[34,59,201,278,291,464,469,481,489,490,552,696,726,854],"_links":{"self":[{"href":"https:\/\/blogs.hoy.es\/desdelacofa\/wp-json\/wp\/v2\/posts\/302"}],"collection":[{"href":"https:\/\/blogs.hoy.es\/desdelacofa\/wp-json\/wp\/v2\/posts"}],"about":[{"href":"https:\/\/blogs.hoy.es\/desdelacofa\/wp-json\/wp\/v2\/types\/post"}],"author":[{"embeddable":true,"href":"https:\/\/blogs.hoy.es\/desdelacofa\/wp-json\/wp\/v2\/users\/44"}],"replies":[{"embeddable":true,"href":"https:\/\/blogs.hoy.es\/desdelacofa\/wp-json\/wp\/v2\/comments?post=302"}],"version-history":[{"count":0,"href":"https:\/\/blogs.hoy.es\/desdelacofa\/wp-json\/wp\/v2\/posts\/302\/revisions"}],"wp:attachment":[{"href":"https:\/\/blogs.hoy.es\/desdelacofa\/wp-json\/wp\/v2\/media?parent=302"}],"wp:term":[{"taxonomy":"category","embeddable":true,"href":"https:\/\/blogs.hoy.es\/desdelacofa\/wp-json\/wp\/v2\/categories?post=302"},{"taxonomy":"post_tag","embeddable":true,"href":"https:\/\/blogs.hoy.es\/desdelacofa\/wp-json\/wp\/v2\/tags?post=302"}],"curies":[{"name":"wp","href":"https:\/\/api.w.org\/{rel}","templated":true}]}}