{"id":305,"date":"2016-07-09T10:27:55","date_gmt":"2016-07-09T10:27:55","guid":{"rendered":"http:\/\/blogs.hoy.es\/desdelacofa\/?p=305"},"modified":"2016-07-09T10:27:55","modified_gmt":"2016-07-09T10:27:55","slug":"finalizado-un-ano-de-la-segunda-legislatura-del-pp-y-plasencia-sigue-igual","status":"publish","type":"post","link":"https:\/\/blogs.hoy.es\/desdelacofa\/2016\/07\/09\/finalizado-un-ano-de-la-segunda-legislatura-del-pp-y-plasencia-sigue-igual\/","title":{"rendered":"FINALIZADO UN A\u00d1O DE LA SEGUNDA LEGISLATURA DEL PP Y PLASENCIA SIGUE IGUAL"},"content":{"rendered":"<p><strong>FINALIZADO \u00a0UN \u00a0A\u00d1O \u00a0DE \u00a0LA \u00a0SEGUNDA \u00a0LEGISLATURA \u00a0DEL \u00a0PP \u00a0Y \u00a0PLASENCIA\u00a0 SIGUE\u00a0 IGUAL <\/strong><strong><\/strong><\/p>\n<p>&nbsp;<\/p>\n<p><strong>*Un a\u00f1o de la segunda legislatura del PP en el Ayuntamiento de Plasencia y la ciudad no avanza.<\/strong><\/p>\n<p><strong>*En cinco a\u00f1os de mandato del PP la ciudad no ha desarrollado.<\/strong><\/p>\n<p><strong>*El indicativo de desarrollo m\u00e1s importante es la demograf\u00eda. La Capital placentina no aumenta poblaci\u00f3n.<\/strong><\/p>\n<p><strong>*Capital natural del Norte Extreme\u00f1o e infra dotada en servicios administrativos territoriales, tanto de la Administraci\u00f3n Central como de la Auton\u00f3mica.<\/strong><\/p>\n<p><strong>*La Universidad de Extremadura, condicionada por los localismos de C\u00e1ceres y\u00a0 Badajoz, para crecer en nuestra ciudad.<\/strong><\/p>\n<p><strong>*Universidades privadas interesadas en implantarse en Plasencia pero condicionada por la exclusividad de la p\u00fablica, acostumbrada a no tener competidores.<\/strong><\/p>\n<p>&nbsp;<\/p>\n<p>&nbsp;<\/p>\n<p>Iniciamos esta singladura con un lema ya muy manido en la Capital placentina, <strong>\u201dPlasencia sigue igual\u201d.<\/strong> Han pasado cinco a\u00f1os de mandato del gobierno municipal del PP y nuestra ciudad est\u00e1 sin pena ni gloria. Bueno m\u00e1s bien sin gloria y mucha pena.<\/p>\n<p>La ciudad, sigue donde est\u00e1 desde hace m\u00e1s de 800 a\u00f1os, desde que su fundador Alfonso VIII la fund\u00f3 para gloria de Dios y de los Hombres. Pero ah\u00ed est\u00e1 p\u00e9trea, firme, amurallada. Pero nada m\u00e1s. Todos los problemas de la ciudad seg\u00fan el Alcalde son debidos a las sentencias de las Huertas de la Isla. Ah\u00ed se basa toda su ineficiencia e ineficacia gestora para con la ciudad que tiene como a\u00f1adido ser la Capital del Norte de Extremadura, circundada por siete hermosas, naturales y ricas Comarcas que miran a su Capital como referente natural de servicios y que esta no los da. Hecho ins\u00f3lito, pero es la realidad en una regi\u00f3n con autonom\u00eda solo para C\u00e1ceres y Badajoz, pues no conciben la descentralizaci\u00f3n. Que ser\u00eda de ellas si se descentralizan los servicios en una regi\u00f3n tan extensa.<\/p>\n<p>Pero \u00bfQue ha hecho nuestro Alcalde en estos cinco a\u00f1os responsable de la gesti\u00f3n municipal?, pues quedarse anclado en esta singladura solo en lo hist\u00f3rico y musical. Solo con la historia y la m\u00fasica, no se consigue el desarrollo administrativo, econ\u00f3mico, de servicios e industrial. Evidentemente el turismo se apoya fundamentalmente en la historia, la monumentalidad y la naturaleza, de todo ello sobrado en nuestra ciudad y zona. Pero no solo con ello se consigue el desarrollo, si no est\u00e1 apoyado con los otros factores necesarios para el total desarrollo.<\/p>\n<p>Ahora,\u00a0 cinco a\u00f1os despu\u00e9s y en su segunda legislatura, se acuerda de que a Plasencia <strong>\u201chay que compensarla como se merece\u201d y \u201cque es de justicia\u201d <\/strong>y se acuerda ahora. Cinco a\u00f1os atr\u00e1s no se lo merec\u00eda tambi\u00e9n y \u00bfQu\u00e9 ha hecho por ella? Parece que ahora cuando el tiempo se le termina (3 a\u00f1os), le entran las prisas para que la ciudad sea referente del norte con servicios e infraestructuras necesarias para ser ese referente que olvid\u00f3 antes.<\/p>\n<p>Desde esta COFA y con fines constructivos por amor a la Patria chica le vamos a recordar cosas:<\/p>\n<p>1\u00ba.- Nada de lo que se est\u00e1 haciendo en Plasencia durante estos cinco a\u00f1os es suyo. Se debe a gobiernos anteriores. Por tanto no se lo apropie; Martin Palomino, Accesos de la A-66 por San Miguel, ampliaci\u00f3n del Hospital, PGM, Parque E\u00f3lico, paseos fluviales, ampliaci\u00f3n depuradora de aguas residuales, etc.<\/p>\n<p>2\u00ba.- Con una legislatura coincidente con la suya de gobierno del PP en la comunidad aut\u00f3noma, no ha sido capaz de impulsar y potenciar el Edificio de Servicios M\u00faltiple, que la Junta de Extremadura en el gobierno anterior al del Sr. Monago, implant\u00f3 en la Capital placentina para su posterior desarrollo y que nunca se desarrollo y no ampli\u00f3 en el mandato del Sr. Monago y que Vd., tampoco ha impulsado para hacerle Territorial y por tanto decisorio para todo el Norte de Extremadura. Ahora tienen que seguir pasando los expedientes por C\u00e1ceres antes de pasarlos a M\u00e9rida, lo ve normal.<\/p>\n<p>Pues ah\u00ed ha tenido un campo de actuaci\u00f3n important\u00edsimo para el desarrollo administrativo no solo de nuestra ciudad sino para el norte regional, haci\u00e9ndole referente territorial de servicios m\u00faltiple de la Junta de Extremadura.<\/p>\n<p>3\u00ba.- En cuanto a Delegaciones del Gobierno Central, se mandat\u00f3 al Alcalde en Pleno Municipal el que realizase gestiones con la Direcci\u00f3n General de Tr\u00e1fico, para traer a la Capital placentina una delegaci\u00f3n de la misma y que tanto servicio dar\u00eda a todos los residentes del norte regional, no solo a la ciudad. Con ello se acerca la administraci\u00f3n al administrado, evitando desplazamientos largos para realizar las gestiones\u00a0 en C\u00e1ceres. De estas gestiones tampoco se sabe nada, si hizo o dejo de hacer. M\u00e1s bien lo segundo, por su silencio. Y eso que somos una ciudad de servicios y sin darlos. Tambi\u00e9n teniendo a nuestro favor que en el territorio regional comprendido a la derecha del Tajo, est\u00e1n registrados el mayor n\u00famero de autom\u00f3viles y reside mayor poblaci\u00f3n que en el resto de la provincia.<\/p>\n<p>4\u00ba.- Tampoco se ha tenido en cuenta durante su gobierno el impulso necesario para que la Delegaci\u00f3n de Hacienda se la haya dotado de otros servicios complementarios para poderlos facilitar desde la misma y no tener que destacarlos de otras con el consiguiente perjuicio en la eficiencia y eficacia administrativa como son los de investigaci\u00f3n y fiscalidad.<\/p>\n<p>5\u00ba.-La Delegaci\u00f3n de la Seguridad Social y Tesorer\u00eda de la\u00a0 misma, es necesario se la reclasifique para dotarla de mayores servicios terminales que ahora no dispone, as\u00ed como la construcci\u00f3n de un edificio nuevo que albergue mas servicios y facilite los tramites a los ciudadanos, para ello ya se adquiri\u00f3 un solar en la Mazuela para este fin y que se sepa tampoco se ha hecho ninguna gesti\u00f3n.<\/p>\n<p>6\u00ba.- Tampoco hizo nada al mandato del Pleno Municipal, para gestionar la dotaci\u00f3n en el nuevo Palacio de Justicia de nuevos \u00f3rganos jurisdiccionales como una Secci\u00f3n de la Sala 2\u00aa de la Audiencia como ya la tiene M\u00e9rida, racionalizando la carga de trabajo de la Audiencia, un Juzgado de lo Contencioso -Administrativo, uno de Familia y violencia de g\u00e9nero. De todo ello nada sabemos.<\/p>\n<p>No relacionamos otras necesidades de los \u00f3rganos jurisdiccionales, porque\u00a0 en la memoria del\u00a0 TSJEX de 2015 ya los ped\u00eda.<\/p>\n<p>7\u00ba.- De los accesos a la ciudad, est\u00e1n durante cinco a\u00f1os sin tocar. Este a\u00f1o en los presupuestos del\u00a0 2016 del Ministerio de Fomento, tiene reservada una peque\u00f1a partida para la redacci\u00f3n del proyecto de una glorieta en el acceso\u00a0 de la circunvalaci\u00f3n norte con la Avda. de Salamanca. Ver\u00e1n como se olvidan en el proyecto la iluminaci\u00f3n de la misma. Han tenido que pasar cinco a\u00f1os para que se d\u00e9 cuenta de esta necesidad conocida por todos los placentinos, comarcanos\u00a0 y visitantes del estado en que se encuentra este acceso verdadero punto negro en seguridad vial en nuestra ciudad.<\/p>\n<p>Del resto de accesos les remitimos para recordar a los Blog que \u201cDESDE LA COFA\u201d, se publicaron en este diario y de una manera pormenorizada y muy detallada\u00a0 por cierto.<\/p>\n<p>8\u00ba.- Se cans\u00f3 en decir en todas las intervenciones en los Plenos Municipales, uno tras otro, en contestaci\u00f3n a los grupos de oposici\u00f3n, que no subir\u00eda los impuestos y en declaraciones suyas al Diario El Peri\u00f3dico\u00a0 el 07.06.2016; \u201cLa manera m\u00e1s f\u00e1cil es subir impuestos y eso no lo hemos hecho\u201d. Pues f\u00edjese, este mismo mes de Junio de 2016 nos encontramos los placentinos con una subida del IBI solamente de un 10%, le parece poco. Ya s\u00e9 que lo pod\u00eda haber subido m\u00e1s, tambi\u00e9n lo pod\u00eda haber bajado, hay margen para subir y para bajar y no lo compare con ninguna otra ciudad. Es el impuesto del que m\u00e1s recauda el Ayuntamiento. Tambi\u00e9n desde ENE, 2016, han subido tasas y otros impuestos. Por qu\u00e9 dice una cosa y hace otra. \u00bfNos merecemos los placentinos que nos enga\u00f1e?<\/p>\n<p>9\u00ba.- Acert\u00f3 el Gobierno Central en desistir de hacer las costosas estaciones AVE en descampado y el Gobierno Local placentino lo tom\u00f3 r\u00e1pidamente como suyo, para decir que hab\u00eda trabajado por mantener la Estaci\u00f3n de Plasencia, en su mismo lugar y adem\u00e1s como estaci\u00f3n del AVE. Hasta aqu\u00ed totalmente de acuerdo y satisfactorio con el parecer de la ciudadan\u00eda al seguir manteniendo la Estaci\u00f3n Ferroviaria dentro de la ciudad. Pero en lo que no estamos de acuerdo, es que no se haya hecho nada por eliminar del\u00a0 proyecto AVE, a su paso por las inmediaciones de la ciudad el Apeadero de Retortillo (a 15 Km. de la ciudad) y que ser\u00eda donde pararan los convoyes AVE a los viajeros que llegasen o tuviesen destino a Plasencia, con el consiguiente perjuicio para los viajeros de Plasencia y del Norte de Extremadura. Eso el Alcalde lo silencia. Si se mantiene ese Apeadero (Retortillo-Plasencia), nos condenan a los placentinos o usuarios del resto de Comarcas a coger el AVE, Badajoz-Madrid o en el futuro Madrid-Lisboa en ese apeadero y solo las lanzaderas AVE ser\u00edan las que entrasen en la Estaci\u00f3n de Plasencia. Volvemos al desprop\u00f3sito de 1897 con situar el Empalme ferroviario en Plasencia-Empalme y que tanto da\u00f1o y molestias ha ocasionado a los ciudadanos y que en el r\u00e9gimen anterior nunca se pudo solucionar con una simple variante como se hizo en C\u00e1ceres con la variante de Rio Tajo, solucionando el\u00a0 mismo problema que tenia con el Empalme\u00a0 de Arroyo de Malpartida. En\u00a0 una ciudad se solucion\u00f3 y en otra no. Ahora vuelve a pasar lo mismo con el fondo de saco en que deja el trazado nuevo del AVE a M\u00e9rida, C\u00e1ceres y Plasencia. En las dos primeras eliminan el Apeadero y\u00a0 todos los trenes tienen que entrar en ambas ciudades, con nosotros lo siguen manteniendo. \u00bfPor qu\u00e9? \u00bfSomos diferentes? \u00bfDiscriminan? \u00bfSomos m\u00e1s localistas?\u00bfQue clase de pol\u00edticos tenemos que no defienden los intereses de la ciudad?.<\/p>\n<p>10\u00ba.- La movida nocturna juvenil, es decir botell\u00f3n, que se realizaba en el Ferial del Berrocal, como estaba interesado en trasladarlo \u00a0y no quitarla por las quejas de los vecinos la traslad\u00f3 al casco hist\u00f3rico que aunque los vecinos\u00a0 del centro tambi\u00e9n se quejan, en cambio aqu\u00ed se mantiene. Este traslado del botell\u00f3n, lo enmascar\u00f3 diciendo que al trasladarlo al centro el botell\u00f3n desaparec\u00eda. Ya ven los resultados. A los hechos nos remitimos. Lo consigui\u00f3 en el Berrocal, pero lo desplaz\u00f3 al centro de la ciudad con los consiguientes problemas\u00a0 derivados de ruidos, vandalismo, trapicheo, menores, peleas, etc.etc.<\/p>\n<p>Los ciudadanos en general, apoyaron el traslado como una de las primeras medidas de su gobierno en su primera legislatura, pero a otro lugar m\u00e1s alejado de la poblaci\u00f3n y sus zonas residenciales, para que esa movida nocturna no afectase a la convivencia vecinal dado que el derecho al descanso es necesario y afecta a la salud de las personas. Por tanto este derecho al descanso prevalece sobre el de ocio. Adem\u00e1s afecta a la convivencia de las personas y la Ley lo protege. Es decir, consigui\u00f3 trasladar de un lado a otro de la ciudad el problema sin conseguir solucionarlo.<\/p>\n<p>11\u00ba.- El problema del cumplimiento de las sentencias de las Huertas de la Isla, evidentemente le ha tocado en su mandato. Pero tambi\u00e9n lo ha estado dilatando en el tiempo, luego\u00a0 pidi\u00f3 el cr\u00e9dito al Ministerio y ser\u00e1 su sucesor el que tenga que empezar a pagar. Todo muy bien estudiado.<\/p>\n<p>Sus gestiones, tanto \u00a0\u00a0con el Juzgado que tuvo que hacer cumplir la sentencia como con los propietarios, fueron muy negativas o manifiestamente mejorables para con la ciudad. No consigui\u00f3 nada de uno ni de otros. Al final, nos toca pagar a los de siempre la ineficiencia de los pol\u00edticos en el gobierno municipal.<\/p>\n<p>&nbsp;<\/p>\n<p>Podr\u00edamos seguir numerando\u00a0 m\u00e1s asuntos que benefician a la ciudad pero nos llevar\u00eda a una singladura bloguera muy larga. Para empezar y para el tiempo que le queda de esta segunda legislatura si consiguiese algo de lo descrito, la ciudad se lo agradecer\u00eda.<\/p>\n<p>Finalmente, coincido don Vd., Sr. Alcalde, que la ciudad necesita que se la \u201crecompense con justicia\u201d, dot\u00e1ndola de todos los servicios administrativos centrales y auton\u00f3micos que carece y de las infraestructuras tanto viarias como ferroviarias, incluida en esta \u00faltima la apertura de la l\u00ednea Plasencia-Astorga, que tanto beneficio aportar\u00eda al desarrollo de la ciudad y por ende al Norte de Extremadura y a la Naci\u00f3n, al disponer de un corredor peninsular Norte-Sur por el Oeste, uniendo Gij\u00f3n con Huelva.<\/p>\n<p>Pero no se olvide, todo esto hay que pedirlo con insistencia y convencido del bien que reportar\u00e1 a su ciudad, no vale declaraciones grandilocuentes, postureos y fotos. Hay que pedirlo y defenderlo venciendo resistencias y muchas veces de sus propias filas pol\u00edticas.<\/p>\n<p>&nbsp;<\/p>\n<!-- AddThis Advanced Settings generic via filter on the_content --><!-- AddThis Share Buttons generic via filter on the_content -->","protected":false},"excerpt":{"rendered":"<p>FINALIZADO \u00a0UN \u00a0A\u00d1O \u00a0DE \u00a0LA \u00a0SEGUNDA \u00a0LEGISLATURA \u00a0DEL \u00a0PP \u00a0Y \u00a0PLASENCIA\u00a0 SIGUE\u00a0 IGUAL &nbsp; *Un a\u00f1o de la segunda legislatura del PP en el Ayuntamiento de Plasencia y la ciudad no avanza. *En cinco a\u00f1os de mandato del PP la ciudad no ha desarrollado. *El indicativo de desarrollo m\u00e1s importante es la demograf\u00eda. La Capital [&hellip;]<!-- AddThis Advanced Settings generic via filter on get_the_excerpt --><!-- AddThis Share Buttons generic via filter on get_the_excerpt --><\/p>\n","protected":false},"author":44,"featured_media":0,"comment_status":"open","ping_status":"closed","sticky":false,"template":"","format":"standard","meta":[],"categories":[2],"tags":[46,47,58,216,275,285,290,543,572,646,686,863,879,909],"_links":{"self":[{"href":"https:\/\/blogs.hoy.es\/desdelacofa\/wp-json\/wp\/v2\/posts\/305"}],"collection":[{"href":"https:\/\/blogs.hoy.es\/desdelacofa\/wp-json\/wp\/v2\/posts"}],"about":[{"href":"https:\/\/blogs.hoy.es\/desdelacofa\/wp-json\/wp\/v2\/types\/post"}],"author":[{"embeddable":true,"href":"https:\/\/blogs.hoy.es\/desdelacofa\/wp-json\/wp\/v2\/users\/44"}],"replies":[{"embeddable":true,"href":"https:\/\/blogs.hoy.es\/desdelacofa\/wp-json\/wp\/v2\/comments?post=305"}],"version-history":[{"count":0,"href":"https:\/\/blogs.hoy.es\/desdelacofa\/wp-json\/wp\/v2\/posts\/305\/revisions"}],"wp:attachment":[{"href":"https:\/\/blogs.hoy.es\/desdelacofa\/wp-json\/wp\/v2\/media?parent=305"}],"wp:term":[{"taxonomy":"category","embeddable":true,"href":"https:\/\/blogs.hoy.es\/desdelacofa\/wp-json\/wp\/v2\/categories?post=305"},{"taxonomy":"post_tag","embeddable":true,"href":"https:\/\/blogs.hoy.es\/desdelacofa\/wp-json\/wp\/v2\/tags?post=305"}],"curies":[{"name":"wp","href":"https:\/\/api.w.org\/{rel}","templated":true}]}}