{"id":306,"date":"2016-08-01T16:38:32","date_gmt":"2016-08-01T16:38:32","guid":{"rendered":"http:\/\/blogs.hoy.es\/desdelacofa\/?p=306"},"modified":"2016-08-01T16:38:32","modified_gmt":"2016-08-01T16:38:32","slug":"continuan-los-repetidos-incendios-en-areas-periurbanas-de-plasencia","status":"publish","type":"post","link":"https:\/\/blogs.hoy.es\/desdelacofa\/2016\/08\/01\/continuan-los-repetidos-incendios-en-areas-periurbanas-de-plasencia\/","title":{"rendered":"CONTIN\u00daAN LOS REPETIDOS INCENDIOS EN \u00c1REAS PERIURBANAS DE PLASENCIA"},"content":{"rendered":"<p align=\"center\"><strong>CONTIN\u00daAN\u00a0\u00a0 LOS REPETIDOS\u00a0 INCENDIOS\u00a0 EN\u00a0 \u00c1REAS\u00a0 PERIURBANAS\u00a0 DE\u00a0 PLASENCIA.<\/strong><\/p>\n<p><strong>\u00a0<\/strong><\/p>\n<p><strong>*LA JUNTA DE SEGURIDAD ACORD\u00d3: Establecer un Plan contra\u00a0 Incendios, Cien agentes diarios para vigilancia, prevenci\u00f3n y disuasi\u00f3n, Un helic\u00f3ptero de la Guardia Civil. <\/strong><\/p>\n<p><strong>*Mayor coordinaci\u00f3n de las Fuerzas y Cuerpos de Seguridad del Estado, Polic\u00eda Municipal y Protecci\u00f3n Civil.<\/strong><\/p>\n<p><strong>*Al mes de iniciado el Plan, convocar nueva Junta de Seguridad para hacer un seguimiento de los resultados obtenidos.<\/strong><\/p>\n<p><strong>*\u00bfDe todo lo anterior, alguien nos puede decir si se ha cumplido algo de lo acordado? <\/strong><\/p>\n<p>&nbsp;<\/p>\n<p>&nbsp;<\/p>\n<p>Iniciamos esta nueva singladura, pasado ya m\u00e1s de un mes desde que se celebr\u00f3 una Junta de Seguridad en el Ayuntamiento de Plasencia, para tratar de manera efectiva \u00a0frenar la oleada de incendios que se vienen produciendo todos los veranos en la Capital placentina.<\/p>\n<p>La Junta fue presidida por la Delegada del Gobierno en nuestra Comunidad y con la asistencia del Alcalde de la Ciudad, Concejala de Interior, Concejal de Medio Ambiente y representantes de la Guardia Civil, Polic\u00eda Nacional y Polic\u00eda Municipal.<\/p>\n<p>En esa Junta se acordaron actuaciones anunciadas con grandilocuencia por la Delegada del Gobierno y el Alcalde en rueda de prensa posterior a la Junta de Seguridad. Todo qued\u00f3 en agua de borraja al d\u00eda siguiente, con el primer incendio periurbano. Es decir, solo qued\u00f3 en declaraciones rimbombantes y de cara a la galer\u00eda, como les gusta a los actuales responsables municipales y a la Delegada del Gobierno, pero para nada m\u00e1s, dados los resultados insatisfactorios en el primer mes despu\u00e9s de celebrada la Junta de Seguridad. Y eso que tambi\u00e9n\u00a0 se acord\u00f3 \u00a0celebrar otra para analizar resultados. Ya vemos que ni lo intentan, pues ser\u00eda m\u00e1s de lo mismo.<\/p>\n<p>La realidad es machaconamente persistente en los continuos y diarios incendios periurbanos durante el mes de Julio en la Capital placentina.<\/p>\n<p>Todo ello est\u00e1 demostrando la incapacidad tanto de la Alcald\u00eda como de la Delegaci\u00f3n del Gobierno en poner los medios necesarios para controlar estos actos \u00bfdelictivos?, que est\u00e1n poniendo al vecindario del Distrito Norte de la ciudad, en una grave situaci\u00f3n de inseguridad. Parece,\u00a0 y digo parece, que est\u00e1n\u00a0 esperando \u00a0que se produzcan da\u00f1os personales y materiales en viviendas, para que estas dos Autoridades se pongan a trabajar para atajar tales hechos.<\/p>\n<p>Los acuerdos de la Junta de Seguridad se est\u00e1 demostrando que no se cumplen. El ciudadano se pregunta; \u00bfEntonces para qu\u00e9 se re\u00fanen?, \u00bfPara qu\u00e9 hacen declaraciones grandilocuentes?, \u00bfPor qu\u00e9 enga\u00f1an a la ciudadan\u00eda de esta forma?.<\/p>\n<p>Los placentinos no nos merecemos esta incapacidad y dejadez de nuestros gobernantes. Porque son ellos los que tienen los medios para solucionar este grav\u00edsimo problema que hace que los pir\u00f3manos (delincuentes), se r\u00edan de las autoridades por su incapacidad manifiesta y pongan en\u00a0 grave riesgo la tranquilidad de los vecinos.<\/p>\n<p>Los ciudadanos pagamos nuestros impuestos para que las Autoridades en este caso, Alcalde y Delegada del Gobierno, pongan todos los medios necesarios (humanos y materiales), para evitar estos actos delictivos. Es m\u00e1s, les pagamos sus sueldos para que trabajen y solucionen los problemas que tiene la sociedad, no para hacer declaraciones enga\u00f1osas y grandilocuentes que a falta de conocimientos e incapacidad para dar soluci\u00f3n se manifiestan, como la \u00faltima ocurrencia de la Concejala de Interior diciendo que \u201cPlasencia tiene mucho campo\u201d. Solo esta declaraci\u00f3n es meritoria de presentar su dimisi\u00f3n, por incompetente. Pero claro, \u00bfA d\u00f3nde van a ir la mayor\u00eda de nuestros pol\u00edticos fuera de la pol\u00edtica? \u00bfD\u00f3nde van a cobrar m\u00e1s? \u00bfEn C\u00e1ritas?.<\/p>\n<p>As\u00ed\u00a0 ocurre lo que ocurre y llevan al ciudadano al hartazgo y repulsa a estos pol\u00edticos que van a servirse en vez de a servir; incapaces\u00a0 de solucionar los problemas a los ciudadanos. Les gusta solo estar en pol\u00edtica como medio de vida, cobrar (eso que no falte), que los halaguen, aplaudan y feliciten por su cara bonita; eso no es gobernar, es vivir del cuento.<\/p>\n<p>C\u00f3mo es posible que nada de lo acordado en la Junta de Seguridad se haya cumplido. Analicemos punto por punto:<\/p>\n<p>1\u00ba.- Plan Contra Incendios. \u00bfD\u00f3nde est\u00e1?, \u00bfAlguien lo conoce?, \u00bfEs secreto? La realidad es que no\u00a0 se ha hecho nada al respecto, pero quedaba muy bien al decirlo en rueda de prensa. Este documento es esencial para determinar los protocolos de actuaci\u00f3n y coordinaci\u00f3n, adem\u00e1s de los dispositivos\u00a0 operativos de vigilancia y prevenci\u00f3n.<\/p>\n<p>2\u00ba.- Se activaran cien agentes diarios. Ya me dir\u00e1n de donde sacarlos. El Plan deber\u00eda determinarlo. Les remito a otro blog sobre la Junta de Seguridad, publicado en \u201cDESDE LA COFA\u201d.<\/p>\n<p>Si la Polic\u00eda Nacional est\u00e1 bajo m\u00ednimos en la Capital placentina debido a que la clasificaci\u00f3n actual de la Comisar\u00eda, no da para m\u00e1s. \u00bfQu\u00e9 se est\u00e1 haciendo para su reclasificaci\u00f3n? \u00bfQu\u00e9 impulso ha dado el Alcalde para ello? \u00a0Que se sepa ninguno.<\/p>\n<p>La Polic\u00eda Municipal solo tiene dos agentes para vigilar la ciudad en el turno de noche. El Partido C\u00b4s,\u00a0 en la oposici\u00f3n, lo ha denunciado hace meses. \u00bfHan modificado los turnos? Que se sepa no. La declaraci\u00f3n de la Concejala de Interior sobre el estudio y modificaci\u00f3n de turnos demuestra la incapacidad de dar soluci\u00f3n a ello. La falta de conocimientos y la decisi\u00f3n consiguiente para solucionar esta falta de equilibrio entre turnos, est\u00e1n haciendo ineficiente la actuaci\u00f3n de la Polic\u00eda Municipal en sus servicios al ciudadano. A primera vista no es\u00a0 tan complicado, aunque quieren aparentar que lo es. Es un cuerpo jerarquizado y disciplinado, por tanto la ley faculta al Alcalde y mediante Decreto, ordenar la organizaci\u00f3n de los tres turnos y adem\u00e1s se pueden reforzar sin necesidad de horas extraordinarias que tanto gusta a la plantilla y que a ellas se apunta hasta los de segunda actividad, y que cuesta a todos los ciudadanos un mont\u00f3n de miles de Euros consignados en presupuestos.<\/p>\n<p>Miren como resolvi\u00f3 el Alcalde de Badajoz los refuerzos necesarios en las fiestas de San Juan el pasado Junio. Por Decreto ordeno el refuerzo de plantilla en los distintos turnos durante la Feria de San Juan.No hizo falta pagar horas extraordinarias.La ley est\u00e1 para aplicarse. El Ayuntamiento no puede gastarse en horas extraordinarias el dineral que se est\u00e1 gastando y que no tiene. Para ellos es \u201cJauja\u201d claro, como pagamos los ciudadanos no los pol\u00edticos, alegr\u00eda , alegr\u00eda.<\/p>\n<p>La Guardia Civil, que la Compa\u00f1\u00eda que tiene en Plasencia, concretamente en la Ciudad pues el resto lo tiene desplegado en su Demarcaci\u00f3n, no dispone de m\u00e1s de 15 agentes y que son para atender un Grupo de Polic\u00eda Judicial, francamente deficitario. Uno de SEPRONA con cuatro agentes, ya me dir\u00e1n. Seguridad Ciudadana, ninguno .Intervenci\u00f3n de Armas y PLM de Compa\u00f1\u00eda. Apaga y v\u00e1monos. Eso s\u00ed, en C\u00e1ceres concentrados mucho personal de todas estas especialidades con la funci\u00f3n de apoyar donde haga falta. Pues ya ven el apoyo en una Provincia con una extensi\u00f3n territorial tan grande y tan distante. Solo el territorio comprendido a la derecha del Tajo es mayor que muchas provincias espa\u00f1olas. No me extiendo m\u00e1s, pues hay un Blog espec\u00edfico en \u201cDESE LA COFA\u201d.<\/p>\n<p>Adem\u00e1s la Delegada del Gobierno dijo que pondr\u00eda a disposici\u00f3n del Plan un Helic\u00f3ptero de la Guardia Civil. No se r\u00edan por favor.<\/p>\n<p>3\u00ba.- Coordinaci\u00f3n. Esto lo repite siempre el Alcalde, \u201dse van a intensificar las vigilancias y coordinaci\u00f3n\u201d. Ni una cosa ni otra. Solo para el titular de prensa, la foto, que todo lo aguanta. Piensa que los ciudadanos somos tontos y no nos enteramos de nada.<\/p>\n<p>Pues no Sr. Alcalde, ni somos tontos y s\u00ed nos enteramos de todo. Hasta el punto que todo el mundo sabe la incapacidad que tiene para solucionar este grave problema que estamos afrontando los placentinos.<\/p>\n<p>Desde aqu\u00ed le decimos por fuentes policiales y de la Guardia Civil, que nada de nada de coordinaci\u00f3n. Que a los pol\u00edticos les gusta esa palabra pues queda muy bien en las ruedas de prensa, pero para nada m\u00e1s.<\/p>\n<p>Finalizo valorando lo importante de tener un Plan, pues habiendo un documento obligar\u00eda y distribuir\u00eda las funciones tanto preventivas como los protocolos de actuaci\u00f3n.<\/p>\n<p>Pues Protecci\u00f3n\u00a0 Civil y Bomberos saben lo que tiene que hacer cuando se les llame. Pero la acci\u00f3n preventiva descansa sobre las polic\u00edas fundamentalmente y apoyados por la Guardia Civil. Eso es lo que no han sido capaz el Alcalde y la Delegada del Gobierno en poner en pr\u00e1ctica.<\/p>\n<p>&nbsp;<\/p>\n<!-- AddThis Advanced Settings generic via filter on the_content --><!-- AddThis Share Buttons generic via filter on the_content -->","protected":false},"excerpt":{"rendered":"<p>CONTIN\u00daAN\u00a0\u00a0 LOS REPETIDOS\u00a0 INCENDIOS\u00a0 EN\u00a0 \u00c1REAS\u00a0 PERIURBANAS\u00a0 DE\u00a0 PLASENCIA. \u00a0 *LA JUNTA DE SEGURIDAD ACORD\u00d3: Establecer un Plan contra\u00a0 Incendios, Cien agentes diarios para vigilancia, prevenci\u00f3n y disuasi\u00f3n, Un helic\u00f3ptero de la Guardia Civil. *Mayor coordinaci\u00f3n de las Fuerzas y Cuerpos de Seguridad del Estado, Polic\u00eda Municipal y Protecci\u00f3n Civil. *Al mes de iniciado el [&hellip;]<!-- AddThis Advanced Settings generic via filter on get_the_excerpt --><!-- AddThis Share Buttons generic via filter on get_the_excerpt --><\/p>\n","protected":false},"author":44,"featured_media":0,"comment_status":"open","ping_status":"closed","sticky":false,"template":"","format":"standard","meta":[],"categories":[2],"tags":[40,140,206,438,463,480,501,553,583,700,798,906],"_links":{"self":[{"href":"https:\/\/blogs.hoy.es\/desdelacofa\/wp-json\/wp\/v2\/posts\/306"}],"collection":[{"href":"https:\/\/blogs.hoy.es\/desdelacofa\/wp-json\/wp\/v2\/posts"}],"about":[{"href":"https:\/\/blogs.hoy.es\/desdelacofa\/wp-json\/wp\/v2\/types\/post"}],"author":[{"embeddable":true,"href":"https:\/\/blogs.hoy.es\/desdelacofa\/wp-json\/wp\/v2\/users\/44"}],"replies":[{"embeddable":true,"href":"https:\/\/blogs.hoy.es\/desdelacofa\/wp-json\/wp\/v2\/comments?post=306"}],"version-history":[{"count":0,"href":"https:\/\/blogs.hoy.es\/desdelacofa\/wp-json\/wp\/v2\/posts\/306\/revisions"}],"wp:attachment":[{"href":"https:\/\/blogs.hoy.es\/desdelacofa\/wp-json\/wp\/v2\/media?parent=306"}],"wp:term":[{"taxonomy":"category","embeddable":true,"href":"https:\/\/blogs.hoy.es\/desdelacofa\/wp-json\/wp\/v2\/categories?post=306"},{"taxonomy":"post_tag","embeddable":true,"href":"https:\/\/blogs.hoy.es\/desdelacofa\/wp-json\/wp\/v2\/tags?post=306"}],"curies":[{"name":"wp","href":"https:\/\/api.w.org\/{rel}","templated":true}]}}