{"id":307,"date":"2016-09-26T11:50:58","date_gmt":"2016-09-26T11:50:58","guid":{"rendered":"http:\/\/blogs.hoy.es\/desdelacofa\/?p=307"},"modified":"2016-09-26T11:50:58","modified_gmt":"2016-09-26T11:50:58","slug":"las-edades-del-hombre-otro-varapalo-para-plasenciapropiciado-por-su-alcalde","status":"publish","type":"post","link":"https:\/\/blogs.hoy.es\/desdelacofa\/2016\/09\/26\/las-edades-del-hombre-otro-varapalo-para-plasenciapropiciado-por-su-alcalde\/","title":{"rendered":"LAS EDADES DEL HOMBRE; OTRO VARAPALO PARA PLASENCIA,PROPICIADO POR SU ALCALDE"},"content":{"rendered":"<p align=\"center\"><strong>LAS EDADES DEL HOMBRE; OTRO VARAPALO PARA PLASENCIA,<\/strong><\/p>\n<p align=\"center\"><strong>PROPICIADO POR SU ALCALDE.<\/strong><\/p>\n<p align=\"center\"><strong>\u00a0<\/strong><\/p>\n<p><strong>*Tanto lo anunci\u00f3 el Alcalde que al final molest\u00f3 a la Fundaci\u00f3n.<\/strong><\/p>\n<p><strong>*Ninguneo al Alcalde de B\u00e9jar, como si en su Comunidad aut\u00f3noma no contase.<\/strong><\/p>\n<p><strong>*El Obispado de Plasencia, \u00fanico interlocutor v\u00e1lido, hizo la gesti\u00f3n correspondiente ante la Fundaci\u00f3n. Fueron las declaraciones del Alcalde de Plasencia las que dieron la voz de alerta tanto al Alcalde de\u00a0 B\u00e9jar como a la Fundaci\u00f3n. <\/strong><\/p>\n<p>&nbsp;<\/p>\n<p>Lo mal hecho mal acaba, dice la sabidur\u00eda popular. Con esta m\u00e1xima nos encaminamos nuevamente en esta singladura a intentar analizar algunas claves de todo este varapalo sufrido por la Capital placentina, despu\u00e9s de casi asegurarnos que vendr\u00eda esta exposici\u00f3n junto \u00a0con la Ciudad hermana de B\u00e9jar. Todo termin\u00f3 y nuevamente a empezar, con retranca claro.<\/p>\n<p>Al creerse ser \u00e9l quien es, con la ayuda de alg\u00fan familiar pr\u00f3ximo a la Curia, que podr\u00eda conseguir ser una de las dos sedes de las Edades del Hombre, dado su efecto tenaza sobre el Obispado, han hecho reconsiderarlo a la Fundaci\u00f3n.<\/p>\n<p>Han ninguneado al Obispo llev\u00e1ndolo a un espacio farragoso de tierras\u00a0 movedizas\u00a0 y\u00a0 pantanosa, poniendo en alerta y en mal lugar al Alcalde de B\u00e9jar, que era a la saz\u00f3n el eslab\u00f3n por donde tirar de la cadena para conseguir la voluntad favorable y necesaria de la Fundaci\u00f3n.<\/p>\n<p>Es bueno que el Alcalde de Plasencia y bajo su mandato se pudiera conseguir la susodicha exposici\u00f3n. Eso le ceg\u00f3 desde el primer d\u00eda de su mandato al conocer las gestiones que estaba realizando el Obispado. Lo iba pregonando de reuni\u00f3n en reuni\u00f3n con cualquier colectivo y al mismo tiempo ped\u00eda mucha confidencialidad. Es decir, secretismo a voces. T\u00edpico de una personalidad populista y con falta de madurez pol\u00edtica en la gesti\u00f3n que como Alcalde comenzaba. Todos los colectivos mantuvieron la confidencialidad pedida, pero por la boca muere el pez. \u00c9l mismo empez\u00f3 haciendo declaraciones p\u00fablicas al respecto como buen inicio en su gesti\u00f3n municipal sum\u00e1ndoselo como \u00e9xito personal y ah\u00ed fue donde se empez\u00f3 a torcer la alegr\u00eda.<\/p>\n<p>No tuvo en cuenta que la exposici\u00f3n ser\u00eda compartida con otra Ciudad, B\u00e9jar, que perteneciendo a la Di\u00f3cesis de Plasencia en lo religioso, en lo pol\u00edtico era de otra comunidad aut\u00f3noma y por tanto pieza necesaria para conseguir su voluntad.<\/p>\n<p>Ante todo este alarde noticioso e imprudente propiciado por el Alcalde de Plasencia, hab\u00eda otro silencio profundo llevado por el Alcalde de B\u00e9jar, conocedor tambi\u00e9n de todas las gestiones que se estaban realizando. Este, con mayor prudencia pol\u00edtica, manten\u00eda el silencio informativo para que el Obispo de Plasencia y el Presidente de la Fundaci\u00f3n mantuvieran los contactos precisos y necesarios para no distorsionar los planteamientos del gobierno de Castilla y Le\u00f3n y conducirlo con normalidad al ofrecerse dos sedes una en Castilla y Le\u00f3n, B\u00e9jar, y otra en la capital Diocesana, Plasencia. Todo se ha ido al traste por ese af\u00e1n personalista e imprudente.<\/p>\n<p>Hace m\u00e1s de dos a\u00f1os, el Alcalde de B\u00e9jar, denunci\u00f3 el af\u00e1n populista del Alcalde de Plasencia, sobre las gestiones\u00a0 que\u00a0 se estaban\u00a0 haciendo ante la Fundaci\u00f3n \u201cEdades del Hombre\u201d y que con sus filtraciones se estaban perjudicando y da\u00f1ando las gestiones del Obispado y que la propia Fundaci\u00f3n conoc\u00eda, sin haberlo estudiado de manera definitiva todav\u00eda. Es decir el Alcalde placentino, estaba adelantando noticias que la propia Fundaci\u00f3n a\u00fan desconoc\u00eda por no haberlo tratado a\u00fan.<\/p>\n<p>De todo ello tenemos fuentes de la propia Fundaci\u00f3n, que nos han podido confirmar este desprop\u00f3sito medi\u00e1tico cometido por el Alcalde de Plasencia, que han distorsionado y llevado a un cambio de criterio para estos pr\u00f3ximos a\u00f1os.<\/p>\n<p>De aqu\u00ed viene el malestar del propio Alcalde de B\u00e9jar, que se quedaba sorprendido por lo publicado en la prensa placentina, citando fuentes municipales y del propio Alcalde.<\/p>\n<p>Y ante todo este desaguisado, ha dejado al Obispo de Plasencia, ahora de Ja\u00e9n, mirando a Sierra Morena, despu\u00e9s del papel\u00f3n que le ha hecho hacer, llevado por el af\u00e1n de protagonismo del Alcalde placentino junto con la participaci\u00f3n de la Directora de Patrimonio de la Di\u00f3cesis y alg\u00fan enredador m\u00e1s que prefiero no descubrir por sus responsabilidad en la Curia Diocesana.<\/p>\n<p>Esperemos que la Providencia, el buen hacer del futuro Obispo, y sobre todo de las 22 Parroquias del Arciprestazgo de B\u00e9jar, se vean recompensadas por ser de justicia y que la Fundaci\u00f3n cambie de criterio.<\/p>\n<p>Para ese futuro inmediato ya no estar\u00e1, con toda probabilidad este Alcalde representando a la Ciudad, y el tiempo habr\u00e1 podido borrar esta huella dejada por su populismo desbordado y falta de prudencia pol\u00edtica mantenida por un gobernante que perjudica a otro gobernante que prudentemente mantuvo el silencio durante la gesti\u00f3n.<\/p>\n<p>&nbsp;<\/p>\n<!-- AddThis Advanced Settings generic via filter on the_content --><!-- AddThis Share Buttons generic via filter on the_content -->","protected":false},"excerpt":{"rendered":"<p>LAS EDADES DEL HOMBRE; OTRO VARAPALO PARA PLASENCIA, PROPICIADO POR SU ALCALDE. \u00a0 *Tanto lo anunci\u00f3 el Alcalde que al final molest\u00f3 a la Fundaci\u00f3n. *Ninguneo al Alcalde de B\u00e9jar, como si en su Comunidad aut\u00f3noma no contase. *El Obispado de Plasencia, \u00fanico interlocutor v\u00e1lido, hizo la gesti\u00f3n correspondiente ante la Fundaci\u00f3n. Fueron las declaraciones [&hellip;]<!-- AddThis Advanced Settings generic via filter on get_the_excerpt --><!-- AddThis Share Buttons generic via filter on get_the_excerpt --><\/p>\n","protected":false},"author":44,"featured_media":0,"comment_status":"open","ping_status":"closed","sticky":false,"template":"","format":"standard","meta":[],"categories":[2],"tags":[31,155,276,293,296,299,485,486,520,924],"_links":{"self":[{"href":"https:\/\/blogs.hoy.es\/desdelacofa\/wp-json\/wp\/v2\/posts\/307"}],"collection":[{"href":"https:\/\/blogs.hoy.es\/desdelacofa\/wp-json\/wp\/v2\/posts"}],"about":[{"href":"https:\/\/blogs.hoy.es\/desdelacofa\/wp-json\/wp\/v2\/types\/post"}],"author":[{"embeddable":true,"href":"https:\/\/blogs.hoy.es\/desdelacofa\/wp-json\/wp\/v2\/users\/44"}],"replies":[{"embeddable":true,"href":"https:\/\/blogs.hoy.es\/desdelacofa\/wp-json\/wp\/v2\/comments?post=307"}],"version-history":[{"count":0,"href":"https:\/\/blogs.hoy.es\/desdelacofa\/wp-json\/wp\/v2\/posts\/307\/revisions"}],"wp:attachment":[{"href":"https:\/\/blogs.hoy.es\/desdelacofa\/wp-json\/wp\/v2\/media?parent=307"}],"wp:term":[{"taxonomy":"category","embeddable":true,"href":"https:\/\/blogs.hoy.es\/desdelacofa\/wp-json\/wp\/v2\/categories?post=307"},{"taxonomy":"post_tag","embeddable":true,"href":"https:\/\/blogs.hoy.es\/desdelacofa\/wp-json\/wp\/v2\/tags?post=307"}],"curies":[{"name":"wp","href":"https:\/\/api.w.org\/{rel}","templated":true}]}}