{"id":308,"date":"2016-10-23T16:06:03","date_gmt":"2016-10-23T16:06:03","guid":{"rendered":"http:\/\/blogs.hoy.es\/desdelacofa\/?p=308"},"modified":"2016-10-23T16:06:03","modified_gmt":"2016-10-23T16:06:03","slug":"analisis-de-los-mass-de-70-incendios-periurbanos-durante-este-verano-en-plasencia","status":"publish","type":"post","link":"https:\/\/blogs.hoy.es\/desdelacofa\/2016\/10\/23\/analisis-de-los-mass-de-70-incendios-periurbanos-durante-este-verano-en-plasencia\/","title":{"rendered":"AN\u00c1LISIS DE LOS M\u00c1SS DE 70 INCENDIOS PERIURBANOS DURANTE ESTE VERANO EN PLASENCIA"},"content":{"rendered":"<p><strong>AN\u00c1LISIS DE LOS M\u00c1S DE 70 INCENDIOS PERIURBANOS DURANTE ESTE VERANO EN PLASENCIA.<\/strong><\/p>\n<p>&nbsp;<\/p>\n<p><strong>*Se siguen produciendo infinidad de incendios provocados\u00a0 sin que las medidas tomadas por el Ayuntamiento se hagan efectivas.<\/strong><\/p>\n<p><strong>*La presencia policial en las zonas urbanas donde se producen los\u00a0 incendios es casi nula. Patrullas a pi\u00e9 ninguna.<\/strong><\/p>\n<p><strong>*La falta de efectivos policiales en Plasencia se hace clamorosa por la ciudadan\u00eda, pero \u00a0el Ayuntamiento es incapaz de solucionarlo.<\/strong><\/p>\n<p><strong>*La Concejal\u00eda de Medio Ambiente es incapaz de desbrozar las superficies periurbanas secas. A lo m\u00e1s que llega es a desbrozar dos metros de la zona m\u00e1s cercana a viviendas.<\/strong><\/p>\n<p><strong>\u00a0<\/strong><\/p>\n<p>&nbsp;<\/p>\n<p>Los incendios periurbanos en la Capital placentina se siguen produciendo verano tras verano, y gracias a Dios no ha habido ninguna desgracia personal a pesar de la inmediatez de los producidos en las proximidades de zonas residenciales, principalmente del Distrito Norte.<\/p>\n<p>El Ayuntamiento a trav\u00e9s de la Concejal\u00eda de Medio Ambiente realiz\u00f3 labor preventiva desbrozando los dos o tres metros m\u00e1s pr\u00f3ximo a viviendas con el fin de evitar mayores da\u00f1os, pero se ha demostrado que es insuficiente.<\/p>\n<p>Tambi\u00e9n el Alcalde convoc\u00f3 una Junta de Seguridad a mediado de Junio\u00a0 con asistencia de la Delegada del Gobierno y que en la misma se acord\u00f3 una serie de medidas preventivas que pudieran frenar el impulso desatado de los pir\u00f3manos y delincuentes que cada a\u00f1o van provocando m\u00e1s incendios; para ello se acord\u00f3:<\/p>\n<p>1\u00ba.-\u00a0 Redactar un Plan contra incendios periurbanos para hacer m\u00e1s f\u00e1cil la coordinaci\u00f3n entre\u00a0 la Polic\u00eda Nacional y Guardia Civil, por una parte y por otra con la Polic\u00eda Municipal, Bomberos y Protecci\u00f3n Civil.<\/p>\n<p>2\u00ba.- Desplegar cien agentes diarios para vigilancia y prevenci\u00f3n entre los Cuerpos de Polic\u00eda Nacional,\u00a0 Guardia Civil y Polic\u00eda Municipal\u00a0 y complementando a la polic\u00eda efectivos de Protecci\u00f3n Civil.<\/p>\n<p>3\u00ba.- La Guardia Civil, pondr\u00eda a disposici\u00f3n del despliegue\u00a0 y como apoyo al mismo un Helic\u00f3ptero.<\/p>\n<p>Tambi\u00e9n se acord\u00f3 una segunda reuni\u00f3n de la Junta de Seguridad un mes despu\u00e9s de iniciado este despliegue para hacer un seguimiento del mismo y poder corregir aspecto que pudieran mejorar el Plan para ser m\u00e1s eficientes.<\/p>\n<p>Nada de lo acordado y ratificado en rueda de prensa por el Alcalde y la Delegada del Gobierno se ha hecho realidad; \u00a0fue solo un brindis al Sol para quedar bien ante la opini\u00f3n p\u00fablica, dada la proximidad de las Elecciones Generales del 26J.<\/p>\n<p>La realidad es bien conocida por todos los placentinos, que se han quedado boquiabiertos al ser testigos de m\u00e1s de 70 incendios provocados por delincuentes y sin ninguna detenci\u00f3n. El propio Alcalde ha manifestado que el dispositivo, por llamarlo de alguna manera, activado por el Ayuntamiento no ha dado los resultados que se esperaban, significando que la colaboraci\u00f3n ciudadana no hab\u00eda sido suficiente. Es decir, cargando sobre el ciudadano la responsabilidad que deber\u00eda ser m\u00e1s vigilante ante estos hechos delictivos. Como si los avisos recibidos por el 091, 092, 062 y 112, no hubiesen sido siempre avisados por ciudadanos. Nunca a la acci\u00f3n preventiva de las polic\u00edas, que como denuncian los vecinos solo pasaba en coche de tiempo en tiempo. As\u00ed es imposible prevenir nada, dado que la acci\u00f3n disuasoria de las patrullas de polic\u00eda a pi\u00e9 nunca se ha visto por esos lugares. Qu\u00e9 m\u00e1s colaboraci\u00f3n\u00a0 ciudadana quiere el Alcalde, que se organicen patrullas ciudadanas? A que no alcalde, eso tampoco. Pues ya me dir\u00e1. Tampoco le gusta la video vigilancia oficial, la instalada en empresas privadas si, que luego ayudan a la polic\u00eda a identificar. Por qu\u00e9 no empieza por la oficial?, que es m\u00e1s general\u00a0 y cubre mayor superficie. Adem\u00e1s la Polic\u00eda Municipal tiene un centro de pantallas inaugurada por Vd., y que podr\u00edan ser integradas en esa sala. F\u00edjese si seria de utilidad.<\/p>\n<p>Pero sigamos\u00a0 con el an\u00e1lisis. Todav\u00eda el Alcalde\u00a0 no ha dicho ni p\u00edo del por qu\u00e9 no se ha cumplido lo acordado en la Junta de Seguridad. Tampoco ha explicado que a mediados de verano pidi\u00f3 refuerzos policiales a la Jefatura Superior de Polic\u00eda y, seg\u00fan mis fuentes, ni contestaron a la petici\u00f3n de refuerzos. De todo ello los ciudadanos necesitamos conocer y as\u00ed ver la transparencia de sus\u00a0 \u201ceficientes\u201d gestiones.<\/p>\n<p>Tampoco la Delegada del Gobierno ha dicho nada de lo propuesto por ella misma y acordado en Junta de Seguridad. Ella misma dijo que al mes siguiente de iniciado el despliegue, volver\u00eda a la capital placentina a celebrar una nueva Junta de Seguridad para hacer un seguimiento y an\u00e1lisis del mismo. Nada m\u00e1s se supo de la Delegada. Tambi\u00e9n fue para quedar bien ante el electorado por proximidad de Elecciones Generales? As\u00ed nos lo ha parecido a los placentinos.<\/p>\n<p>En el an\u00e1lisis superficial y de circunstancias que ha dado el Alcalde, solo nos dice que acepta la propuesta del PSOE para realizar charlas de prevenci\u00f3n sobre incendios en los centros escolares y el informe de los Bomberos de Plasencia, recomendando al Ayuntamiento que el desbroce se haga con tractores para abarcar mas superficie y minimizar las enormes lenguas de fuego del pastizal alto. Parece que ha aceptado estas dos recomendaciones, pero la principal la que corresponde al gobierno central, el reforzar la Polic\u00eda Nacional y Guardia Civil, ni caso, conociendo como conoce el d\u00e9ficit de plantillas en ambos cuerpos incluido el municipal. A los hechos nos remitimos y que ya ha sido comentado en otras singladuras de este Blog sobre la necesidad de una plantilla mayor de estos tres Cuerpos policiales.<\/p>\n<p>Hemos podido comprobar que la fuerza de persuasi\u00f3n de este Alcalde, para defender los asuntos de Plasencia, son de muy poco alcance y eso que el gobierno central es de su propio partido y su Delegada en la regi\u00f3n igualmente. Pero ni as\u00ed han conseguido lo que ellos mismos ofrecieron en rueda de prensa. Es decir nuevamente enga\u00f1aron a los placentinos, tanto ella como \u00e9l. Los pol\u00edticos no deben mentir nunca y menos en el uso de sus facultades como autoridad p\u00fablica. El pueblo debe confiar en ellos y est\u00e1n demostrando poca fiabilidad y eso es malo para ellos. En una democracia normal, no en esta partitocracia, habr\u00edan dimitido por enga\u00f1ar a los ciudadanos. Otra cosa ser\u00eda si lo acordado y previsto en la Junta de Seguridad no hubiese dado resultados eficaces, una vez puesto los medios humanos y materiales.<\/p>\n<p>Pero bueno, aqu\u00ed no pasa nada. Pero seguimos pidiendo al Alcalde que nos explique el por qu\u00e9 de ese incumplimiento y tambi\u00e9n pedimos a los grupos de oposici\u00f3n municipal, que tambi\u00e9n nos representan en el consistorio placentino, que no se conformen con que les haya hecho llegar un informe elaborado por la Escuela de Forestales de la UEX del Campus de Plasencia sobre incendios periurbanos y formas de reducir este riesgo.<\/p>\n<p>Los placentinos seguimos esperando explicaciones a este may\u00fasculo enga\u00f1o y que ha puesto en riesgo este verano, un a\u00f1o m\u00e1s, a zonas residenciales de nuestra ciudad.<\/p>\n<p>&nbsp;<\/p>\n<!-- AddThis Advanced Settings generic via filter on the_content --><!-- AddThis Share Buttons generic via filter on the_content -->","protected":false},"excerpt":{"rendered":"<p>AN\u00c1LISIS DE LOS M\u00c1S DE 70 INCENDIOS PERIURBANOS DURANTE ESTE VERANO EN PLASENCIA. &nbsp; *Se siguen produciendo infinidad de incendios provocados\u00a0 sin que las medidas tomadas por el Ayuntamiento se hagan efectivas. *La presencia policial en las zonas urbanas donde se producen los\u00a0 incendios es casi nula. Patrullas a pi\u00e9 ninguna. *La falta de efectivos [&hellip;]<!-- AddThis Advanced Settings generic via filter on get_the_excerpt --><!-- AddThis Share Buttons generic via filter on get_the_excerpt --><\/p>\n","protected":false},"author":44,"featured_media":0,"comment_status":"open","ping_status":"closed","sticky":false,"template":"","format":"standard","meta":[],"categories":[2],"tags":[279,503,524,580,625,635],"_links":{"self":[{"href":"https:\/\/blogs.hoy.es\/desdelacofa\/wp-json\/wp\/v2\/posts\/308"}],"collection":[{"href":"https:\/\/blogs.hoy.es\/desdelacofa\/wp-json\/wp\/v2\/posts"}],"about":[{"href":"https:\/\/blogs.hoy.es\/desdelacofa\/wp-json\/wp\/v2\/types\/post"}],"author":[{"embeddable":true,"href":"https:\/\/blogs.hoy.es\/desdelacofa\/wp-json\/wp\/v2\/users\/44"}],"replies":[{"embeddable":true,"href":"https:\/\/blogs.hoy.es\/desdelacofa\/wp-json\/wp\/v2\/comments?post=308"}],"version-history":[{"count":0,"href":"https:\/\/blogs.hoy.es\/desdelacofa\/wp-json\/wp\/v2\/posts\/308\/revisions"}],"wp:attachment":[{"href":"https:\/\/blogs.hoy.es\/desdelacofa\/wp-json\/wp\/v2\/media?parent=308"}],"wp:term":[{"taxonomy":"category","embeddable":true,"href":"https:\/\/blogs.hoy.es\/desdelacofa\/wp-json\/wp\/v2\/categories?post=308"},{"taxonomy":"post_tag","embeddable":true,"href":"https:\/\/blogs.hoy.es\/desdelacofa\/wp-json\/wp\/v2\/tags?post=308"}],"curies":[{"name":"wp","href":"https:\/\/api.w.org\/{rel}","templated":true}]}}