{"id":309,"date":"2016-11-10T16:31:07","date_gmt":"2016-11-10T16:31:07","guid":{"rendered":"http:\/\/blogs.hoy.es\/desdelacofa\/?p=309"},"modified":"2016-11-10T16:31:07","modified_gmt":"2016-11-10T16:31:07","slug":"los-extremenos-pedimos-un-tren-digno","status":"publish","type":"post","link":"https:\/\/blogs.hoy.es\/desdelacofa\/2016\/11\/10\/los-extremenos-pedimos-un-tren-digno\/","title":{"rendered":"LOS EXTREME\u00d1OS PEDIMOS UN TREN DIGNO"},"content":{"rendered":"<p><strong>LOS EXTREME\u00d1OS PEDIMOS UN TREN DIGNO<\/strong><\/p>\n<p>&nbsp;<\/p>\n<p><strong>*No tenemos las l\u00edneas electrificadas.<\/strong><\/p>\n<p><strong>*La velocidad en algunos tramos est\u00e1 entre 40 o 50 \u00a0Kms.\/h.<\/strong><\/p>\n<p><strong>*La estaci\u00f3n denominada Plasencia &#8211; Empalme, despu\u00e9s Palazuelo y finalmente Monfrag\u00fce, es todo un desprop\u00f3sito para la Capital placentina.<\/strong><\/p>\n<p><strong>*Incapacidad de nuestras estaciones para el transporte de mercanc\u00edas.<\/strong><\/p>\n<p><strong>*Es necesaria la reapertura ferroviaria de la Ruta de la Plata, Plasencia \u2013 Astorga, para el desarrollo del Norte de Extremadura y comunicaci\u00f3n norte &#8211; sur por el Oeste peninsular<\/strong>.<\/p>\n<p>&nbsp;<\/p>\n<p>&nbsp;<\/p>\n<p>Empiezan a darse cuenta los partidos pol\u00edticos, y sobre todo los que han tenido responsabilidades de gobierno, que los ciudadanos ya no nos fiamos de sus declaraciones, incluidas las llevadas a cabo con fotos con la mism\u00edsima Ministra de Fomento, pues nos mienten y falsean la ingente cantidad de datos que nos trasladan para al final no cumplir. No solo el proceso administrativo que lo incumplen, sino las fechas de terminaci\u00f3n de los proyectos, que tambi\u00e9n. Les da igual que la regi\u00f3n tenga que estar sumida en subdesarrollo ferroviario tan importante para la econom\u00eda de nuestra regi\u00f3n.<\/p>\n<p>Estamos hartos de los incumplimientos de estos pol\u00edticos y sobre todo de la poca eficacia en la defensa de nuestros intereses, dado que no quieren enfrentarse a su\u00a0 propio partido en el gobierno central.<\/p>\n<p>Es curioso, solo se mueven un poquito cuando son de distinto color pol\u00edtico en el gobierno central o en el auton\u00f3mico, y as\u00ed la regi\u00f3n no se desarrolla nunca.<\/p>\n<p>Por eso la indignaci\u00f3n de los extreme\u00f1os est\u00e1 subiendo de tono y no se f\u00edan de los partidos. Es la sociedad civil articulada en sus asociaciones, movimientos vecinales, colegios profesionales, plataformas, Sindicatos, Confederaci\u00f3n empresarial, etc., las que est\u00e1n demostrando a los partidos pol\u00edticos que ellos no nos sirven, no son buenos interlocutores, que estos solo miran para sus intereses y no para la colectividad que los ha elegido para que les resuelvan sus problemas.<\/p>\n<p>Por eso la sociedad civil ha empezado a moverse en Badajoz el pasado d\u00eda 22 de Octubre y no solo quedar\u00e1 en Badajoz, sino que se extender\u00e1 por las principales ciudades de nuestra regi\u00f3n.<\/p>\n<p>Esta plataforma ciudadana, sin que ning\u00fan partido ni sindicato la contamine y siga siendo liderando como va por la sociedad civil extreme\u00f1a, ir\u00e1 dando sus resultados; aunque los partidos y sindicatos apoyen a la misma \u00a0como lo hacen el resto de asociaciones de toda \u00edndole. Es la \u00fanica forma de decirles a los pol\u00edticos que estamos hartos de sus promesas siempre incumplidas. No se puede seguir enga\u00f1ando a los ciudadanos.<\/p>\n<p>El ferrocarril es elemento de desarrollo; lo ha sido en otras comunidades y queremos que lo sea en la nuestra para nuestro despegue econ\u00f3mico.<\/p>\n<p>Solo tenemos que ver el mapa ferroviario espa\u00f1ol y darnos cuenta del aislamiento en que han dejado a nuestra regi\u00f3n. Seguimos teniendo cerrado el corredor norte-sur, entre Plasencia y Salamanca para continuar hasta Astorga, dejando el Oeste peninsular estrangulado. El corredor Madrid-Badajoz, obsoleto y muy limitado en alcanzar la velocidad competitiva. No hay electrificaci\u00f3n en nuestras v\u00edas, limit\u00e1ndose solo a la tracci\u00f3n diesel. No existe comunicaci\u00f3n con Portugal por nuestra regi\u00f3n. El tiempo que tardan en los distintos enlaces con Madrid hacen todo un sufrimiento para nuestros viajeros, incumpli\u00e9ndose horarios y con muchas aver\u00edas dada la antig\u00fcedad de los veh\u00edculos.<\/p>\n<p>Tampoco las empresas agroindustriales pueden transportar sus productos por falta de capacidad\u00a0 para mercanc\u00edas, teni\u00e9ndolo que sacar por carretera encareci\u00e9ndose los costes a nuestras empresas.<\/p>\n<p>En nuestra regi\u00f3n el ferrocarril ha sido todo perjuicio, nunca beneficio, aunque paguemos los mismos impuestos que los catalanes o vascos.<\/p>\n<p>El ninguneo de los gobiernos centrales con\u00a0 los extreme\u00f1os ha sido muy notorio, sin que ning\u00fan partido pol\u00edtico en el gobierno auton\u00f3mico haya sido capaz de denunciar.<\/p>\n<p>Hasta en esta manifestaci\u00f3n el PP no ha sido capaz de tener la valent\u00eda de estar reivindicando, junto con sus ciudadanos, \u201cun tren digno\u201d, solo eso, un tren digno que nos acorte tiempo entre ciudades y sirva de transporte a nuestros productos agr\u00edcolas, frut\u00edcolas y manufacturados.<\/p>\n<p>Por eso la importancia de esta reivindicaci\u00f3n es que el protagonismo sea de toda la sociedad civil extreme\u00f1a; es decir, los extreme\u00f1os de a pi\u00e9 y nada m\u00e1s que nosotros. Ya se dar\u00e1n cuenta los pol\u00edticos que no se nos puede seguir enga\u00f1ando.<\/p>\n<!-- AddThis Advanced Settings generic via filter on the_content --><!-- AddThis Share Buttons generic via filter on the_content -->","protected":false},"excerpt":{"rendered":"<p>LOS EXTREME\u00d1OS PEDIMOS UN TREN DIGNO &nbsp; *No tenemos las l\u00edneas electrificadas. *La velocidad en algunos tramos est\u00e1 entre 40 o 50 \u00a0Kms.\/h. *La estaci\u00f3n denominada Plasencia &#8211; Empalme, despu\u00e9s Palazuelo y finalmente Monfrag\u00fce, es todo un desprop\u00f3sito para la Capital placentina. *Incapacidad de nuestras estaciones para el transporte de mercanc\u00edas. *Es necesaria la reapertura [&hellip;]<!-- AddThis Advanced Settings generic via filter on get_the_excerpt --><!-- AddThis Share Buttons generic via filter on get_the_excerpt --><\/p>\n","protected":false},"author":44,"featured_media":0,"comment_status":"open","ping_status":"closed","sticky":false,"template":"","format":"standard","meta":[],"categories":[2],"tags":[114,343,414,499,514,638,774],"_links":{"self":[{"href":"https:\/\/blogs.hoy.es\/desdelacofa\/wp-json\/wp\/v2\/posts\/309"}],"collection":[{"href":"https:\/\/blogs.hoy.es\/desdelacofa\/wp-json\/wp\/v2\/posts"}],"about":[{"href":"https:\/\/blogs.hoy.es\/desdelacofa\/wp-json\/wp\/v2\/types\/post"}],"author":[{"embeddable":true,"href":"https:\/\/blogs.hoy.es\/desdelacofa\/wp-json\/wp\/v2\/users\/44"}],"replies":[{"embeddable":true,"href":"https:\/\/blogs.hoy.es\/desdelacofa\/wp-json\/wp\/v2\/comments?post=309"}],"version-history":[{"count":0,"href":"https:\/\/blogs.hoy.es\/desdelacofa\/wp-json\/wp\/v2\/posts\/309\/revisions"}],"wp:attachment":[{"href":"https:\/\/blogs.hoy.es\/desdelacofa\/wp-json\/wp\/v2\/media?parent=309"}],"wp:term":[{"taxonomy":"category","embeddable":true,"href":"https:\/\/blogs.hoy.es\/desdelacofa\/wp-json\/wp\/v2\/categories?post=309"},{"taxonomy":"post_tag","embeddable":true,"href":"https:\/\/blogs.hoy.es\/desdelacofa\/wp-json\/wp\/v2\/tags?post=309"}],"curies":[{"name":"wp","href":"https:\/\/api.w.org\/{rel}","templated":true}]}}