{"id":311,"date":"2016-11-23T13:00:10","date_gmt":"2016-11-23T13:00:10","guid":{"rendered":"http:\/\/blogs.hoy.es\/desdelacofa\/?p=311"},"modified":"2016-11-23T13:00:10","modified_gmt":"2016-11-23T13:00:10","slug":"para-cuando-los-accesos-norte-y-sur-de-la-autovia-a-66-a-plasencia","status":"publish","type":"post","link":"https:\/\/blogs.hoy.es\/desdelacofa\/2016\/11\/23\/para-cuando-los-accesos-norte-y-sur-de-la-autovia-a-66-a-plasencia\/","title":{"rendered":"\u00bfPARA CUANDO LOS ACCESOS NORTE Y SUR DE LA AUTOVIA A-66 A PLASENCIA?"},"content":{"rendered":"<p align=\"center\"><strong>\u00bf<\/strong><strong>PARA CU\u00c1NDO LOS ACCESOS NORTE Y SUR DE LA AUTOV\u00cdA A-66\u00a0 A\u00a0\u00a0 PLASENCIA?<\/strong><\/p>\n<p>&nbsp;<\/p>\n<p><strong>*Seguimos sin conocer por qu\u00e9 no se han ejecutado los enlaces Norte y Sur de la A-66 que dan acceso a Plasencia.<\/strong><\/p>\n<p><strong>*El no tener estos accesos construidos nos lleva a no tener se\u00f1alizaci\u00f3n de la ciudad en la A-66, con los consiguientes trastornos para los ciudadanos en su seguridad vial.<\/strong><\/p>\n<p><strong>*El Alcalde de Plasencia lleva casi seis a\u00f1os en el gobierno local sin haberlos impulsado, habiendo tenido el PP en el gobierno regional y central.<\/strong><\/p>\n<p><strong>*Tampoco los grupos de la oposici\u00f3n municipal se han interesado en una infraestructura tan importante para la ciudad.<\/strong><\/p>\n<p><strong>*Tenemos pol\u00edticos locales que miran solo para el d\u00eda a d\u00eda y muy poco para el futuro de la ciudad. <\/strong><\/p>\n<p>&nbsp;<\/p>\n<p>Siempre nos ocurre lo mismo cuando se materializa una infraestructura importante como fue la autov\u00eda A-66 con respecto a la ciudad.<\/p>\n<p>Mira que tard\u00f3 y tard\u00f3 en hacerse esta autov\u00eda que un\u00eda Gij\u00f3n con Sevilla por el Oeste peninsular y que tan necesaria era para nuestro\u00a0 propio desarrollo, no solo de la Capital placentina sino de todo el norte de Extremadura y para la propia regi\u00f3n.<\/p>\n<p>Esta singladura nos lleva una vez m\u00e1s sobre la misma derrota, dada la importancia que tiene para una ciudad y su zona de influencia (Norte de Extremadura), las infraestructuras de carreteras y ferroviarias, que vertebran una zona tan extensa como el norte regional. Por ello su \u00a0vital importancia\u00a0 para el desarrollo econ\u00f3mico, social y tur\u00edstico.<\/p>\n<p>Nuestros pol\u00edticos fueron incapaces de acelerar el proyecto y a punto estuvo de dejar cojo el proyecto intentando dejar solo un carril entre Ba\u00f1os de Montemayor y Puerto de B\u00e9jar. Ins\u00f3lito verdad, pues a punto estuvo. \u00a0Menos mal que todo qued\u00f3 en susto. Si alguno, al leer estas notas no se lo cree, que vaya a la hemeroteca.<\/p>\n<p>Este corredor, adem\u00e1s de desarrollar nuestra regi\u00f3n, ha servido para mejorar las comunicaciones Norte-Sur peninsular, sin pasar por Madrid. Hecho importante para la industria, comercio y sobre todo el turismo, gran motor de desarrollo del Norte de Extremadura.<\/p>\n<p>Pues despu\u00e9s de llevar abierta al tr\u00e1fico algunas decenas de a\u00f1os, nos encontramos con que en la Capital placentina todav\u00eda no se han realizado los accesos Norte y Sur. Hecho ins\u00f3lito verdad, pero real como la vida misma. El proyecto los consideraba, pero la nula acci\u00f3n pol\u00edtica de nuestros Alcaldes para impulsarlos ante los Ministros de Fomento, el resultado es este; nadie se lo record\u00f3 ni en su despacho ni en sus visitas a la ciudad. Para los Alcaldes no ha sido importante el record\u00e1rselo.<\/p>\n<p>Tampoco para\u00a0 el Alcalde, Fernando Pizarro Garc\u00eda, que se lo encontr\u00f3 as\u00ed aunque \u00e9l llevaba m\u00e1s de 18 a\u00f1os en el Ayuntamiento y como pol\u00edtico deber\u00eda conocer; tampoco ha hecho nada en sus casi seis a\u00f1os de gobierno municipal. No lo ha impulsado ni reivindicado como proyecto importante y necesario para la ciudad. Se lo recordamos nuevamente en esta singladura.<\/p>\n<p>El acceso Norte est\u00e1 proyectado sobre un viaducto que dar\u00eda acceso\u00a0 desde la autov\u00eda hasta aproximadamente la zona pr\u00f3xima a la actual intersecci\u00f3n\u00a0 entre\u00a0 la Ronda Oeste\u00a0 con la Avda. de Salamanca, donde el Ministerio de Fomento tiene previsto hacer una rotonda. Este enlace , por cierto, actualmente es un punto negro para el tr\u00e1fico rodado y la seguridad vial sigue esperando la actuaci\u00f3n ministerial.<\/p>\n<p>Esperemos que este recordatorio le sirva al Alcalde para, a su vez, recordar al Ministro de Fomento de su partido que a\u00fan est\u00e1 sin hacerse.<\/p>\n<p>Vayamos al\u00a0 acceso Sur. Con menos problemas orogr\u00e1ficos y nadie se lo explica pero tampoco se ha hecho nada, aunque el proyecto lo preve\u00eda. Inconcebible pero en Plasencia pasa eso y lo peor de todo es que ning\u00fan pol\u00edtico tanto del gobierno como de la oposici\u00f3n lo reclama.<\/p>\n<p>Esta es la incongruencia de nuestros gobernantes, el olvido de exigir al Ministerio de Fomento que se realicen.<\/p>\n<p>Terminamos esta singladura, agradeciendo a la Junta de Extremadura que con presupuesto de la misma se haya desdoblado el acceso Oeste desde la A-66, supliendo la poca sensibilidad que est\u00e1 teniendo el Ministerio de Fomento con la Capital placentina, discrimin\u00e1ndola con lo realizado en los accesos de C\u00e1ceres y M\u00e9rida desde la A-66, realizando todos sus accesos desde dicha autov\u00eda. Fuimos la \u00fanica de las tres ciudades por donde pasa la autov\u00eda que no se realizaron sus accesos correctamente.<\/p>\n<p>Esto demuestra el nivel de preocupaci\u00f3n\u00a0 y la mala gesti\u00f3n de nuestros Alcaldes para con los asuntos importantes aunque fuera solo por imagen de la ciudad.<\/p>\n<p>Es una gran desgracia para los placentinos, tener Alcaldes despreocupados de los proyectos importantes que hacen ciudad y dan buena imagen, y solo est\u00e1n preocupados o distra\u00eddos con cosas menores y de mantenimiento de servicios, propios de concejal\u00eda delegada y que no sirven para el desarrollo de la ciudad como son buenos y modernos accesos de salida y entrada. Pues si no fueran importantes, por qu\u00e9 en unas ciudades\u00a0 se realizan y en otra no?.\u00a0 Existen o no diferencias?.<\/p>\n<p>Es por lo que los placentinos demandamos estas infraestructuras que proyectan y dan prestigio a nuestra ciudad.<\/p>\n<!-- AddThis Advanced Settings generic via filter on the_content --><!-- AddThis Share Buttons generic via filter on the_content -->","protected":false},"excerpt":{"rendered":"<p>\u00bfPARA CU\u00c1NDO LOS ACCESOS NORTE Y SUR DE LA AUTOV\u00cdA A-66\u00a0 A\u00a0\u00a0 PLASENCIA? &nbsp; *Seguimos sin conocer por qu\u00e9 no se han ejecutado los enlaces Norte y Sur de la A-66 que dan acceso a Plasencia. *El no tener estos accesos construidos nos lleva a no tener se\u00f1alizaci\u00f3n de la ciudad en la A-66, con [&hellip;]<!-- AddThis Advanced Settings generic via filter on get_the_excerpt --><!-- AddThis Share Buttons generic via filter on get_the_excerpt --><\/p>\n","protected":false},"author":44,"featured_media":0,"comment_status":"open","ping_status":"closed","sticky":false,"template":"","format":"standard","meta":[],"categories":[2],"tags":[163,277,497,644,732,871],"_links":{"self":[{"href":"https:\/\/blogs.hoy.es\/desdelacofa\/wp-json\/wp\/v2\/posts\/311"}],"collection":[{"href":"https:\/\/blogs.hoy.es\/desdelacofa\/wp-json\/wp\/v2\/posts"}],"about":[{"href":"https:\/\/blogs.hoy.es\/desdelacofa\/wp-json\/wp\/v2\/types\/post"}],"author":[{"embeddable":true,"href":"https:\/\/blogs.hoy.es\/desdelacofa\/wp-json\/wp\/v2\/users\/44"}],"replies":[{"embeddable":true,"href":"https:\/\/blogs.hoy.es\/desdelacofa\/wp-json\/wp\/v2\/comments?post=311"}],"version-history":[{"count":0,"href":"https:\/\/blogs.hoy.es\/desdelacofa\/wp-json\/wp\/v2\/posts\/311\/revisions"}],"wp:attachment":[{"href":"https:\/\/blogs.hoy.es\/desdelacofa\/wp-json\/wp\/v2\/media?parent=311"}],"wp:term":[{"taxonomy":"category","embeddable":true,"href":"https:\/\/blogs.hoy.es\/desdelacofa\/wp-json\/wp\/v2\/categories?post=311"},{"taxonomy":"post_tag","embeddable":true,"href":"https:\/\/blogs.hoy.es\/desdelacofa\/wp-json\/wp\/v2\/tags?post=311"}],"curies":[{"name":"wp","href":"https:\/\/api.w.org\/{rel}","templated":true}]}}