{"id":314,"date":"2017-02-20T13:00:03","date_gmt":"2017-02-20T13:00:03","guid":{"rendered":"http:\/\/blogs.hoy.es\/desdelacofa\/?p=314"},"modified":"2017-02-20T13:00:03","modified_gmt":"2017-02-20T13:00:03","slug":"quiero-a-plasencia-pero-no-me-gusta-su-deriva","status":"publish","type":"post","link":"https:\/\/blogs.hoy.es\/desdelacofa\/2017\/02\/20\/quiero-a-plasencia-pero-no-me-gusta-su-deriva\/","title":{"rendered":"QUIERO A PLASENCIA PERO NO ME GUSTA SU DERIVA"},"content":{"rendered":"<p><strong>QUIERO A PLASENCIA PERO NO ME GUSTA SU DERIVA<\/strong><\/p>\n<p><strong>\u00a0<\/strong><\/p>\n<p><strong>\u00a0<\/strong><\/p>\n<p><strong>*La margen derecha del Rio\u00a0 Tajo engloba a las\u00a0 ocho comarcas con mayor poblaci\u00f3n del resto de la Provincia.<\/strong><\/p>\n<p><strong>*Estamos perdiendo poblaci\u00f3n.<\/strong><\/p>\n<p><strong>*Plasencia es la\u00a0 Capital natural del Norte de Extremadura.<\/strong><\/p>\n<p><strong>*La gran extensi\u00f3n del territorio extreme\u00f1o hace necesario e imprescindible una mayor\u00a0 descentralizaci\u00f3n administrativa.<\/strong><strong><\/strong><\/p>\n<p>&nbsp;<\/p>\n<p>Iniciamos un nuevo a\u00f1o (2017) y una nueva singladura con la mirada fija en el horizonte placentino. No es que sea pesimista, pero mi an\u00e1lisis me lleva a que la Capital placentina no lleva el rumbo que siempre tuvo. Locomotora industrial y de servicios no solo para el desarrollo de la Ciudad sino de todo el Norte de Extremadura, de la que es Capital natural con todos sus derechos y obligaciones.<\/p>\n<p>Todas las Comarcas que conforman este territorio a la Derecha del Tajo, fijan su mirada en nuestra Ciudad como referente capitalino para mantener su propia supervivencia como n\u00facleos poblacionales que quieren\u00a0 seguir existiendo. Para ello es necesario mantener una sinergia entre todas las poblaciones que conformamos el norte regional con su referente que es Plasencia. As\u00ed lo ha sido, lo es y debe seguir siendo por el bienestar de todos.<\/p>\n<p>La poblaci\u00f3n en nuestra regi\u00f3n sigue disminuyendo, \u00a0est\u00e1 envejeciendo y nuestra extensi\u00f3n territorial sigue siendo la misma con todos sus problemas. Los servicios con esta dispersi\u00f3n se encuentran demasiado concentrados. La administraci\u00f3n tambi\u00e9n contin\u00faa sin acercar la administraci\u00f3n al administrado. Nuestra industria transformadora sigue siendo limitada a pesar de la gran producci\u00f3n de nuestros\u00a0 regad\u00edos. La infraestructura ferroviaria ya ven con qu\u00e9 lentitud se desarrolla. Esta es la cruda realidad y nuestros pol\u00edticos siguen sin darse cuenta de ello.<\/p>\n<p>En concreto y refiri\u00e9ndonos fundamentalmente a nuestra Ciudad, la p\u00e9rdida de habitantes que lleva sufriendo en estos seis \u00faltimos a\u00f1os es llamativa, dado que Plasencia en todo su registro hist\u00f3rico demogr\u00e1fico reciente siempre ha ido creciendo, poco, pero siempre creciendo. \u00bfQu\u00e9 est\u00e1 pasando entonces? La demograf\u00eda en nuestra naci\u00f3n ha bajado de forma preocupante, de una manera general y ha afectado tambi\u00e9n a nuestra regi\u00f3n. Como es un problema general no quiero profundizar m\u00e1s en este tema.<\/p>\n<p>Si quiero adentrarme un poco\u00a0 en otra forma de dinamizaci\u00f3n necesaria y que nuestra Ciudad est\u00e1 en d\u00e9ficit y que si se consiguiera dar\u00edan nuevas fuerzas para el desarrollo futuro.<\/p>\n<p>En este campo es necesario el apoyo decidido de la Administraci\u00f3n Central y de la Auton\u00f3mica. La dotaci\u00f3n de m\u00e1s\u00a0 servicios administrativos perif\u00e9ricos es m\u00e1s que necesario para acercar la administraci\u00f3n al administrado y con ello se aumenta poblaci\u00f3n. Tenemos ejemplos evidentes con C\u00e1ceres y M\u00e9rida.<\/p>\n<p>La primera al crearse como capital de la provincia en 1833 con la Ley de Burgo y dotarla de servicios administrativos perif\u00e9ricos del gobierno central, con ello empez\u00f3 a fijar poblaci\u00f3n en detrimento de otras. As\u00ed lleva m\u00e1s de 150 a\u00f1os y ah\u00ed est\u00e1. No tengo nada en contra, pero es verdad que con la llegada de un sistema democr\u00e1tico a nuestra naci\u00f3n a partir de 1978 y consiguientemente desarrollando el Estado de las Autonom\u00edas, fue pol\u00edtica general el ir descentralizando competencias y por consiguiente servicios. As\u00ed ocurri\u00f3 en algunas ciudades\u00a0 que no eran capitales de provincia de otras Autonom\u00edas pero en la nuestra nunca se ejecut\u00f3. Qued\u00f3 solo para los m\u00edtines y promesas de los Partidos. Prevaleci\u00f3 el que la capital provincial\u00a0 siguiera creciendo aunque fuese en detrimento de nuestra Ciudad principalmente a sabiendas de la gran extensi\u00f3n territorial, de su orograf\u00eda y de que al Norte del Tajo el n\u00famero de habitantes es mayor y con las tierras de labor y regad\u00edo m\u00e1s productivas.<\/p>\n<p>Todos estos 150 a\u00f1os de divisi\u00f3n administrativa han llevado a \u00a0centralizar y centralizar todo, sin tener en cuenta que las necesidades de la poblaci\u00f3n eran lo contrario, a sabiendas que el localismo se encargaba de no saciarse nunca.<\/p>\n<p>Con el actual estado auton\u00f3mico, tampoco se ha querido avanzar en ello, cre\u00e1ndose otra nueva\u00a0 administraci\u00f3n centralizadora. No pongo ejemplos para no extenderme, pues llenar\u00edamos unas p\u00e1ginas m\u00e1s del Blog.<\/p>\n<p>En segundo lugar, M\u00e9rida, que fue votada por los extreme\u00f1os como su capital auton\u00f3mica y con ello sede del gobierno auton\u00f3mico y consiguientemente con una nueva divisi\u00f3n\u00a0 administrativa propia y con el fundamento constitucional de una descentralizaci\u00f3n, pero la realidad fue la contraria, una nueva concentraci\u00f3n de servicios administrativos sin detrimento del central y provincial.<\/p>\n<p>Con ello,\u00a0 tanto en una como en la otra la poblaci\u00f3n creci\u00f3 y tambi\u00e9n su desarrollo. Por tanto la poblaci\u00f3n residente a la derecha del Tajo, y que tiene su capital natural en Plasencia, necesita se fije en su capital los criterios dimanantes del gobierno central y auton\u00f3mico de llevar la administraci\u00f3n al ciudadano, lo m\u00e1s pr\u00f3ximo a su residencia.<\/p>\n<p>Plasencia y su zona de influencia con ocho Comarcas a su alrededor sigue a la espera de esa descentralizaci\u00f3n administrativa que tanto ayudar\u00edan a su desarrollo. \u00bfPor qu\u00e9 no se ha conseguido? Quiz\u00e1s por la cortedad de miras \u00a0de nuestros pol\u00edticos y concretamente por el escaso impulso que han concedido los Alcaldes de Plasencia a este fen\u00f3meno descentralizador. No han dado la importancia suficiente a ello y as\u00ed estamos frenados.<\/p>\n<p>En una Ciudad como la nuestra sin un gran desarrollo industrial, sin\u00a0 empresas suficientes\u00a0 capaces de transformar nuestra gran producci\u00f3n agr\u00edcola y\u00a0 frut\u00edcola de nuestros regad\u00edos\u00a0 como potencial agro-industrial, derivado de nuestra gran extensi\u00f3n de tierras en regad\u00edos, hacen que el valor a\u00f1adido se vaya a otras latitudes y con ello nuestra poblaci\u00f3n.<\/p>\n<p>Y si adem\u00e1s le negamos la dotaci\u00f3n administrativa en base a un fuerte localismo auton\u00f3mico y central, llevan al Norte de Extremadura a una delicada situaci\u00f3n.<\/p>\n<p>Con respecto al \u00a0turismo, como fuente de desarrollo, tambi\u00e9n se nos ha ninguneado y se nos sigue ninguneando, a sabiendas del potencial natural y monumental de esta zona. Un ejemplo claro lo tenemos en la \u00faltima Feria\u00a0 de Turismo interior celebrada en Le\u00f3n, que en el Stand de Extremadura silenciaba a Plasencia y a las Comarcas naturales del norte regional, como si no existieran. \u00bfEsto es localismo o no?.<\/p>\n<p>&nbsp;<\/p>\n<p>&nbsp;<\/p>\n<!-- AddThis Advanced Settings generic via filter on the_content --><!-- AddThis Share Buttons generic via filter on the_content -->","protected":false},"excerpt":{"rendered":"<p>QUIERO A PLASENCIA PERO NO ME GUSTA SU DERIVA \u00a0 \u00a0 *La margen derecha del Rio\u00a0 Tajo engloba a las\u00a0 ocho comarcas con mayor poblaci\u00f3n del resto de la Provincia. *Estamos perdiendo poblaci\u00f3n. *Plasencia es la\u00a0 Capital natural del Norte de Extremadura. *La gran extensi\u00f3n del territorio extreme\u00f1o hace necesario e imprescindible una mayor\u00a0 descentralizaci\u00f3n [&hellip;]<!-- AddThis Advanced Settings generic via filter on get_the_excerpt --><!-- AddThis Share Buttons generic via filter on get_the_excerpt --><\/p>\n","protected":false},"author":44,"featured_media":0,"comment_status":"open","ping_status":"closed","sticky":false,"template":"","format":"standard","meta":[],"categories":[2],"tags":[168,487,493,544,705,709],"_links":{"self":[{"href":"https:\/\/blogs.hoy.es\/desdelacofa\/wp-json\/wp\/v2\/posts\/314"}],"collection":[{"href":"https:\/\/blogs.hoy.es\/desdelacofa\/wp-json\/wp\/v2\/posts"}],"about":[{"href":"https:\/\/blogs.hoy.es\/desdelacofa\/wp-json\/wp\/v2\/types\/post"}],"author":[{"embeddable":true,"href":"https:\/\/blogs.hoy.es\/desdelacofa\/wp-json\/wp\/v2\/users\/44"}],"replies":[{"embeddable":true,"href":"https:\/\/blogs.hoy.es\/desdelacofa\/wp-json\/wp\/v2\/comments?post=314"}],"version-history":[{"count":0,"href":"https:\/\/blogs.hoy.es\/desdelacofa\/wp-json\/wp\/v2\/posts\/314\/revisions"}],"wp:attachment":[{"href":"https:\/\/blogs.hoy.es\/desdelacofa\/wp-json\/wp\/v2\/media?parent=314"}],"wp:term":[{"taxonomy":"category","embeddable":true,"href":"https:\/\/blogs.hoy.es\/desdelacofa\/wp-json\/wp\/v2\/categories?post=314"},{"taxonomy":"post_tag","embeddable":true,"href":"https:\/\/blogs.hoy.es\/desdelacofa\/wp-json\/wp\/v2\/tags?post=314"}],"curies":[{"name":"wp","href":"https:\/\/api.w.org\/{rel}","templated":true}]}}