{"id":317,"date":"2017-03-22T12:52:58","date_gmt":"2017-03-22T12:52:58","guid":{"rendered":"http:\/\/blogs.hoy.es\/desdelacofa\/?p=317"},"modified":"2017-03-22T12:52:58","modified_gmt":"2017-03-22T12:52:58","slug":"la-construccion-de-viviendas-en-la-sierra-de-santa-barbara","status":"publish","type":"post","link":"https:\/\/blogs.hoy.es\/desdelacofa\/2017\/03\/22\/la-construccion-de-viviendas-en-la-sierra-de-santa-barbara\/","title":{"rendered":"LA CONSTRUCCI\u00d3N DE VIVIENDAS EN LA SIERRA DE SANTA BARBARA"},"content":{"rendered":"<p><strong>LA CONSTRUCCI\u00d3N DE VIVIENDAS EN LA SIERRA DE SANTA BARBARA<\/strong><\/p>\n<p><strong>\u00a0<\/strong><\/p>\n<p><strong>\u00a0<\/strong><\/p>\n<p><strong>*\u00bfDejadez municipal durante estos \u00faltimos 30 a\u00f1os?<\/strong><\/p>\n<p><strong>*\u00bfQu\u00e9 fue de la disciplina urban\u00edstica?<\/strong><\/p>\n<p><strong>*\u00bfC\u00f3mo han estado durmiendo en cajones municipales durante esto \u00faltimos seis a\u00f1os los expedientes abiertos?<\/strong><\/p>\n<p><strong>*El Alcalde actual lleva en el ayuntamiento 19 a\u00f1os y form\u00f3 parte de equipos de gobiernos. \u00bfNunca conoci\u00f3 esta indisciplina urban\u00edstica?<\/strong><\/p>\n<p><strong>*\u00bfQu\u00e9 es esto de denuncia an\u00f3nima?<\/strong><\/p>\n<p><strong>\u00a0<\/strong><\/p>\n<p>Llevamos unas singladuras con la mar un poco revuelta, yo dir\u00eda de mar gruesa,\u00a0 a ra\u00edz de una denuncia \u201can\u00f3nima\u201d realizada ante la Fiscal\u00eda y Juzgados de la Capital placentina, sobre algunas construcciones realizadas en los \u00faltimos 30 a\u00f1os y que quieren centrar solo en un periodo muy limitado comprendido entre 2007 al 2011.<\/p>\n<p>Como yo no creo en las casualidades y con una mar tan movidita, algo me presumo maliciosamente que la pol\u00edtica anda por medio.<\/p>\n<p>El Alcalde actual, Fernando Pizarro Garc\u00eda, en reuni\u00f3n\u00a0 con algunos de\u00a0 los propietarios en la propia alcald\u00eda, les dice que no tiene m\u00e1s remedio que actuar por \u201cimperativo legal\u201d, como si se acabara de enterar.<\/p>\n<p>Recordamos a la ciudadan\u00eda que este asunto de las viviendas ilegales en la sierra de Santa B\u00e1rbara (Plasencia), lleva coleando desde hace unos 30 a\u00f1os aproximadamente, y todos los Alcaldes durante sus mandatos han mirado para otro lado a sabiendas de que se estaba construyendo sin<\/p>\n<p>&nbsp;<\/p>\n<p>licencia en esa parte de la sierra, perteneciente al t\u00e9rmino municipal de Plasencia, y por tanto sometido al PGU en vigor esos a\u00f1os.<\/p>\n<p>Ninguno hizo nada por mantener la disciplina urban\u00edstica y ninguno activ\u00f3 \u00a0el procedimiento de paralizaci\u00f3n de obras. La realidad nos dice que nada ocurri\u00f3, se siguieron construyendo hasta nuestros d\u00edas.<\/p>\n<p>La realidad es que parece que ha surgido desde que la Justicia se pone a investigar y sorprendentemente solo desde 2007 a 2011. Solo en el mandato de la Alcaldesa Elia Mar\u00eda Blanco Barbero. Es curioso, como si anteriormente y hasta 2017 no se hubiera construido nada sin licencia municipal y salt\u00e1ndose toda disciplina urban\u00edstica.<\/p>\n<p>Esto va de sorpresa en sorpresa. Los Planes Generales de Urbanismo nos pueden ir dando mucha luz al respecto. Hace 30 a\u00f1os ya hab\u00eda P.G.U y en la actualidad P.G.M, que ya ten\u00edan estudiado en sus fichas t\u00e9cnicas el desarrollo de esa \u00e1rea del t\u00e9rmino municipal lindante con la urbana.<\/p>\n<p>\u00bfSi no se pod\u00eda construir, por qu\u00e9 se permiti\u00f3? Seguro que algunos propietarios antes de construir lo consultaron con el departamento de urbanismo y con algunos de los\u00a0 Alcaldes respectivos y \u00bfpara donde mirar\u00edan si se decid\u00edan a construir? Seguro que algunos, por no decir la mayor\u00eda, se decidieron \u00a0a hacerlo viendo la dejadez y actitud pasiva y consentidora llevada de la palabra de sus Alcaldes.<\/p>\n<p>&nbsp;<\/p>\n<p>Tambi\u00e9n los informes de los t\u00e9cnicos municipales tendr\u00e1n mucho que decir\u00a0 en cuanto al asesoramiento que recibieron de ellos los Alcaldes respectivos. Pues los mismos t\u00e9cnicos estuvieron en el mandato de varios alcaldes.<\/p>\n<p>Ahora se quiere cargar sobre los Concejales delegados, que son eso, delegados nada m\u00e1s. Son los Alcaldes los verdaderos responsables finales de la resoluci\u00f3n de los expedientes urban\u00edsticos y de velar por la disciplina urban\u00edstica y hacer cumplir la normativa.<\/p>\n<p>&nbsp;<\/p>\n<p>&nbsp;<\/p>\n<p>\u00bfC\u00f3mo se explica\u00a0 \u00a0que en los \u00faltimos seis a\u00f1os expedientes de esa \u00e1rea llevaran durmiendo en cajones municipales y se desempolvan ahora y por instancia judicial?<\/p>\n<p>En realidad, vista la situaci\u00f3n, esto no ha hecho m\u00e1s que empezar y la mano pol\u00edtica se ve por todos lados a ra\u00edz de los comentarios vertidos por los propietarios en la reuni\u00f3n de vecinos afectados\u00a0 y que se celebr\u00f3 hace unas semanas en el Hotel \u201cCiudad del Jerte\u201d.<\/p>\n<p>Las declaraciones ante la justicia, de perjudicados, pol\u00edticos y t\u00e9cnicos municipales, nos van a ir dando pistas de c\u00f3mo se ha ido dejando morir este asunto hasta llegar a un punto de no retorno, aunque la Justicia, lentamente, pueda aclarar las responsabilidades habidas. Tendremos que esperar acontecimientos para que la singladura\u00a0 nos lleve a puerto con una mar en \u201ccalma chicha\u201d. Seguiremos los acontecimientos desde esta Cofa inquisidora.<\/p>\n<!-- AddThis Advanced Settings generic via filter on the_content --><!-- AddThis Share Buttons generic via filter on the_content -->","protected":false},"excerpt":{"rendered":"<p>LA CONSTRUCCI\u00d3N DE VIVIENDAS EN LA SIERRA DE SANTA BARBARA \u00a0 \u00a0 *\u00bfDejadez municipal durante estos \u00faltimos 30 a\u00f1os? *\u00bfQu\u00e9 fue de la disciplina urban\u00edstica? *\u00bfC\u00f3mo han estado durmiendo en cajones municipales durante esto \u00faltimos seis a\u00f1os los expedientes abiertos? *El Alcalde actual lleva en el ayuntamiento 19 a\u00f1os y form\u00f3 parte de equipos de [&hellip;]<!-- AddThis Advanced Settings generic via filter on get_the_excerpt --><!-- AddThis Share Buttons generic via filter on get_the_excerpt --><\/p>\n","protected":false},"author":44,"featured_media":0,"comment_status":"open","ping_status":"closed","sticky":false,"template":"","format":"standard","meta":[],"categories":[2],"tags":[940,941,942,943,944,949,952],"_links":{"self":[{"href":"https:\/\/blogs.hoy.es\/desdelacofa\/wp-json\/wp\/v2\/posts\/317"}],"collection":[{"href":"https:\/\/blogs.hoy.es\/desdelacofa\/wp-json\/wp\/v2\/posts"}],"about":[{"href":"https:\/\/blogs.hoy.es\/desdelacofa\/wp-json\/wp\/v2\/types\/post"}],"author":[{"embeddable":true,"href":"https:\/\/blogs.hoy.es\/desdelacofa\/wp-json\/wp\/v2\/users\/44"}],"replies":[{"embeddable":true,"href":"https:\/\/blogs.hoy.es\/desdelacofa\/wp-json\/wp\/v2\/comments?post=317"}],"version-history":[{"count":0,"href":"https:\/\/blogs.hoy.es\/desdelacofa\/wp-json\/wp\/v2\/posts\/317\/revisions"}],"wp:attachment":[{"href":"https:\/\/blogs.hoy.es\/desdelacofa\/wp-json\/wp\/v2\/media?parent=317"}],"wp:term":[{"taxonomy":"category","embeddable":true,"href":"https:\/\/blogs.hoy.es\/desdelacofa\/wp-json\/wp\/v2\/categories?post=317"},{"taxonomy":"post_tag","embeddable":true,"href":"https:\/\/blogs.hoy.es\/desdelacofa\/wp-json\/wp\/v2\/tags?post=317"}],"curies":[{"name":"wp","href":"https:\/\/api.w.org\/{rel}","templated":true}]}}