{"id":318,"date":"2017-04-21T11:38:48","date_gmt":"2017-04-21T11:38:48","guid":{"rendered":"http:\/\/blogs.hoy.es\/desdelacofa\/?p=318"},"modified":"2017-04-21T11:38:48","modified_gmt":"2017-04-21T11:38:48","slug":"avenida-martin-palomino-de-plasencia-el-cuento-de-nunca-acabar","status":"publish","type":"post","link":"https:\/\/blogs.hoy.es\/desdelacofa\/2017\/04\/21\/avenida-martin-palomino-de-plasencia-el-cuento-de-nunca-acabar\/","title":{"rendered":"AVENIDA MARTIN PALOMINO DE PLASENCIA, EL CUENTO DE NUNCA ACABAR"},"content":{"rendered":"<p><strong>AVENIDA MARTIN PALOMINO DE PLASENCIA, EL CUENTO DE NUNCA ACABAR <\/strong><\/p>\n<p><strong>\u00a0<\/strong><\/p>\n<p><strong>*Enga\u00f1o tras enga\u00f1o.<\/strong><\/p>\n<p><strong>*Informaci\u00f3n pol\u00edtica que confunde.<\/strong><\/p>\n<p><strong>*Problema enquistado por falta de iniciativa municipal.<\/strong><\/p>\n<p><strong>\u00a0<\/strong><\/p>\n<p>&nbsp;<\/p>\n<p>Rehacemos esta nueva singladura para recordar a los placentinos que llevamos m\u00e1s de tres d\u00e9cadas hablando de soluciones para esta entrada importante a la Ciudad y seguimos igual.<\/p>\n<p>El \u00faltimo impulso se debi\u00f3 a la Asociaci\u00f3n de Empresarios de esa Avenida, hace unos siete a\u00f1os, cuando al finalizar el mandato de la Alcaldesa Elia Mar\u00eda Blanco Barbero, esta Asociaci\u00f3n empez\u00f3 a manifestarse p\u00fablicamente con concentraciones e instalaci\u00f3n de carteles publicitarios a lo largo de esa Avenida.<\/p>\n<p>Se reunieron con la Alcaldesa y esta empez\u00f3 a moverse para intentar llegar a una soluci\u00f3n; pero su mandato acab\u00f3 y el gobierno regional tambi\u00e9n cambi\u00f3 su color pol\u00edtico y todo qued\u00f3 en suspenso.<\/p>\n<p>El nuevo gobierno regional salido de las urnas y con Monago de Presidente y el nuevo gobierno municipal con Fernando Pizarro Garc\u00eda de Alcalde, no se dieron por aludidos respecto a este problema heredado. Por tanto, ni en sus programas pol\u00edticos ni con su impulso para solucionar este grave problema lo dejaron dormir.<\/p>\n<p>La Asociaci\u00f3n empresarial, confiada en las gestiones realizadas por la anterior\u00a0 alcaldesa y visto que pasaba el tiempo y nadie mov\u00eda un dedo, volvi\u00f3 a movilizarse y a recordarle al nuevo y flameante Alcalde de la<\/p>\n<p>&nbsp;<\/p>\n<p>Capital placentina y con el Gobierno regional de su propio Partido que la Avda. Martin Palomino, sigu\u00eda en las mismas condiciones o quiz\u00e1s cada vez peor por el paso de los a\u00f1os.<\/p>\n<p>El Alcalde, al verse en la foto puesta a modo de protesta en mural publicitario, reaccion\u00f3 simulando hacer algo y as\u00ed disminuir el malestar de los vecinos residentes y empresarios de ese Distrito urbano.<\/p>\n<p>Es cuando empieza el \u201ctrilerismo\u201d del Alcalde con su soluci\u00f3n salom\u00f3nica que deber\u00eda pasar a tres bandas; es decir, las tres instituciones implicadas: Fomento, Consejer\u00eda y Ayuntamiento; aunque el propietario de la v\u00eda es el Ministerio de Fomento. Pero en este juego trilero se pasa toda la legislatura de Monago y Pizarro. Antes de finalizar la legislatura y para ir a las elecciones con algo bajo el brazo, hace un peque\u00f1o y medi\u00e1tico parip\u00e9 en el teatrillo\/despacho de la alcald\u00eda preparado para estos fines con el entonces Director General de carreteras de la Consejer\u00eda de Fomento con su consejero a la cabeza y un explicativo anteproyecto redactado para esta avenida.<\/p>\n<p>Pasada la euforia medi\u00e1tica Consejero\/Alcalde, se sigui\u00f3 con el juego trilero que tanto le gusta al Alcalde de Plasencia para entretener al \u201ctendido\u201d, ya un poco revuelto.<\/p>\n<p>Pasa toda esta primera legislatura \u00a0y nadie hace nada por solucionar este problema. El ex-Consejero de Fomento declara, como apoyo al Alcalde, que hab\u00eda dejado en los presupuestos de la Junta un recurso para la redacci\u00f3n del proyecto, pero la nueva Consejera que le sustituye no encuentra esa consignaci\u00f3n presupuestaria. Nuevamente se hace el juego trilero de Alcalde y Consejero.<\/p>\n<p>La tensi\u00f3n de vecinos y empresarios de ese Distrito, al sentirse nuevamente enga\u00f1ados, vuelven a movilizarse y es\u00a0 cuando el alcalde realiza una nueva partida trilera sacando de la manga reuniones al m\u00e1s alto nivel en el Ministerio de Fomento.<\/p>\n<p>&nbsp;<\/p>\n<p>&nbsp;<\/p>\n<p>&nbsp;<\/p>\n<p>Nadie supo de esas reuniones pero era necesario llevar algo en la rueda de prensa convocada para aplacar las movilizaciones sociales, con carteler\u00eda fotogr\u00e1fica incluida.<\/p>\n<p>Descubierto el enga\u00f1o, promueve otra \u00a0reuni\u00f3n de urgencia en el Ministerio con alg\u00fan Jefe de Servicios y se saca lo del borrador. Todo ello se une a la visita de la Ministra a nuestra regi\u00f3n que manifiesta que habr\u00e1 un borrador del convenio que tendr\u00e1n que firmar a tres bandas (Ministerio, Junta y Ayuntamiento).<\/p>\n<p>El Alcalde, muy impulsivo, da como resuelto el problema\u00a0 informando que en quince d\u00edas tendremos el borrador del convenio (ABR, 2016). Pasan y pasan los d\u00edas y meses y se vuelve a remover la Asociaci\u00f3n empresarial. Otra vez el Alcalde re\u00fane en su teatro\/despacho en dos sesiones a los empresarios en una y en otra al movimiento vecinal,\u00a0 inexistente\u00a0 pero para los fines que el alcalde quiere le vale, y se hace la foto con un presidente vecinal que dice representar a la FEPAVE; eso s\u00ed, con planos sobre la mesa para justificar y dar a entender que tiene el apoyo ciudadano.<\/p>\n<p>Pasan los meses y se saca de la manga otra bolita. La\u00a0 Ministra est\u00e1 en funciones y claro no puede hacer el borrador del convenio. Qu\u00e9 tendr\u00e1 que ver estar en funciones para gestionar el d\u00eda a d\u00eda del Ministerio. Pero claro como justificaci\u00f3n le ven\u00eda muy bien.<\/p>\n<p>Cambian de Ministro y el entrante tampoco sabe nada del borrador del convenio, pero no obstante lo deja para su pr\u00f3xima visita a la regi\u00f3n a primero de Febrero. Visita la regi\u00f3n y le recuerdan lo del convenio y lo deja para cuando llegue a Madrid y se re\u00fana con los t\u00e9cnicos del ministerio.<\/p>\n<p>Reunido con los t\u00e9cnicos se saca otra carta distinta a las anteriores y nos dice que para que haya convenio tiene que estar redactado el proyecto y as\u00ed conocer la valoraci\u00f3n.<\/p>\n<p>&nbsp;<\/p>\n<p>&nbsp;<\/p>\n<p>Aqu\u00ed se descubre la trifulca trilera y dejan al Alcalde de Plasencia al descubierto y sin protecci\u00f3n.<\/p>\n<p>La Junta se ha comprometido a redactar el proyecto pero la legalidad le obliga a tener una autorizaci\u00f3n del propietario de la v\u00eda que es el Ministerio de Fomento. Y as\u00ed seguimos los placentinos esperando que finalice su segundo mandato y el problema sin solucionar. Continuamos \u00a0sumando a\u00f1os.<\/p>\n<p>&nbsp;<\/p>\n<!-- AddThis Advanced Settings generic via filter on the_content --><!-- AddThis Share Buttons generic via filter on the_content -->","protected":false},"excerpt":{"rendered":"<p>AVENIDA MARTIN PALOMINO DE PLASENCIA, EL CUENTO DE NUNCA ACABAR \u00a0 *Enga\u00f1o tras enga\u00f1o. *Informaci\u00f3n pol\u00edtica que confunde. *Problema enquistado por falta de iniciativa municipal. \u00a0 &nbsp; Rehacemos esta nueva singladura para recordar a los placentinos que llevamos m\u00e1s de tres d\u00e9cadas hablando de soluciones para esta entrada importante a la Ciudad y seguimos igual. [&hellip;]<!-- AddThis Advanced Settings generic via filter on get_the_excerpt --><!-- AddThis Share Buttons generic via filter on get_the_excerpt --><\/p>\n","protected":false},"author":44,"featured_media":0,"comment_status":"open","ping_status":"closed","sticky":false,"template":"","format":"standard","meta":[],"categories":[2],"tags":[954,955,956,957,958,959,960,961],"_links":{"self":[{"href":"https:\/\/blogs.hoy.es\/desdelacofa\/wp-json\/wp\/v2\/posts\/318"}],"collection":[{"href":"https:\/\/blogs.hoy.es\/desdelacofa\/wp-json\/wp\/v2\/posts"}],"about":[{"href":"https:\/\/blogs.hoy.es\/desdelacofa\/wp-json\/wp\/v2\/types\/post"}],"author":[{"embeddable":true,"href":"https:\/\/blogs.hoy.es\/desdelacofa\/wp-json\/wp\/v2\/users\/44"}],"replies":[{"embeddable":true,"href":"https:\/\/blogs.hoy.es\/desdelacofa\/wp-json\/wp\/v2\/comments?post=318"}],"version-history":[{"count":0,"href":"https:\/\/blogs.hoy.es\/desdelacofa\/wp-json\/wp\/v2\/posts\/318\/revisions"}],"wp:attachment":[{"href":"https:\/\/blogs.hoy.es\/desdelacofa\/wp-json\/wp\/v2\/media?parent=318"}],"wp:term":[{"taxonomy":"category","embeddable":true,"href":"https:\/\/blogs.hoy.es\/desdelacofa\/wp-json\/wp\/v2\/categories?post=318"},{"taxonomy":"post_tag","embeddable":true,"href":"https:\/\/blogs.hoy.es\/desdelacofa\/wp-json\/wp\/v2\/tags?post=318"}],"curies":[{"name":"wp","href":"https:\/\/api.w.org\/{rel}","templated":true}]}}