{"id":319,"date":"2017-05-17T10:35:13","date_gmt":"2017-05-17T10:35:13","guid":{"rendered":"http:\/\/blogs.hoy.es\/desdelacofa\/?p=319"},"modified":"2017-05-17T10:35:13","modified_gmt":"2017-05-17T10:35:13","slug":"plasencia-madrid-sin-comunicacion-directa-por-linea-regular-de-autobus","status":"publish","type":"post","link":"https:\/\/blogs.hoy.es\/desdelacofa\/2017\/05\/17\/plasencia-madrid-sin-comunicacion-directa-por-linea-regular-de-autobus\/","title":{"rendered":"PLASENCIA &#8211; MADRID SIN COMUNICACI\u00d3N DIRECTA POR LINEA REGULAR DE AUTOBUS"},"content":{"rendered":"<p><strong>PLASENCIA \u2013 MADRID SIN COMUNICACI\u00d3N DIRECTA POR LINEA REGULAR DE AUTOBUS. <\/strong><\/p>\n<p><strong>\u00a0<\/strong><\/p>\n<p><strong>*Parece imposible, pero es real como la vida misma.<\/strong><\/p>\n<p><strong>*\u00bfQu\u00e9 han hecho las autoridades locales y regionales? Hasta ahora nada.<\/strong><\/p>\n<p><strong>*La Junta de Extremadura tiene competencias para la asignaci\u00f3n de l\u00edneas regulares de\u00a0\u00a0 transporte de pasajeros por carretera.<\/strong><\/p>\n<p>&nbsp;<\/p>\n<p>Iniciamos esta singladura con una sorpresa por mi parte. Me era imposible aceptar la informaci\u00f3n que me estaban haciendo llegar. Lo negu\u00e9 de una manera rotunda en principio. Pero \u00a0puesto en contacto con\u00a0 algunos de los usuarios, me pude dar cuenta de que la Cofa con este mar movido no era lugar tranquilo para seguir esta singladura. Se me cayeron \u00a0los palos del chozo al conocer la realidad de esta incomunicaci\u00f3n.<\/p>\n<p>Sigo sorprendido que ni el Alcalde de Plasencia, Fernando Pizarro Garc\u00eda, en sus casi siete a\u00f1os de gobierno de la Ciudad \u00a0y sus diecinueve en el Ayuntamiento como Concejal\u00a0 en oposici\u00f3n y\u00a0 en concejal\u00eda\u00a0 delegada, siga sin haber hecho nada por remediar este injusto olvido tanto de la administraci\u00f3n local como de la auton\u00f3mica.<\/p>\n<p>Las comunicaciones\u00a0 ferroviarias y las de pasajeros por carretera con la Capital de Espa\u00f1a, son vitales para el desarrollo en general de una Ciudad y particularmente la nuestra.<\/p>\n<p>Actualmente nuestra comunicaci\u00f3n por carretera de ida y vuelta con Madrid, hay que hacerla a trav\u00e9s del Valle de Plasencia (N-110) y \u00c1vila. Si se hace por la A-V procedente de Madrid, tienes que bajarte en<\/p>\n<p>Navalmoral\u00a0 y\u00a0 por tanto tienen que irte a buscar, ya que no hay una coordinaci\u00f3n de enlace de l\u00edneas de autobuses<\/p>\n<p>No me dir\u00e1n que no es vergonzoso para la Capital del Norte de Extremadura esta incomunicaci\u00f3n. Tambi\u00e9n el que ning\u00fan pol\u00edtico haya movido un dedo para su soluci\u00f3n. Debemos decir que estamos a poco m\u00e1s de dos horas de Madrid y todo por autov\u00eda para no poder mantener este enlace tan importante.<\/p>\n<p>De verdad no creen que es indignante que nuestros pol\u00edticos que cobran de los ciudadanos para resolver sus problemas, no est\u00e9n ni interesados ni preocupados por resolver este problema que afecta a la movilidad de los ciudadanos.<\/p>\n<p>Como a ellos no les afecta, pues les llevan y traen en coche oficial y adem\u00e1s se lo pagamos nosotros, pues no se enteran ni tratan de enterarse. Solamente se preocupan que les votemos. De resolver los problemas, eso les preocupa menos.<\/p>\n<p>Espero que despu\u00e9s de esta singladura si alg\u00fan pol\u00edtico ha le\u00eddo este Blog, inicie los movimientos pertinentes para que a trav\u00e9s de la Junta de Extremadura, porque de este Alcalde se espera poco, y dado que la Junta tiene las competencias para la asignaci\u00f3n de l\u00edneas regulares de viajeros, se d\u00e9 cuenta de esta injusticia para con Plasencia y determine la Consejer\u00eda correspondiente con la Empresa que tiene asignado y autorizado este servicio de transporte, para que a la mayor brevedad abra la l\u00ednea Plasencia-Madrid directa por Navalmoral que es la distancia m\u00e1s corta, pero sin anular la actual en servicio por \u00c1vila para quienes les interese coger ese itinerario.<\/p>\n<p>&nbsp;<\/p>\n<!-- AddThis Advanced Settings generic via filter on the_content --><!-- AddThis Share Buttons generic via filter on the_content -->","protected":false},"excerpt":{"rendered":"<p>PLASENCIA \u2013 MADRID SIN COMUNICACI\u00d3N DIRECTA POR LINEA REGULAR DE AUTOBUS. \u00a0 *Parece imposible, pero es real como la vida misma. *\u00bfQu\u00e9 han hecho las autoridades locales y regionales? Hasta ahora nada. *La Junta de Extremadura tiene competencias para la asignaci\u00f3n de l\u00edneas regulares de\u00a0\u00a0 transporte de pasajeros por carretera. &nbsp; Iniciamos esta singladura con [&hellip;]<!-- AddThis Advanced Settings generic via filter on get_the_excerpt --><!-- AddThis Share Buttons generic via filter on get_the_excerpt --><\/p>\n","protected":false},"author":44,"featured_media":0,"comment_status":"open","ping_status":"closed","sticky":false,"template":"","format":"standard","meta":[],"categories":[1],"tags":[965,967,964,963,962,966],"_links":{"self":[{"href":"https:\/\/blogs.hoy.es\/desdelacofa\/wp-json\/wp\/v2\/posts\/319"}],"collection":[{"href":"https:\/\/blogs.hoy.es\/desdelacofa\/wp-json\/wp\/v2\/posts"}],"about":[{"href":"https:\/\/blogs.hoy.es\/desdelacofa\/wp-json\/wp\/v2\/types\/post"}],"author":[{"embeddable":true,"href":"https:\/\/blogs.hoy.es\/desdelacofa\/wp-json\/wp\/v2\/users\/44"}],"replies":[{"embeddable":true,"href":"https:\/\/blogs.hoy.es\/desdelacofa\/wp-json\/wp\/v2\/comments?post=319"}],"version-history":[{"count":1,"href":"https:\/\/blogs.hoy.es\/desdelacofa\/wp-json\/wp\/v2\/posts\/319\/revisions"}],"predecessor-version":[{"id":320,"href":"https:\/\/blogs.hoy.es\/desdelacofa\/wp-json\/wp\/v2\/posts\/319\/revisions\/320"}],"wp:attachment":[{"href":"https:\/\/blogs.hoy.es\/desdelacofa\/wp-json\/wp\/v2\/media?parent=319"}],"wp:term":[{"taxonomy":"category","embeddable":true,"href":"https:\/\/blogs.hoy.es\/desdelacofa\/wp-json\/wp\/v2\/categories?post=319"},{"taxonomy":"post_tag","embeddable":true,"href":"https:\/\/blogs.hoy.es\/desdelacofa\/wp-json\/wp\/v2\/tags?post=319"}],"curies":[{"name":"wp","href":"https:\/\/api.w.org\/{rel}","templated":true}]}}