{"id":321,"date":"2017-06-12T12:01:02","date_gmt":"2017-06-12T12:01:02","guid":{"rendered":"http:\/\/blogs.hoy.es\/desdelacofa\/?p=321"},"modified":"2017-06-12T12:01:02","modified_gmt":"2017-06-12T12:01:02","slug":"el-numero-de-urgencias-091-de-la-policia-nacional-desaparece-de-plasencia","status":"publish","type":"post","link":"https:\/\/blogs.hoy.es\/desdelacofa\/2017\/06\/12\/el-numero-de-urgencias-091-de-la-policia-nacional-desaparece-de-plasencia\/","title":{"rendered":"EL N\u00daMERO DE URGENCIAS (091), DE LA POLIC\u00cdA NACIONAL, DESAPARECE DE PLASENCIA"},"content":{"rendered":"<p><strong>EL NUMERO DE URGENCIAS (091), DE LA POLICIA NACIONAL, DESAPARECE DE PLASENCIA <\/strong><\/p>\n<p>&nbsp;<\/p>\n<p><strong>*El 091 Desaparece en Plasencia para unificarse en C\u00e1ceres.<\/strong><\/p>\n<p><strong>*\u00bfPor qu\u00e9 no se unifica para toda la regi\u00f3n en Badajoz? Si el programa lo permite.<\/strong><\/p>\n<p><strong>*Se gana en eficiencia (ahorro) y se pierde en eficacia. \u00bfQu\u00e9 es m\u00e1s importante?<\/strong><\/p>\n<p><strong>*Plasencia sigue perdiendo \u00a0servicios.<\/strong><\/p>\n<p>&nbsp;<\/p>\n<p>Un servicio m\u00e1s que desaparece de la Capital placentina sin que ning\u00fan pol\u00edtico haya movido un dedo por evitarlo. Todo ello responde al programa \u201cS\u00e9neca\u201d de la Polic\u00eda Nacional, que intenta concentrar las llamadas de emergencias que los ciudadanos hacen a la Polic\u00eda sin tener en cuenta la dificultad que supone ser eficaces en la atenci\u00f3n policial al no conocer el operador la propia ciudad.<\/p>\n<p>Este Plan se basa en la mejora de la tecnolog\u00eda en los equipos de comunicaciones policiales y por tanto la optimizaci\u00f3n del servicio. Si as\u00ed fuese, \u00bfPor qu\u00e9 no se concentra todo el servicio en\u00a0 la Ciudad de Badajoz y as\u00ed se optimiza para toda la Regi\u00f3n si es eso lo que vamos buscando? Ahorro en personal.<\/p>\n<p>Los T\u00e9cnicos habr\u00e1n valorado la dificultad para operar sin conocer la Ciudad. Aunque \u00a0ellos nos dir\u00e1n que el operador solo pone en alerta al coche policial m\u00e1s pr\u00f3ximo al incidente o lugar de donde procede la llamada de urgencia del ciudadano.<\/p>\n<p>&nbsp;<\/p>\n<p>&nbsp;<\/p>\n<p>&nbsp;<\/p>\n<p>Si este razonamiento se da como v\u00e1lido, ser\u00eda m\u00e1s conveniente poner un solo servicio para toda la Regi\u00f3n y as\u00ed ahorramos \u00a0personal y no pierde su eficacia el servicio. Dado que el operador solo activa un distintivo policial pr\u00f3ximo al lugar de incidencia y que ve \u00a0en la planimetr\u00eda que le marca el ordenador en pantalla, pero\u00a0 la realidad es m\u00e1s compleja y la casu\u00edstica de no disponer de patrulla en ese momento mucho m\u00e1s. Pero no es as\u00ed, se quita de Plasencia para centralizarlo en C\u00e1ceres, este es el verdadero objetivo, no la eficacia en la atenci\u00f3n al ciudadano. Teniendo en cuenta\u00a0 que ambas Ciudades las separan \u00a0m\u00e1s de 80Kms., de distancia.<\/p>\n<p>Si la tecnolog\u00eda est\u00e1 tan avanzada por qu\u00e9 no desaparecen el\u00a0 091, 092,062 y 080 y solo nos quedamos con el 112. Para los ciudadanos ser\u00eda lo ideal, conocer solo un n\u00famero\u00a0 para\u00a0 emergencias. Adem\u00e1s seria un ahorro para las distintas administraciones, menos gasto p\u00fablico y sobre todo m\u00e1s personal para otros servicios.<\/p>\n<p>Como la tecnolog\u00eda lo permite, podr\u00edan\u00a0 estar interoperables y en tiempo real tanto la Polic\u00eda Nacional, Guardia Civil, Polic\u00eda Municipal y Bomberos y Servicios Sanitarios, manteniendo un solo servicio de emergencias.<\/p>\n<p>Ahorrar efectivos es\u00a0 el argumento dado por Polic\u00eda Nacional para centralizar el servicio. Nuestros amigos y seguidores de \u201cDesde la Cofa\u201d en Madrid, nos dicen que este mismo programa aplicado en Madrid, el primer d\u00eda colaps\u00f3 el sistema y tuvieron que irse a la aplicaci\u00f3n anterior y eso que en\u00a0 grandes ciudades como Madrid, Barcelona y Valencia es aplicable el programa cuando se refiere solo a la Ciudad misma. Los problemas aumentan\u00a0 cuando se integran otras Ciudades con calles, avenidas y plazas con nombres\u00a0\u00a0 iguales. Aqu\u00ed radica el problema y el programa no discrimina tiene que ser el operador y un solo operador y sin conocer la Ciudad aumenta en definitiva el tiempo de respuesta de la patrulla que tiene que acudir.<\/p>\n<p>&nbsp;<\/p>\n<p>&nbsp;<\/p>\n<p>&nbsp;<\/p>\n<p>&nbsp;<\/p>\n<p>Sus propios argumentos son validos solo para ellos. Ni Polic\u00eda Nacional ni Guardia Civil, aceptar\u00edan esa centralizaci\u00f3n del servicio de emergencias. Ya ven lo poco que les gusta un solo centro de emergencias como puede ser el 112 para toda la regi\u00f3n. Y aqu\u00ed s\u00ed que estar\u00edan centralizados todos los servicios de cara a la comodidad\u00a0 del\u00a0 ciudadano.<\/p>\n<p>Si queremos optimizar medios y personal de Polic\u00eda y Guardia Civil, el centralizar en un solo centro ser\u00eda lo ideal y lo m\u00e1s econ\u00f3mico. De lo contrario dejemos las cosas como estaban, pues su servicio lo hac\u00edan y eran m\u00e1s cercanos al ciudadano.<\/p>\n<p>El ahorro en personal en la Comisaria de Plasencia, al quitarle el servicio de la sala del 091, no modifica en nada importante \u00a0la ya escasa y deficitaria plantilla. La soluci\u00f3n a esta Comisaria pasa solamente por su reclasificaci\u00f3n a una de categor\u00eda superior para que\u00a0 as\u00ed se vea modificado su catalogo de puestos de trabajo con mayor n\u00famero de polic\u00edas en sus cinco Brigadas operativas y con una Direcci\u00f3n de la Comisaria con el empleo de Comisario.<\/p>\n<p>Todo lo dem\u00e1s que se haga ser\u00e1n parches para justificar lo injustificable. Con la clasificaci\u00f3n actual no pueden atender la demanda ciudadana de sus servicios por mucho que la Delegada del Gobierno quiera intentar ver.<\/p>\n<p>Tambi\u00e9n nos sorprende el silencio del Alcalde de Plasencia, Fernando Pizarro Garc\u00eda, que al\u00a0 llevarse otro servicio que se prestaba al ciudadano \u00a0se queda tan pancho, sin decir ni mu. Parece como si le gustase que la Ciudad siga perdiendo enteros y categor\u00eda para seguir llev\u00e1ndola a una de tercera categor\u00eda, sin tener en cuenta lo que representa y sobre todo ha representado en el concierto regional.<\/p>\n<p>&nbsp;<\/p>\n<p>&nbsp;<\/p>\n<p>&nbsp;<\/p>\n<!-- AddThis Advanced Settings generic via filter on the_content --><!-- AddThis Share Buttons generic via filter on the_content -->","protected":false},"excerpt":{"rendered":"<p>EL NUMERO DE URGENCIAS (091), DE LA POLICIA NACIONAL, DESAPARECE DE PLASENCIA &nbsp; *El 091 Desaparece en Plasencia para unificarse en C\u00e1ceres. *\u00bfPor qu\u00e9 no se unifica para toda la regi\u00f3n en Badajoz? Si el programa lo permite. *Se gana en eficiencia (ahorro) y se pierde en eficacia. \u00bfQu\u00e9 es m\u00e1s importante? *Plasencia sigue perdiendo [&hellip;]<!-- AddThis Advanced Settings generic via filter on get_the_excerpt --><!-- AddThis Share Buttons generic via filter on get_the_excerpt --><\/p>\n","protected":false},"author":44,"featured_media":0,"comment_status":"open","ping_status":"closed","sticky":false,"template":"","format":"standard","meta":[],"categories":[1],"tags":[968,972,974,973,971,970,969],"_links":{"self":[{"href":"https:\/\/blogs.hoy.es\/desdelacofa\/wp-json\/wp\/v2\/posts\/321"}],"collection":[{"href":"https:\/\/blogs.hoy.es\/desdelacofa\/wp-json\/wp\/v2\/posts"}],"about":[{"href":"https:\/\/blogs.hoy.es\/desdelacofa\/wp-json\/wp\/v2\/types\/post"}],"author":[{"embeddable":true,"href":"https:\/\/blogs.hoy.es\/desdelacofa\/wp-json\/wp\/v2\/users\/44"}],"replies":[{"embeddable":true,"href":"https:\/\/blogs.hoy.es\/desdelacofa\/wp-json\/wp\/v2\/comments?post=321"}],"version-history":[{"count":1,"href":"https:\/\/blogs.hoy.es\/desdelacofa\/wp-json\/wp\/v2\/posts\/321\/revisions"}],"predecessor-version":[{"id":322,"href":"https:\/\/blogs.hoy.es\/desdelacofa\/wp-json\/wp\/v2\/posts\/321\/revisions\/322"}],"wp:attachment":[{"href":"https:\/\/blogs.hoy.es\/desdelacofa\/wp-json\/wp\/v2\/media?parent=321"}],"wp:term":[{"taxonomy":"category","embeddable":true,"href":"https:\/\/blogs.hoy.es\/desdelacofa\/wp-json\/wp\/v2\/categories?post=321"},{"taxonomy":"post_tag","embeddable":true,"href":"https:\/\/blogs.hoy.es\/desdelacofa\/wp-json\/wp\/v2\/tags?post=321"}],"curies":[{"name":"wp","href":"https:\/\/api.w.org\/{rel}","templated":true}]}}