{"id":323,"date":"2017-07-12T11:49:17","date_gmt":"2017-07-12T11:49:17","guid":{"rendered":"http:\/\/blogs.hoy.es\/desdelacofa\/?p=323"},"modified":"2017-07-12T11:49:17","modified_gmt":"2017-07-12T11:49:17","slug":"el-fiasco-de-las-ferias-y-fiestas-de-plasencia","status":"publish","type":"post","link":"https:\/\/blogs.hoy.es\/desdelacofa\/2017\/07\/12\/el-fiasco-de-las-ferias-y-fiestas-de-plasencia\/","title":{"rendered":"EL FIASCO DE LAS FERIAS Y FIESTAS DE PLASENCIA"},"content":{"rendered":"<p><strong>\u00a0\u00a0\u00a0\u00a0\u00a0\u00a0\u00a0\u00a0 EL FIASCO DE LAS FERIAS Y FIESTAS DE PLASENCIA <\/strong><\/p>\n<p>&nbsp;<\/p>\n<p><strong>*Sobran\u00a0 los d\u00edas festivos.<\/strong><\/p>\n<p><strong>*Muchos altavoces colgados de los bares del centro.<\/strong><\/p>\n<p><strong>*El Gobierno Municipal sigue sin consensuar con los agentes sociales, industriales, comerciantes y vecinos el programa.<\/strong><\/p>\n<p><strong>*Los placentinos huyen en masa a las playas a disfrutar los cinco d\u00edas. <\/strong><\/p>\n<p><strong>\u00a0<\/strong><\/p>\n<p>&nbsp;<\/p>\n<p>Solo es cuesti\u00f3n de tiempo el que inexorablemente nos dir\u00e1 que hemos terminado con las Ferias y Fiestas de la capital placentina, que eran adem\u00e1s las Ferias y Fiestas de todo el Norte de Extremadura. Qu\u00e9 decir de la important\u00edsima Feria Taurina. Todo ello va en decadencia desde que el actual Alcalde de la Ciudad Fernando Pizarro Garc\u00eda, lleg\u00f3 al gobierno municipal. No solo lo decimos los que estamos embarcados en esta singladura o lo vemos desde la Cofa, sino que lo dice en general\u00a0\u00a0 la sociedad civil y en particular las Asociaciones empresariales, comerciantes, de hosteler\u00eda y vecinales, etc. Todos les dir\u00e1n si les preguntan lo mismo: \u201cLas Ferias est\u00e1n perdiendo fuelle y pujanza\u201d. L\u00f3gicamente algo est\u00e1 haciendo mal el ayuntamiento para que toda la ciudadan\u00eda coincida en lo mismo.<\/p>\n<p>Las Ferias y Fiestas de la Ciudad, se est\u00e1n convirtiendo en un permanente Botell\u00f3n en el centro de la Ciudad a partir de las 16,00h hasta el amanecer.\u00a0 Todo a gusto del alcalde que prefiere que las Ferias sean un Botell\u00f3n y nada m\u00e1s que Botell\u00f3n.<\/p>\n<p>Por eso no hay nadie en el centro urbano; los vecinos que quedan se van a otros Distritos de la Ciudad donde hay un cierto ambiente de Ferias, con menos ruidos, mas econ\u00f3micas las consumiciones, pueden hacer tertulias y divertirse con sus charangas, pero ojo que las pagan los hosteleros no el<\/p>\n<p>&nbsp;<\/p>\n<p>&nbsp;<\/p>\n<p>Ayuntamiento. El centro de lo \u00fanico que se llena a partir de las 16,00h es de j\u00f3venes que una vez levantados de la cama y almuerzan, salen nuevamente a continuar un nuevo botell\u00f3n reducido en la Plaza Mayor pero lleno en los aleda\u00f1os (Plaza de San Martin, Plaza de San Esteban, Plaza de las Catedrales, etc.) y as\u00ed hasta el amanecer.<\/p>\n<p>Con esto la autoridad municipal propicia un solo tipo de Ferias\/botell\u00f3n. Detalle importante: solo consensua esta actividad con algunos hosteleros no con todos, con nadie m\u00e1s, dado el\u00a0 talante democr\u00e1tico del Alcalde y el de su concejal de festejos que entiende la democracia como la aceptaci\u00f3n de todo lo que decidan ambos. No les gusta que le contradigan porque\u00a0 el que lo hace \u201cle odia\u201d. As\u00ed es el talante democr\u00e1tico de Fernando Pizarro Garc\u00eda. Eso si cobran el sueldo que le pagamos los placentinos y eso si les gusta.<\/p>\n<p>Consensuar sus decisiones y conocer los pareceres de la sociedad civil en general y de las Asociaciones de Vecinos, Comerciantes y Hosteleros, en particular, esto ya les gusta menos y por tanto no lo hacen. Bueno solo algunos (dos o tres) que le r\u00eden la gracia y con estos s\u00ed. Luego en rueda de prensa se les llena la boca de programa consensuado y \u00a0que los placentinos nos lo creemos.<\/p>\n<p>Las Ferias y Fiestas no son solo para los j\u00f3venes con su Botell\u00f3n, sino para todos los ciudadanos con una programaci\u00f3n acorde para todos. Ruido no es igual a fiestas. Con ruido las personas no van a fiestas. Ejemplo lo tenemos en las Ferias de Sevilla, donde hay alegr\u00eda y baile de sevillanas y las personas no est\u00e1n molestas; pueden hablar, tertulear y sin que nadie se moleste ni molesten y todos contentos. Adem\u00e1s todo ello se desarrolla en el Ferial como epicentro de las actividades feriales. Aqu\u00ed cambian el ferial por Plaza Mayor y aleda\u00f1os.<\/p>\n<p>Por eso se da la paradoja que el ferial est\u00e1 vac\u00edo de actividades feriales y lo sustituye un botell\u00f3n en pleno casco hist\u00f3rico. De esta forma mantenemos el habitual botell\u00f3n de los fines de semana a lo largo del<\/p>\n<p>&nbsp;<\/p>\n<p>&nbsp;<\/p>\n<p>a\u00f1o, transformado ahora en ferial. Debemos recordar que desde hace siete a\u00f1os \u00a0lo desplazo el actual Alcalde al casco hist\u00f3rico, en vez de llevarlo como lo han hecho otras ciudades extreme\u00f1as a un recinto m\u00e1s alejado, que no moleste al vecindario y \u00a0con las garant\u00edas de seguridad para que los j\u00f3venes disfruten de su ocio.<\/p>\n<p>Pero las Ferias y Fiestas\u00a0 tienen otro problema a\u00f1adido y que le est\u00e1 haciendo mucho da\u00f1o y son los dos d\u00edas festivos. Ni la propia Feria de Sevilla tiene\u00a0 festivos. Tampoco en la de Plasencia\u00a0 los tuvo\u00a0 y fue una gran Feria de referencia en el Norte de Extremadura y provincias lim\u00edtrofes.<\/p>\n<p>Con estos festivos acumulados al fin de semana, hacen que el \u00e9xodo de familias placentinas a las playas sea numeroso.<\/p>\n<p>Otra se\u00f1a de identidad de la Capital placentina, fue la Feria Taurina, reconocida no solo en la regi\u00f3n sino considerada y valorada muy positivamente en el resto de la Naci\u00f3n y provincias lim\u00edtrofes. Atra\u00edan a un gran n\u00famero de aficionados por sus carteles a\u00fan estando clasificada la plaza en tercera categor\u00eda. Fue el Alcalde Jos\u00e9 Luis D\u00edaz que con gran acierto consigui\u00f3 el cambio de clasificaci\u00f3n a\u00a0 Plaza de segunda al igual que es resto de las capitales de provincia a excepci\u00f3n de las clasificadas de primera que son muy pocas. Con ello se le reconoci\u00f3 la importancia de su feria taurina.<\/p>\n<p>Pues bien ni esta clasificaci\u00f3n\u00a0 ha servido a los actuales pol\u00edticos en el gobierno municipal para darle el empaque y la categor\u00eda que merece la Plaza y los placentinos.<\/p>\n<p>Es verdad que el reglamento prev\u00e9 la presidencia de la misma al alcalde o delegado o un funcionario policial de la Escala Ejecutiva. Cualquier ciudad que se precie con segunda categor\u00eda, siempre preside el funcionario policial. Aqu\u00ed nuestro alcalde con mentalidad paleta y aptitud pol\u00edtica interesada, quiere que la presida un pol\u00edtico. Debe parecerle importante<\/p>\n<p>&nbsp;<\/p>\n<p>&nbsp;<\/p>\n<p>&nbsp;<\/p>\n<p>A modo de\u00a0 circo romano y repartir orejas a \u201ctuti plen\u201d para quedar bien ante el electorado. Pero eso no es la fiesta ni cumplimiento de su reglamento. Los trofeos hay que darlos de acuerdo a una actuaci\u00f3n que el matador debe cumplir. No se puede utilizar esta plaza para subir en el escalaf\u00f3n. As\u00ed no se hace afici\u00f3n.<\/p>\n<p>Se han dado cuenta tambi\u00e9n que ya no viene ninguno de los periodistas especializados y que hac\u00edan las cr\u00f3nicas de las corridas para su peri\u00f3dico y manten\u00edan una tertulia durante su estancia en la Capital placentina. Todo ello nos debe ir dando pistas de lo mal que se est\u00e1 programando la feria taurina.<\/p>\n<p>Desde esta Cofa, hemos contactado con distintas agrupaciones empresariales, del comercio, hosteler\u00eda y vecinales y todos nos indican lo mismo: No a los d\u00edas festivos, programaci\u00f3n atractiva para todos los segmentos de edad, que el ferial sea el centro de actividades feriales, mayor numero de casetas de Pe\u00f1as, feria taurina de calidad con tres corridas; la de rejones se puede hacer mixta con una figura del toreo a pi\u00e9, arcos luminosos repartidos por la Ciudad que inviten a ferias, Zarzuela o Comedias en Teatro Alc\u00e1zar, etc.\u00a0 Y todo ello consensuado con Asociaciones de Empresario, Comerciantes, Hosteler\u00eda y Vecinos, es decir con los ciudadanos en general. No como se est\u00e1 haciendo ahora que el concejal\u00a0 y dos empresarios de hosteler\u00eda con negocios en la Plaza Mayor, decidan como \u201cJuan palomo\u201d.<\/p>\n<p>Por eso los placentinos se marchan al ver que el ferial no es ferial, la Plaza Mayor y aleda\u00f1os convertida en botell\u00f3n \u00a0y sala de conciertos hasta el amanecer, la feria taurina bajando de clase y categor\u00eda con el reparto masivo de entradas gracias a la subvenci\u00f3n, el Teatro Alc\u00e1zar sin programaci\u00f3n especial (Zarzuela, teatro cl\u00e1sico, etc.), no hay casetas en el ferial que tanta fuerza y animaci\u00f3n daban y que este Alcalde\u00a0 y concejal de fiestas se las han ido cargando por su incapacidad para impulsarlas<\/p>\n<p>&nbsp;<\/p>\n<p>&nbsp;<\/p>\n<p>&nbsp;<\/p>\n<p>Si se sigue con esta pol\u00edtica municipal de no escuchar a la ciudadan\u00eda y seguir haciendo de su capa un sayo, las Ferias y Fiestas de Plasencia terminaran desapareciendo. Todo es cuesti\u00f3n de tiempo.<\/p>\n<p>Democracia Alcalde, es el gobierno del pueblo y hay que escucharlo sobre todo, cuando la decadencia de las Ferias est\u00e1 siendo tan palpable por el descontento general de los placentinos.<\/p>\n<!-- AddThis Advanced Settings generic via filter on the_content --><!-- AddThis Share Buttons generic via filter on the_content -->","protected":false},"excerpt":{"rendered":"<p>\u00a0\u00a0\u00a0\u00a0\u00a0\u00a0\u00a0\u00a0 EL FIASCO DE LAS FERIAS Y FIESTAS DE PLASENCIA &nbsp; *Sobran\u00a0 los d\u00edas festivos. *Muchos altavoces colgados de los bares del centro. *El Gobierno Municipal sigue sin consensuar con los agentes sociales, industriales, comerciantes y vecinos el programa. *Los placentinos huyen en masa a las playas a disfrutar los cinco d\u00edas. \u00a0 &nbsp; Solo [&hellip;]<!-- AddThis Advanced Settings generic via filter on get_the_excerpt --><!-- AddThis Share Buttons generic via filter on get_the_excerpt --><\/p>\n","protected":false},"author":44,"featured_media":0,"comment_status":"open","ping_status":"closed","sticky":false,"template":"","format":"standard","meta":[],"categories":[1],"tags":[979,977,978,976,975],"_links":{"self":[{"href":"https:\/\/blogs.hoy.es\/desdelacofa\/wp-json\/wp\/v2\/posts\/323"}],"collection":[{"href":"https:\/\/blogs.hoy.es\/desdelacofa\/wp-json\/wp\/v2\/posts"}],"about":[{"href":"https:\/\/blogs.hoy.es\/desdelacofa\/wp-json\/wp\/v2\/types\/post"}],"author":[{"embeddable":true,"href":"https:\/\/blogs.hoy.es\/desdelacofa\/wp-json\/wp\/v2\/users\/44"}],"replies":[{"embeddable":true,"href":"https:\/\/blogs.hoy.es\/desdelacofa\/wp-json\/wp\/v2\/comments?post=323"}],"version-history":[{"count":1,"href":"https:\/\/blogs.hoy.es\/desdelacofa\/wp-json\/wp\/v2\/posts\/323\/revisions"}],"predecessor-version":[{"id":324,"href":"https:\/\/blogs.hoy.es\/desdelacofa\/wp-json\/wp\/v2\/posts\/323\/revisions\/324"}],"wp:attachment":[{"href":"https:\/\/blogs.hoy.es\/desdelacofa\/wp-json\/wp\/v2\/media?parent=323"}],"wp:term":[{"taxonomy":"category","embeddable":true,"href":"https:\/\/blogs.hoy.es\/desdelacofa\/wp-json\/wp\/v2\/categories?post=323"},{"taxonomy":"post_tag","embeddable":true,"href":"https:\/\/blogs.hoy.es\/desdelacofa\/wp-json\/wp\/v2\/tags?post=323"}],"curies":[{"name":"wp","href":"https:\/\/api.w.org\/{rel}","templated":true}]}}