{"id":325,"date":"2017-07-27T11:06:43","date_gmt":"2017-07-27T11:06:43","guid":{"rendered":"http:\/\/blogs.hoy.es\/desdelacofa\/?p=325"},"modified":"2017-07-27T11:06:43","modified_gmt":"2017-07-27T11:06:43","slug":"dos-anos-de-la-segunda-legislatura-de-fernando-pizarro-garcia-como-alcalde-de-plasencia","status":"publish","type":"post","link":"https:\/\/blogs.hoy.es\/desdelacofa\/2017\/07\/27\/dos-anos-de-la-segunda-legislatura-de-fernando-pizarro-garcia-como-alcalde-de-plasencia\/","title":{"rendered":"DOS A\u00d1OS DE LA SEGUNDA LEGISLATURA DE FERNANDO PIZARRO GARC\u00cdA, COMO ALCALDE DE PLASENCIA"},"content":{"rendered":"<p><strong>DOS A\u00d1OS DE LA SEGUNDA LEGISLATURA DE FERNANDO PIZARRO GARCIA, COMO ALCALDE DE PLASENCIA. <\/strong><\/p>\n<p>&nbsp;<\/p>\n<p>&nbsp;<\/p>\n<p><strong>*Dos a\u00f1os de su segunda legislatura y ning\u00fan proyecto de Ciudad.<\/strong><\/p>\n<p><strong>*Buena gesti\u00f3n en la previsi\u00f3n de fondos europeos por una cantidad de 10M.<\/strong><\/p>\n<p><strong>*La totalidad de los proyectos que \u00e9l se atribuye pertenecen a legislaturas anteriores.<\/strong><\/p>\n<p><strong>*Ninguna iniciativa o impulso a proyectos que hagan Ciudad.<\/strong><\/p>\n<p>&nbsp;<\/p>\n<p>Llegamos al ecuador de la segunda legislatura del actual Alcalde de Plasencia. Vamos a intentar hacer una singladura reposada para demostrar al regidor placentino \u00a0que nada de lo que dice haber conseguido ha sido de su iniciativa o impulso.<\/p>\n<p>Ya me gustar\u00eda comentar gestiones\u00a0 realizadas que supusieran un impulso en proyectos de Ciudad para la Capital placentina. Me estoy refiriendo a proyectos del gobierno central y del auton\u00f3mico.<\/p>\n<p>Pero me temo que no podr\u00e9 glosar ninguno. Si se caracteriza algo este Alcalde es por su inacci\u00f3n en la gesti\u00f3n de los asuntos municipales de importancia y que excedan de la propia Ciudad.<\/p>\n<p>Pero como los seguidores de este Blog \u201cDesde la Cofa\u201d ya conocen, solo vamos a analizar los que el propio Alcalde hizo p\u00fablico a trav\u00e9s del peri\u00f3dico \u201cHOY\u201d el pasado 29.06.2017 Solemnidad de San Pedro y San Pablo, para analizar estos dos a\u00f1os de su segunda legislatura al frente del Ayuntamiento de Plasencia.<\/p>\n<p>El propio alcalde habla de lograr reivindicaciones con m\u00e1s \u201cde 50 a\u00f1os de historia\u201d y que \u201cha conseguido poner en marcha\u201d y que han sido dos a\u00f1os \u201cmuy positivos\u201d, \u201dproyectos de especial relevancia\u201d; pues bien vamos a intentar demostrarle \u00a0que no son suyos.<\/p>\n<p>1\u00ba.- Sobre\u00a0 Avda. Martin Palomino, proyecto ya reivindicado por el que fuera Alcalde Jos\u00e9 Luis D\u00edaz y al que el Ministerio de Fomento nunca le prest\u00f3 atenci\u00f3n. Digo m\u00e1s, cuando se interes\u00f3 un poco, quer\u00eda que el peso econ\u00f3mico fuerte recargarlo sobre el Ayuntamiento. A lo que el Alcalde con buen criterio se neg\u00f3.<\/p>\n<p>Con Alcaldes anteriores ya se hab\u00edan mantenido gestiones pero con resultados negativos. Fue con la Alcaldesa Elia Mar\u00eda Blanco, y a instancia de la Asociaci\u00f3n de empresarios del Pol\u00edgono Industrial, y casi al final de su segunda legislatura, cuando se empez\u00f3 nuevamente a mover\u00a0 el estado de esta Avenida que da entrada a la Ciudad por el pol\u00edgono industrial.<\/p>\n<p>Al tomar posesi\u00f3n de la alcald\u00eda en Julio de 2011, le vuelven a poner sobre la mesa\u00a0 la misma asociaci\u00f3n empresarial el problema de Martin Palomino, nunca fue a iniciativa de la alcald\u00eda. Pasa la legislatura y dice haber hecho muchas gestiones a nivel ministerial pero sin resultados. Y al final de la misma se saca de la manga lo del arreglo a tres bandas.<\/p>\n<p>Comienza su segunda legislatura con el mantra del \u201cborrador\u201d y es cuando la Junta de Extremadura se decide a cofinanciarlo y el Ministerio ya lo toma m\u00e1s en serio. Llegamos a la actualidad y todav\u00eda no se ha visto el borrador del convenio cuando lo publicito por activa y pasiva, de que en quince d\u00edas estar\u00eda (m\u00e1s de un a\u00f1o) y nada de nada. La junta le pide la firma del convenio al Ministerio y todav\u00eda lo est\u00e1 redactando. Dice el Alcalde que en los PGE aprobados en Mayo de 2017 llevan ya una asignaci\u00f3n para dar soluci\u00f3n a este hist\u00f3rico problema.<\/p>\n<p>2\u00ba.-Fondos europeos. Aqu\u00ed s\u00ed que tenemos que decir que se han movido e impulsado. Gracias al rigor, esfuerzo y tes\u00f3n de la T\u00e9cnico municipal responsable, al final se ha conseguido financiaci\u00f3n europea con un montante de 10M.<\/p>\n<p>3\u00ba.- Los dos proyectos con financiaci\u00f3n europea: La Residencia de Mayores en los Pabellones militares es iniciativa del antiguo partido UPEX ahora C`s y que lo llevo en su programa. Referente a los dos aparcamientos el del Puente de Trujillo se debe a iniciativas de alcaldes anteriores. El de Sor Valentina Mir\u00f3n (calle paralela),\u00a0 ese s\u00ed se debe a su impulso debido a las protestas de vecinos y comerciantes por la falta de aparcamientos al remodelar\u00a0 esa calle.<\/p>\n<p>4\u00ba.- Estaci\u00f3n Depuradora de aguas residuales. Tampoco es iniciativa suya. Esto viene estudi\u00e1ndose por la CHT desde la primera legislatura de Elia Mar\u00eda Blanco, debido al gran volumen de agua que tiene que depurar con el a\u00f1adido del colector del Valle de Plasencia que recoge todas las aguas sucias de los pueblos del Valle y pasan a los colectores de la Ciudad. Por tanto, lo de \u201chemos conseguido convencer al Ministerio de Medio Ambiente\u201d, no es exacto. El Ministerio conoc\u00eda perfectamente la necesidad de ampliaci\u00f3n de esta depuradora. Es m\u00e1s, lo que no consigui\u00f3 fue el\u00a0 alejarla m\u00e1s de su actual emplazamiento dado los olores que produce en algunos momentos y denuncian los vecinos del Berrocal.<\/p>\n<p>5\u00ba.- Colegio de la Huertas de la Isla. Tampoco es suyo. Esto lo estudiaba \u00a0ya del PGOU de 1997, como soluci\u00f3n a una gran Plaza frente a la Torre \u00a0Lucia (extra muro)\u00a0 al trasladar el colegio Alfonso VIII y alineaci\u00f3n\u00a0 de la Avda. Jos\u00e9 Antonio (ahora La Salle) al trasladar el colegio Ram\u00f3n y Cajal, ambos a las Huertas de la Isla. Pero como las sentencia de las Huertas se hicieron p\u00fablicas\u00a0 en su mandato es cuando ha podido actuar. El art\u00edfice de todo este planeamiento urban\u00edstico se debe al recordado Alcalde Serrano Pino.<\/p>\n<p>6\u00ba.- Desdoblamiento carretera Montehermoso. Tampoco se debe a su impulso e iniciativa. Este desdoblamiento se debe a la Alcaldesa Elia Mar\u00eda Blanco, que pudo sacar de la Junta de Extremadura en la primera legislatura del Presidente\u00a0 Fern\u00e1ndez Vara, \u00a0desdoblar el acceso Oeste desde la A-66(PLASENCIA-OESTE) hasta la Ciudad. Eso si, le toca como\u00a0 Alcalde el estar en la inauguraci\u00f3n y ayudar a cortar la cinta.<\/p>\n<p>7\u00ba.- Infraestructura ferroviaria. Lamenta la falta de infraestructura pero no propone nada de soluciones a la misma. Sigue sin decir nada del apeadero en Retortillo\u00a0 que Adif tiene para Plasencia una vez que haya AVE. Aunque provisionalmente se usara la actual estaci\u00f3n. Pero tampoco dice nada de la conexi\u00f3n con la v\u00eda principal AVE desde la actual estaci\u00f3n que se encuentra en fondo de saco. La soluci\u00f3n Bypass que se admiti\u00f3 para M\u00e9rida que tambi\u00e9n su estaci\u00f3n se encuentra en fondo de saco de la v\u00eda principal AVE, no se ha sostenido para Plasencia. Adif mantiene como apeadero de Plasencia en Retortillo. De todo esto nada se le ha o\u00eddo decir \u00a0al Alcalde. Aunque se apropi\u00f3, tambi\u00e9n como suyo \u00a0la determinaci\u00f3n de Adif en mantener la estaci\u00f3n en su actual situaci\u00f3n\u00a0 para los trenes r\u00e1pidos en circulaci\u00f3n en el 2020.<\/p>\n<p>8\u00ba.- Palacio de Congresos y Exposiciones. Tampoco lo impuls\u00f3. Es m\u00e1s, lo critic\u00f3 el que con esta infraestructura se beneficiar\u00eda a Plasencia, siguiendo a su Jefe pol\u00edtico y Presidente Monago en su legislatura (paralizado). Ahora dice lo contrario y hasta que servir\u00e1 para desarrollo de la Ciudad. Ya ven el cambio dado. De no quererlo a que ser\u00e1 un impulsor del desarrollo tur\u00edstico.<\/p>\n<p>9\u00ba.-Desempleo. En sus dos legislaturas es cuando la Ciudad ha tenido el mayor n\u00famero de desempleados. Evidentemente ni \u00e9l ha hecho nada por reducirlo ni la Ciudad ha desarrollado tejido suficiente para reducir el desempleo. El paro ha bajado gracia a las pol\u00edticas sociales de empleo de la Junta de Extremadura y a la salida de la crisis econ\u00f3mica.<\/p>\n<p>10\u00ba.- Nuevas Empresas. Si ha hecho campa\u00f1a para contactar con empresarios interesados en instalarse en Plasencia, han debido ser tan oscuras, que ninguna se ha instalado. Pregunten a los empresarios instalados en el Pol\u00edgono Industrial.<\/p>\n<p>11\u00ba.- Residencia de Mayores. No se debe al Alcalde, es \u00a0la iniciativa privada la que quiere desarrollar su proyecto dedicado al \u00e1mbito de la dependencia y que quiere instalarse en la Ciudad construyendo \u00a0una Residencia \u00a0privada de Mayores.<\/p>\n<p>Ya ven, tan solo una iniciativa de las once que dice que ha conseguido en su mandato y que fueron recogidas por el peri\u00f3dico HOY. Hasta ahora, no conocemos iniciativa o impulso a alg\u00fan proyecto de Ciudad y que tan necesitados estamos. Nada de los acceso\u00a0 desde la A-66 a la Ciudad (Plasencia-Norte y Plasencia-Sur), m\u00e1s servicios administrativos del Gobierno central y auton\u00f3mico, Plan director de la muralla, Matadero, seguimos sin l\u00ednea directa de autob\u00fas con Madrid, reapertura de la l\u00ednea ferroviaria Plasencia-Astorga \u00a0que tanto ayudar\u00eda al desarrollo del Norte de Extremadura, Puerto Seco para el transporte de mercanc\u00edas por ferrocarril, etc.etc.! Hay que trabajar mucho m\u00e1s para el bien de la Ciudad y sus ciudadanos!<\/p>\n<!-- AddThis Advanced Settings generic via filter on the_content --><!-- AddThis Share Buttons generic via filter on the_content -->","protected":false},"excerpt":{"rendered":"<p>DOS A\u00d1OS DE LA SEGUNDA LEGISLATURA DE FERNANDO PIZARRO GARCIA, COMO ALCALDE DE PLASENCIA. &nbsp; &nbsp; *Dos a\u00f1os de su segunda legislatura y ning\u00fan proyecto de Ciudad. *Buena gesti\u00f3n en la previsi\u00f3n de fondos europeos por una cantidad de 10M. *La totalidad de los proyectos que \u00e9l se atribuye pertenecen a legislaturas anteriores. *Ninguna iniciativa [&hellip;]<!-- AddThis Advanced Settings generic via filter on get_the_excerpt --><!-- AddThis Share Buttons generic via filter on get_the_excerpt --><\/p>\n","protected":false},"author":44,"featured_media":0,"comment_status":"open","ping_status":"closed","sticky":false,"template":"","format":"standard","meta":[],"categories":[1],"tags":[981,980,982,983,984],"_links":{"self":[{"href":"https:\/\/blogs.hoy.es\/desdelacofa\/wp-json\/wp\/v2\/posts\/325"}],"collection":[{"href":"https:\/\/blogs.hoy.es\/desdelacofa\/wp-json\/wp\/v2\/posts"}],"about":[{"href":"https:\/\/blogs.hoy.es\/desdelacofa\/wp-json\/wp\/v2\/types\/post"}],"author":[{"embeddable":true,"href":"https:\/\/blogs.hoy.es\/desdelacofa\/wp-json\/wp\/v2\/users\/44"}],"replies":[{"embeddable":true,"href":"https:\/\/blogs.hoy.es\/desdelacofa\/wp-json\/wp\/v2\/comments?post=325"}],"version-history":[{"count":1,"href":"https:\/\/blogs.hoy.es\/desdelacofa\/wp-json\/wp\/v2\/posts\/325\/revisions"}],"predecessor-version":[{"id":326,"href":"https:\/\/blogs.hoy.es\/desdelacofa\/wp-json\/wp\/v2\/posts\/325\/revisions\/326"}],"wp:attachment":[{"href":"https:\/\/blogs.hoy.es\/desdelacofa\/wp-json\/wp\/v2\/media?parent=325"}],"wp:term":[{"taxonomy":"category","embeddable":true,"href":"https:\/\/blogs.hoy.es\/desdelacofa\/wp-json\/wp\/v2\/categories?post=325"},{"taxonomy":"post_tag","embeddable":true,"href":"https:\/\/blogs.hoy.es\/desdelacofa\/wp-json\/wp\/v2\/tags?post=325"}],"curies":[{"name":"wp","href":"https:\/\/api.w.org\/{rel}","templated":true}]}}